{"id":50326,"date":"2014-11-21T04:04:29","date_gmt":"2014-11-21T03:04:29","guid":{"rendered":"http:\/\/stockportal.hu\/?p=50326"},"modified":"2014-11-20T21:16:06","modified_gmt":"2014-11-20T20:16:06","slug":"ukran-valsag-a-szakadarok-volt-vedelmi-minisztere-szerint-o-robbantotta-ki-a-kelet-ukrajnai-haborut","status":"publish","type":"post","link":"https:\/\/gazdasagportal.hu\/index.php\/ukran-valsag-a-szakadarok-volt-vedelmi-minisztere-szerint-o-robbantotta-ki-a-kelet-ukrajnai-haborut\/","title":{"rendered":"Ukr\u00e1n v\u00e1ls\u00e1g &#8211; A szakad\u00e1rok volt v\u00e9delmi minisztere szerint \u0151 robbantotta ki a kelet-ukrajnai h\u00e1bor\u00fat"},"content":{"rendered":"<p><strong>A donyecki szakad\u00e1rok volt &#8222;v\u00e9delmi minisztere&#8221; egy cs\u00fct\u00f6rt\u00f6ki lapinterj\u00faban elismerte, hogy \u0151 \u00e9s csapata n\u00e9lk\u00fcl nem fordult volna a szeparatista megmozdul\u00e1s v\u00e9res h\u00e1bor\u00faba Kelet-Ukrajn\u00e1ban.<br \/>\n<\/strong><!--more--><\/p>\n<div class=\"ads-in-post1\"><div id=\"gazdasagportal.hu_fullbanner_wideboard\"><\/div>\r\n<\/div>\n    Igor Girkin orosz h\u00edrszerz\u0151 \u00fcgyn\u00f6k &#8211; aki Sztrelkov n\u00e9ven v\u00e1lt ismertt\u00e9 el\u0151bb mint a donyecki szakad\u00e1r fegyveresek parancsnoka, k\u00e9s\u0151bb, mint az \u00f6nhatalm\u00falag kiki\u00e1ltott &#8222;n\u00e9pk\u00f6zt\u00e1rsas\u00e1g v\u00e9delmi minisztere&#8221; &#8211; a kezdetekt\u0151l vezet\u0151 szerepet j\u00e1tszott az oroszbar\u00e1t fegyveres szakad\u00e1rok megszervez\u00e9s\u00e9ben \u00e9s ir\u00e1ny\u00edt\u00e1s\u00e1ban. Augusztus k\u00f6zep\u00e9n t\u00e1vozott a &#8222;v\u00e9delmi miniszteri&#8221; posztr\u00f3l.<br \/>\n    A Zavtra (Holnap) c\u00edm\u0171 orosz jobboldali radik\u00e1lis lapnak adott nyilatkozat\u00e1ban &#8211; amelyet az UNIAN ukr\u00e1n h\u00edr\u00fcgyn\u00f6ks\u00e9g ismertetett &#8211; \u00fagy v\u00e9lekedett, hogy ha csapat\u00e1val egy\u00fctt nem ment volna \u00e1t Oroszorsz\u00e1gb\u00f3l Ukrajn\u00e1ba, a szeparatista megmozdul\u00e1sok Donyeck \u00e9s Luhanszk megy\u00e9kben \u00e9pp\u00fagy &#8222;elhaltak&#8221; volna, mint Odessz\u00e1ban \u00e9s Harkivban.<br \/>\n    &#8222;N\u00e9h\u00e1ny tucat embert meg\u00f6ltek, felgy\u00fajtottak, letart\u00f3ztattak volna, \u00e9s ezzel az eg\u00e9sz v\u00e9get is \u00e9rt volna&#8221; &#8211; fogalmazott, utalva arra a m\u00e1jus eleji incidensre, amikor Odessz\u00e1ban t\u00f6bb tucatnyian vesztett\u00e9k \u00e9let\u00fcket egy kigyulladt \u00e9p\u00fcletben, ahov\u00e1 oroszbar\u00e1t szakad\u00e1rok menek\u00fcltek be, miut\u00e1n \u00f6sszecsaptak Kijev-p\u00e1rti aktivist\u00e1kkal.<br \/>\n    Girkin kijelentette, hogy \u0151 nem katona, hanem &#8222;titkosszolg\u00e1lati ember&#8221;, \u00e9s meger\u0151s\u00edtette, hogy val\u00f3ban jelen vannak Kelet-Ukrajn\u00e1ban az orosz regul\u00e1ris hadsereg katon\u00e1i, ahogy azt Kijev \u00e1ll\u00edtja, Moszkva azonban v\u00e1ltig tagadja.<br \/>\n    A szakad\u00e1r vezet\u0151 egy nemr\u00e9g k\u00f6z\u00f6lt kor\u00e1bbi interj\u00faj\u00e1ban el\u00e1rulta, hogy 52 f\u0151s csapat\u00e1val \u00e1prilis elej\u00e9n l\u00e9pte \u00e1t az orosz-ukr\u00e1n hat\u00e1rt.<br \/>\n    Megfigyel\u0151k szerint elk\u00e9pzelhet\u0151, hogy Girkin kegyvesztett lett Moszkv\u00e1ban, likvid\u00e1lni k\u00e9sz\u00fclnek \u0151t, ez\u00e9rt t\u00e1lal ki a sajt\u00f3ban.<br \/>\n    Az ENSZ hivatalos adatai szerint a f\u00e9l\u00e9ve tart\u00f3 kelet-ukrajnai fegyveres konfliktusban m\u00e1r t\u00f6bb mint n\u00e9gyezren vesztett\u00e9k \u00e9let\u00fcket. A vil\u00e1gszervezetn\u00e9l azonban hozz\u00e1teszik, hogy a hal\u00e1los \u00e1ldozatok sz\u00e1ma a val\u00f3s\u00e1gban enn\u00e9l j\u00f3val t\u00f6bb is lehet.(MTI)<\/p>\n","protected":false},"excerpt":{"rendered":"<p>A donyecki szakad\u00e1rok volt &#8222;v\u00e9delmi minisztere&#8221; egy cs\u00fct\u00f6rt\u00f6ki lapinterj\u00faban elismerte, hogy \u0151 \u00e9s csapata n\u00e9lk\u00fcl nem fordult volna a szeparatista megmozdul\u00e1s v\u00e9res h\u00e1bor\u00faba Kelet-Ukrajn\u00e1ban.<\/p>\n","protected":false},"author":1,"featured_media":0,"comment_status":"open","ping_status":"closed","sticky":false,"template":"","format":"standard","meta":[],"categories":[1],"tags":[413],"_links":{"self":[{"href":"https:\/\/gazdasagportal.hu\/index.php\/wp-json\/wp\/v2\/posts\/50326"}],"collection":[{"href":"https:\/\/gazdasagportal.hu\/index.php\/wp-json\/wp\/v2\/posts"}],"about":[{"href":"https:\/\/gazdasagportal.hu\/index.php\/wp-json\/wp\/v2\/types\/post"}],"author":[{"embeddable":true,"href":"https:\/\/gazdasagportal.hu\/index.php\/wp-json\/wp\/v2\/users\/1"}],"replies":[{"embeddable":true,"href":"https:\/\/gazdasagportal.hu\/index.php\/wp-json\/wp\/v2\/comments?post=50326"}],"version-history":[{"count":1,"href":"https:\/\/gazdasagportal.hu\/index.php\/wp-json\/wp\/v2\/posts\/50326\/revisions"}],"predecessor-version":[{"id":50327,"href":"https:\/\/gazdasagportal.hu\/index.php\/wp-json\/wp\/v2\/posts\/50326\/revisions\/50327"}],"wp:attachment":[{"href":"https:\/\/gazdasagportal.hu\/index.php\/wp-json\/wp\/v2\/media?parent=50326"}],"wp:term":[{"taxonomy":"category","embeddable":true,"href":"https:\/\/gazdasagportal.hu\/index.php\/wp-json\/wp\/v2\/categories?post=50326"},{"taxonomy":"post_tag","embeddable":true,"href":"https:\/\/gazdasagportal.hu\/index.php\/wp-json\/wp\/v2\/tags?post=50326"}],"curies":[{"name":"wp","href":"https:\/\/api.w.org\/{rel}","templated":true}]}}