{"id":49080,"date":"2014-11-06T05:39:24","date_gmt":"2014-11-06T04:39:24","guid":{"rendered":"http:\/\/stockportal.hu\/?p=49080"},"modified":"2014-11-06T11:01:38","modified_gmt":"2014-11-06T10:01:38","slug":"gyorsjelentes-2014-iii-magyar-telekom-kisse-csokkeno-arbevetel-novekvo-profit-a-harmadik-negyedevben","status":"publish","type":"post","link":"https:\/\/gazdasagportal.hu\/index.php\/gyorsjelentes-2014-iii-magyar-telekom-kisse-csokkeno-arbevetel-novekvo-profit-a-harmadik-negyedevben\/","title":{"rendered":"Gyorsjelent\u00e9s 2014 III: Magyar Telekom: kiss\u00e9 cs\u00f6kken\u0151 \u00e1rbev\u00e9tel, n\u00f6vekv\u0151 profit a harmadik negyed\u00e9vben"},"content":{"rendered":"<p><strong>A Magyar Telekom 157,5 milli\u00e1rd forint bev\u00e9telt \u00e9rt el az idei harmadik negyed\u00e9vben, ami 0,5 sz\u00e1zal\u00e9kos cs\u00f6kken\u00e9s az el\u0151z\u0151 \u00e9v azonos id\u0151szak\u00e1hoz k\u00e9pest, m\u00edg a c\u00e9g ad\u00f3zott eredm\u00e9nye jelent\u0151sen n\u0151tt: 14,6 sz\u00e1zal\u00e9kkal 10,66 milli\u00e1rd forintra emelkedett.<\/strong><!--more--><\/p>\n<div class=\"ads-in-post1\"><div id=\"gazdasagportal.hu_fullbanner_wideboard\"><\/div>\r\n<\/div>\n<p><a href=\"http:\/\/stockportal.hu\/wp-content\/uploads\/2013\/10\/Magyar-Telekom.jpg\" target=\"_blank\" rel=\"noopener\"><img decoding=\"async\" loading=\"lazy\" class=\"alignleft size-medium wp-image-18465\" src=\"http:\/\/stockportal.hu\/wp-content\/uploads\/2013\/10\/Magyar-Telekom-300x230.jpg\" alt=\"Magyar-Telekom\" width=\"300\" height=\"230\" srcset=\"https:\/\/gazdasagportal.hu\/wp-content\/uploads\/2013\/10\/Magyar-Telekom-300x230.jpg 300w, https:\/\/gazdasagportal.hu\/wp-content\/uploads\/2013\/10\/Magyar-Telekom-71x55.jpg 71w, https:\/\/gazdasagportal.hu\/wp-content\/uploads\/2013\/10\/Magyar-Telekom-310x238.jpg 310w, https:\/\/gazdasagportal.hu\/wp-content\/uploads\/2013\/10\/Magyar-Telekom-60x45.jpg 60w, https:\/\/gazdasagportal.hu\/wp-content\/uploads\/2013\/10\/Magyar-Telekom.jpg 500w\" sizes=\"(max-width: 300px) 100vw, 300px\" \/><\/a>A telekommunik\u00e1ci\u00f3s v\u00e1llalat cs\u00fct\u00f6rt\u00f6k hajnalban k\u00f6zz\u00e9tett gyorsjelent\u00e9s\u00e9b\u0151l kider\u00fcl, hogy a hang- \u00e9s a rendszerintegr\u00e1ci\u00f3s\/informatikai szolg\u00e1ltat\u00e1sokb\u00f3l sz\u00e1rmaz\u00f3 bev\u00e9telek cs\u00f6kken\u00e9s\u00e9t nagyr\u00e9szt ellens\u00falyozta a mobilinternet- \u00e9s a tv-bev\u00e9telek n\u00f6veked\u00e9se, valamint a mobilk\u00e9sz\u00fcl\u00e9k-\u00e9rt\u00e9kes\u00edt\u00e9si bev\u00e9telek emelked\u00e9se.<br \/>\nA portfolio.hu \u00e1ltal megk\u00e9rdezett elemz\u0151k \u00e1tlagosan 156 milli\u00e1rdos \u00e1rbev\u00e9telt \u00e9s 10,6 milli\u00e1rd forintos nett\u00f3 profitot prognosztiz\u00e1ltak a harmadik negyed\u00e9vre.<br \/>\nA konszolid\u00e1lt, a nemzetk\u00f6zi p\u00e9nz\u00fcgyi jelent\u00e9si szabv\u00e1nyok (IFRS) alapj\u00e1n k\u00e9sz\u00fclt kimutat\u00e1s szerint a t\u00e1rsas\u00e1g EBITDA (kamatfizet\u00e9s, ad\u00f3z\u00e1s \u00e9s \u00e9rt\u00e9kcs\u00f6kken\u00e9si le\u00edr\u00e1s el\u0151tti) eredm\u00e9nye 5,2 sz\u00e1zal\u00e9kkal, 51,9 milli\u00e1rd forintr\u00f3l 49,2 milli\u00e1rd forintra cs\u00f6kkent, els\u0151sorban a k\u00f6vetel\u00e9sek \u00e9rt\u00e9kveszt\u00e9s\u00e9nek emelked\u00e9se \u00e9s a v\u00e9gkiel\u00e9g\u00edt\u00e9si k\u00f6lts\u00e9gek n\u00f6veked\u00e9se miatt.<br \/>\nChristopher Mattheisen vez\u00e9rigazgat\u00f3 a k\u00f6zlem\u00e9nyben sikeresnek nevezte a harmadik negyed\u00e9vet, \u00e9s kiemelte: Magyarorsz\u00e1gon a mobilforgalom n\u00f6veked\u00e9se mellett tov\u00e1bb n\u0151tt az el\u0151fizet\u0151k sz\u00e1ma \u00e9s javult az \u00fcgyf\u00e9l\u00f6sszet\u00e9tel, n\u0151tt a szerz\u0151d\u00e9ses el\u0151fizet\u0151k ar\u00e1nya. Mindezek, valamint a v\u00e1ltozatlan v\u00e9gz\u0151dtet\u00e9si d\u00edjak \u00e9s a mobilinternet-haszn\u00e1lat jelent\u0151s n\u00f6veked\u00e9se azt eredm\u00e9nyezte, hogy 4 sz\u00e1zal\u00e9kkal n\u0151tt az egy el\u0151fizet\u0151re jut\u00f3 mobil-\u00e1tlagbev\u00e9tel. Ezenk\u00edv\u00fcl n\u0151tt a Magyar Telekom piaci r\u00e9szesed\u00e9se mind a vezet\u00e9kes internet-, mind a tv-szegmensben &#8211; f\u0171zte hozz\u00e1 a vez\u00e9rigazgat\u00f3.<br \/>\nHangs\u00falyozta: \u00f6r\u00f6mmel \u00e9rtes\u00fcltek arr\u00f3l, hogy a magyar korm\u00e1ny visszavonta az internetad\u00f3ra vonatkoz\u00f3 eredeti javaslat\u00e1t.<br \/>\nA harmadik negyed\u00e9ves jelent\u00e9sb\u0151l kider\u00fcl, hogy a c\u00e9g 2014-ben a tavalyi, 637,5 milli\u00e1rd forintos bev\u00e9telhez, \u00e9s 179,5 milli\u00e1rdos EBITDA-hoz k\u00e9pest is legfeljebb 3 sz\u00e1zal\u00e9kos cs\u00f6kken\u00e9ssel sz\u00e1mol.<br \/>\nA jelent\u00e9s szerint az idei els\u0151 kilenc h\u00f3napban a Magyar Telekom \u00e1rbev\u00e9tele 461,2 milli\u00e1rd forint volt, 2,2 sz\u00e1zal\u00e9kkal alacsonyabb mint 2013 azonos id\u0151szak\u00e1ban.<br \/>\nA t\u00e1rsas\u00e1g r\u00e9szv\u00e9nyeseire jut\u00f3 eredm\u00e9ny (nett\u00f3 eredm\u00e9ny) 9,3 milli\u00e1rd forintr\u00f3l 10,7 milli\u00e1rd forintra n\u0151tt, mivel az EBITDA cs\u00f6kken\u00e9s\u00e9t ellens\u00falyozta az \u00e9rt\u00e9kcs\u00f6kken\u00e9si \u00e9s amortiz\u00e1ci\u00f3s k\u00f6lts\u00e9gek, valamint a nett\u00f3 p\u00e9nz\u00fcgyi k\u00f6lts\u00e9gek cs\u00f6kken\u00e9se. (Az EBITDA egy sz\u00e1zal\u00e9kkal, 139,3 milli\u00e1rd forintra cs\u00f6kkent id\u00e9n janu\u00e1r-szeptemberben).<br \/>\nAz egy r\u00e9szv\u00e9nyre jut\u00f3 hozam 25,97 forint volt az idei els\u0151 kilenc h\u00f3nap alapj\u00e1n, szemben a tavalyi azonos id\u0151szaki 22,26 forinttal.<br \/>\nA m\u0171k\u00f6d\u00e9si eredm\u00e9ny csaknem 4 sz\u00e1zal\u00e9kkal emelkedett az els\u0151 h\u00e1rom negyed\u00e9vben, \u00edgy 65,4 milli\u00e1rd forintot tett ki.<br \/>\nA szabad cash flow 17 milli\u00e1rd forinttal, a 2013. \u00e9vi els\u0151 kilenc havi 7,2 milli\u00e1rd forintr\u00f3l 24,2 milli\u00e1rd forintra n\u0151tt 2014 els\u0151 kilenc h\u00f3napj\u00e1ban. A nett\u00f3 ad\u00f3ss\u00e1g\u00e1llom\u00e1ny a 2013. szeptember v\u00e9gi 368,2 milli\u00e1rd forintr\u00f3l 418,4 milli\u00e1rd forintra n\u0151tt 2014. szeptember v\u00e9g\u00e9re, ami tartalmazza az 58,65 milli\u00e1rd forint frekvencialicensz-k\u00f6telezetts\u00e9get, de m\u00e9g nem foglalja mag\u00e1ban a j\u00f6v\u0151beni \u00e9ves frekvenciad\u00edjak jelen\u00e9rt\u00e9k\u00e9nek aktiv\u00e1l\u00e1s\u00e1t, mivel ezt a k\u00f6r\u00fclbel\u00fcl 39 milli\u00e1rd forintos \u00f6sszeget 2014 negyedik negyed\u00e9v\u00e9ben k\u00f6nyvelik majd le &#8211; olvashat\u00f3 a jelent\u00e9sben.<br \/>\nAz els\u0151 kilenc h\u00f3napban jelent\u0151sen cs\u00f6kkent a beruh\u00e1z\u00e1sokra k\u00f6lt\u00f6tt \u00f6sszeg: 56,6 milli\u00e1rd forintot k\u00f6lt\u00f6tt a Telekom, 54,3 sz\u00e1zal\u00e9kkal kevesebbet mint az el\u0151z\u0151 \u00e9v azonos peri\u00f3dus\u00e1ban.<br \/>\nA t\u00e1rsas\u00e1g j\u00falius v\u00e9g\u00e9n jelentette be, hogy 2015 v\u00e9g\u00e9re 1700-zal cs\u00f6kkenti alkalmazottainak sz\u00e1m\u00e1t a hat\u00e9konys\u00e1g jav\u00edt\u00e1sa \u00e9rdek\u00e9ben. A c\u00e9g nett\u00f3 15 milli\u00e1rd forint szem\u00e9lyi jelleg\u0171 megtakar\u00edt\u00e1st v\u00e1r az int\u00e9zked\u00e9st\u0151l az id\u00e9n \u00e9s j\u00f6v\u0151re, m\u00edg a v\u00e9gkiel\u00e9g\u00edt\u00e9sek 12 milli\u00e1rd forintba ker\u00fclnek.<br \/>\nA Magyar Telekom r\u00e9szv\u00e9nyeit a Budapesti \u00c9rt\u00e9kt\u0151zsde pr\u00e9mium kateg\u00f3ri\u00e1j\u00e1ban jegyzik, a pap\u00edr a szerdai keresked\u00e9st 1,75 sz\u00e1zal\u00e9kos emelked\u00e9ssel, 348 forinton z\u00e1rta. Az elm\u00falt egy \u00e9vben legalacsonyabb \u00e1rfolyama 274, a legmagasabb pedig 384 forint volt. (MTI)<\/p>\n<p>&nbsp;<\/p><div id=\"gazda-553639308\" class=\"gazda-tartalomban gazda-entity-placement\"><script async src=\"https:\/\/pagead2.googlesyndication.com\/pagead\/js\/adsbygoogle.js\"><\/script>\r\n<ins class=\"adsbygoogle\"\r\n     style=\"display:block\"\r\n     data-ad-format=\"fluid\"\r\n     data-ad-layout-key=\"-6t+ed+2i-1n-4w\"\r\n     data-ad-client=\"ca-pub-1959107119989764\"\r\n     data-ad-slot=\"4008251320\"><\/ins>\r\n<script>\r\n     (adsbygoogle = window.adsbygoogle || []).push({});\r\n<\/script><\/div>\n","protected":false},"excerpt":{"rendered":"<p>A Magyar Telekom 157,5 milli\u00e1rd forint bev\u00e9telt \u00e9rt el az idei harmadik negyed\u00e9vben, ami 0,5 sz\u00e1zal\u00e9kos cs\u00f6kken\u00e9s az el\u0151z\u0151 \u00e9v azonos id\u0151szak\u00e1hoz k\u00e9pest, m\u00edg a c\u00e9g ad\u00f3zott eredm\u00e9nye jelent\u0151sen n\u0151tt: 14,6 sz\u00e1zal\u00e9kkal 10,66 milli\u00e1rd forintra emelkedett.<\/p>\n","protected":false},"author":1,"featured_media":18465,"comment_status":"open","ping_status":"closed","sticky":false,"template":"","format":"standard","meta":[],"categories":[146,315,7,47],"tags":[208,85],"_links":{"self":[{"href":"https:\/\/gazdasagportal.hu\/index.php\/wp-json\/wp\/v2\/posts\/49080"}],"collection":[{"href":"https:\/\/gazdasagportal.hu\/index.php\/wp-json\/wp\/v2\/posts"}],"about":[{"href":"https:\/\/gazdasagportal.hu\/index.php\/wp-json\/wp\/v2\/types\/post"}],"author":[{"embeddable":true,"href":"https:\/\/gazdasagportal.hu\/index.php\/wp-json\/wp\/v2\/users\/1"}],"replies":[{"embeddable":true,"href":"https:\/\/gazdasagportal.hu\/index.php\/wp-json\/wp\/v2\/comments?post=49080"}],"version-history":[{"count":2,"href":"https:\/\/gazdasagportal.hu\/index.php\/wp-json\/wp\/v2\/posts\/49080\/revisions"}],"predecessor-version":[{"id":49086,"href":"https:\/\/gazdasagportal.hu\/index.php\/wp-json\/wp\/v2\/posts\/49080\/revisions\/49086"}],"wp:featuredmedia":[{"embeddable":true,"href":"https:\/\/gazdasagportal.hu\/index.php\/wp-json\/wp\/v2\/media\/18465"}],"wp:attachment":[{"href":"https:\/\/gazdasagportal.hu\/index.php\/wp-json\/wp\/v2\/media?parent=49080"}],"wp:term":[{"taxonomy":"category","embeddable":true,"href":"https:\/\/gazdasagportal.hu\/index.php\/wp-json\/wp\/v2\/categories?post=49080"},{"taxonomy":"post_tag","embeddable":true,"href":"https:\/\/gazdasagportal.hu\/index.php\/wp-json\/wp\/v2\/tags?post=49080"}],"curies":[{"name":"wp","href":"https:\/\/api.w.org\/{rel}","templated":true}]}}