{"id":48721,"date":"2014-11-01T08:22:16","date_gmt":"2014-11-01T07:22:16","guid":{"rendered":"http:\/\/stockportal.hu\/?p=48721"},"modified":"2014-10-31T23:33:37","modified_gmt":"2014-10-31T22:33:37","slug":"iszlam-allam-nem-csokken-a-kulfoldi-harcosok-bearamlasa-sziriaban","status":"publish","type":"post","link":"https:\/\/gazdasagportal.hu\/index.php\/iszlam-allam-nem-csokken-a-kulfoldi-harcosok-bearamlasa-sziriaban\/","title":{"rendered":"Iszl\u00e1m \u00c1llam &#8211; Nem cs\u00f6kken a k\u00fclf\u00f6ldi harcosok be\u00e1raml\u00e1sa Sz\u00edri\u00e1ban"},"content":{"rendered":"<p><strong>Havonta t\u00f6bb mint ezer iszlamista harcos \u00e9rkezik Sz\u00edri\u00e1ba,  be\u00e1raml\u00e1suk \u00fcteme az Iszl\u00e1m \u00c1llam (I\u00c1) terrorszervezet elleni l\u00e9git\u00e1mad\u00e1sok ellen\u00e9re sem cs\u00f6kken &#8211; \u00edrta p\u00e9nteki sz\u00e1m\u00e1ban terrorelh\u00e1r\u00edt\u00e1si \u00e9s h\u00edrszerz\u00e9si forr\u00e1sokra hivatkozva a The Washington Post c\u00edm\u0171 amerikai lap.<\/strong><!--more--><\/p>\n<div class=\"ads-in-post1\"><div id=\"gazdasagportal.hu_fullbanner_wideboard\"><\/div>\r\n<\/div>\n<p>    A sz\u00e9ls\u0151s\u00e9gesek \u00e9rkez\u00e9s\u00e9nek nagys\u00e1grendje a m\u00falt \u00e9v \u00f3ta alapvet\u0151en v\u00e1ltozatlan, ami szak\u00e9rt\u0151k felt\u00e9telez\u00e9se szerint azt jelentheti, hogy az amerikai vezet\u00e9ssel megind\u00edtott l\u00e9gi csap\u00e1sok nem jelentenek jelent\u0151s elrettent\u0151 er\u0151t, de nem is v\u00e1ltottak ki mozg\u00f3s\u00edt\u00f3 erej\u0171 felh\u00e1borod\u00e1st a terrorist\u00e1kkal rokonszenvez\u0151k t\u00e1bor\u00e1ban. Egy m\u00e1sik lehets\u00e9ges magyar\u00e1zat az, hogy a k\u00e9t hat\u00e1s k\u00f6lcs\u00f6n\u00f6sen kioltja egym\u00e1st.<br \/>\n    A k\u00fclf\u00f6ldi harcosok sz\u00e1ma Sz\u00edri\u00e1ban jelenleg meghaladhatja a 16 ezret. K\u00f6z\u00fcl\u00fck t\u00f6bb mint k\u00e9tezren eur\u00f3pai \u00fatlev\u00e9llel rendelkeznek, az Egyes\u00fclt \u00c1llamokb\u00f3l pedig mintegy 130-an utaztak vagy pr\u00f3b\u00e1ltak meg eljutni Sz\u00edri\u00e1ba. A n\u00f6veked\u00e9s oka az I\u00c1 \u00e9s m\u00e1s radik\u00e1lis csoportok eredm\u00e9nyes toborz\u00f3 tev\u00e9kenys\u00e9ge, valamint az, hogy a konfliktus helysz\u00edne viszonylag k\u00f6nnyen megk\u00f6zel\u00edthet\u0151.<br \/>\n    A lap szerint a fegyveres iszlamista radik\u00e1lis er\u0151k gyarapod\u00e1s\u00e1nak \u00fcteme elhom\u00e1lyos\u00edtja az elm\u00falt \u00e9vtizedek konfliktusainak \u00f6sszes hasonl\u00f3 mutat\u00f3it, bele\u00e9rtve az 80-as afganiszt\u00e1ni h\u00e1bor\u00faj\u00e1t is. Mik\u00f6zben a harcolni v\u00e1gy\u00f3k egy r\u00e9sze az\u00e9rt \u00e9rkezett a polg\u00e1rh\u00e1bor\u00fa s\u00fajtotta orsz\u00e1gba, hogy az Aszad-rezsim ellen fogjon fegyvert, a legt\u00f6bb \u00fajonnan \u00e9rkez\u0151 az Iszl\u00e1m \u00c1llamhoz vagy az al-Kaid\u00e1hoz tartoz\u00f3 al-N\u00faszra Fronthoz k\u00edv\u00e1n csatlakozni.<br \/>\n    Az Egyes\u00fclt \u00c1llamok \u00e9s sz\u00f6vets\u00e9gesei Irakban \u00e9s Sz\u00edri\u00e1ban eddig t\u00f6bb mint 600 l\u00e9gicsap\u00e1st hajtottak v\u00e9gre. Az ut\u00f3bbi orsz\u00e1gban becsl\u00e9sek szerint az I\u00c1 460 \u00e9s az al-N\u00faszra Front 60 fegyveres\u00e9t \u00f6lt\u00e9k meg.<br \/>\n    Egy, a CNN h\u00edrtelev\u00edzi\u00f3ban p\u00e9nteken bemutatott riportfilm szerint a sz\u00edriai korm\u00e1nyer\u0151k oldal\u00e1n a Hezbollah libanoni s\u00edita radik\u00e1lis szervezet fegyveresei mellett Ir\u00e1n \u00e1ltal fizetett afg\u00e1nok is harcolnak.<br \/>\n    A Fox News h\u00edrszerz\u00e9si \u00e9s katonai forr\u00e1sokb\u00f3l szerzett \u00e9rtes\u00fcl\u00e9sei szerint a guant\u00e1nam\u00f3i b\u00f6rt\u00f6n\u00f6kb\u0151l elengedett foglyok k\u00f6z\u00fcl 20-30-an lehetnek azok, akik az \u0151ket befogad\u00f3 orsz\u00e1gokat elhagyva Sz\u00edri\u00e1ban az I\u00c1-hoz vagy valamelyik m\u00e1s radik\u00e1lis csoporthoz csatlakoztak. A kubai ter\u00fcleten tal\u00e1lhat\u00f3 amerikai haditenger\u00e9szeti b\u00e1zisr\u00f3l eddig elsz\u00e1ll\u00edtott 620 szem\u00e9ly k\u00f6z\u00fcl bizony\u00edtottan vagy felt\u00e9telezhet\u0151en 180-an t\u00e9rtek vissza a csatat\u00e9rre.<br \/>\n    A Guant\u00e1nam\u00f3i-\u00f6b\u00f6lben l\u00e9v\u0151 t\u00e1maszponton jelenleg 149 embert &#8211; k\u00f6zt\u00fck csaknem 90 jemenit &#8211; tartanak fogva, akik k\u00f6z\u00fcl 80-at min\u0151s\u00edtettek elsz\u00e1ll\u00edt\u00e1sra alkalmasnak, ha valamely orsz\u00e1g k\u00e9sz befogadni \u0151ket.<br \/>\n(MTI)<\/p>\n","protected":false},"excerpt":{"rendered":"<p>Havonta t\u00f6bb mint ezer iszlamista harcos \u00e9rkezik Sz\u00edri\u00e1ba, be\u00e1raml\u00e1suk \u00fcteme az Iszl\u00e1m \u00c1llam (I\u00c1) terrorszervezet elleni l\u00e9git\u00e1mad\u00e1sok ellen\u00e9re sem cs\u00f6kken &#8211; \u00edrta p\u00e9nteki sz\u00e1m\u00e1ban terrorelh\u00e1r\u00edt\u00e1si \u00e9s h\u00edrszerz\u00e9si forr\u00e1sokra hivatkozva a The Washington Post c\u00edm\u0171 amerikai lap.<\/p>\n","protected":false},"author":1,"featured_media":0,"comment_status":"open","ping_status":"closed","sticky":false,"template":"","format":"standard","meta":[],"categories":[1],"tags":[219],"_links":{"self":[{"href":"https:\/\/gazdasagportal.hu\/index.php\/wp-json\/wp\/v2\/posts\/48721"}],"collection":[{"href":"https:\/\/gazdasagportal.hu\/index.php\/wp-json\/wp\/v2\/posts"}],"about":[{"href":"https:\/\/gazdasagportal.hu\/index.php\/wp-json\/wp\/v2\/types\/post"}],"author":[{"embeddable":true,"href":"https:\/\/gazdasagportal.hu\/index.php\/wp-json\/wp\/v2\/users\/1"}],"replies":[{"embeddable":true,"href":"https:\/\/gazdasagportal.hu\/index.php\/wp-json\/wp\/v2\/comments?post=48721"}],"version-history":[{"count":1,"href":"https:\/\/gazdasagportal.hu\/index.php\/wp-json\/wp\/v2\/posts\/48721\/revisions"}],"predecessor-version":[{"id":48722,"href":"https:\/\/gazdasagportal.hu\/index.php\/wp-json\/wp\/v2\/posts\/48721\/revisions\/48722"}],"wp:attachment":[{"href":"https:\/\/gazdasagportal.hu\/index.php\/wp-json\/wp\/v2\/media?parent=48721"}],"wp:term":[{"taxonomy":"category","embeddable":true,"href":"https:\/\/gazdasagportal.hu\/index.php\/wp-json\/wp\/v2\/categories?post=48721"},{"taxonomy":"post_tag","embeddable":true,"href":"https:\/\/gazdasagportal.hu\/index.php\/wp-json\/wp\/v2\/tags?post=48721"}],"curies":[{"name":"wp","href":"https:\/\/api.w.org\/{rel}","templated":true}]}}