{"id":48228,"date":"2014-10-26T09:35:52","date_gmt":"2014-10-26T08:35:52","guid":{"rendered":"http:\/\/stockportal.hu\/?p=48228"},"modified":"2014-10-26T08:46:56","modified_gmt":"2014-10-26T07:46:56","slug":"ukran-valasztas-megkezdodott-a-rendkivuli-parlamenti-valasztas-ukrajnaban","status":"publish","type":"post","link":"https:\/\/gazdasagportal.hu\/index.php\/ukran-valasztas-megkezdodott-a-rendkivuli-parlamenti-valasztas-ukrajnaban\/","title":{"rendered":"Ukr\u00e1n v\u00e1laszt\u00e1s &#8211; Megkezd\u0151d\u00f6tt a rendk\u00edv\u00fcli parlamenti v\u00e1laszt\u00e1s Ukrajn\u00e1ban"},"content":{"rendered":"<p><strong>Vas\u00e1rnap helyi id\u0151 szerint reggel nyolckor (k\u00f6z\u00e9p-eur\u00f3pai id\u0151 szerint h\u00e9t \u00f3rakor) kinyitottak a szavaz\u00f3helyis\u00e9gek Ukrajn\u00e1ban, \u00e9s megkezd\u0151d\u00f6tt az el\u0151re hozott parlamenti v\u00e1laszt\u00e1s.<\/strong><!--more--><\/p>\n<div class=\"ads-in-post1\"><div id=\"gazdasagportal.hu_fullbanner_wideboard\"><\/div>\r\n<\/div>\n<p>    A szavaz\u00f3helyis\u00e9gek este nyolcig v\u00e1rj\u00e1k a csaknem 35,4 milli\u00f3 szavaz\u00e1sra jogosult ukr\u00e1n \u00e1llampolg\u00e1rt.<br \/>\n    A kelet-ukrajnai szakad\u00e1rok saj\u00e1t v\u00e1laszt\u00e1st akarnak tartani november 2-\u00e1n, azaz egy h\u00e9t m\u00falva. \u00cdgy az \u00e1ltaluk ellen\u0151rz\u00f6tt ter\u00fcleteken, illetve az Oroszorsz\u00e1g \u00e1ltal elcsatolt Kr\u00edmben nem tudnak \u00e9lni v\u00e1laszt\u00f3jogukkal az ott \u00e9l\u0151, szavaz\u00e1sra jogosult ukr\u00e1n \u00e1llampolg\u00e1rok.<br \/>\n    Politikusok, korm\u00e1nyzati \u00e9s civil szervezetek fejezt\u00e9k ki aggodalmukat a h\u00e9ten amiatt, hogy oroszbar\u00e1t csoportok provok\u00e1ci\u00f3kkal, esetleg terrort\u00e1mad\u00e1sokkal pr\u00f3b\u00e1lj\u00e1k majd meghi\u00fas\u00edtani a v\u00e1laszt\u00e1st. Arszen Avakov bel\u00fcgyminiszter bejelentette, hogy a rendv\u00e9delmi szervek mintegy 82 ezer tagja &#8211; k\u00f6zt\u00fck n\u00e9gyezren a gyorsreag\u00e1l\u00e1s\u00fa egys\u00e9gekb\u0151l &#8211; vigy\u00e1z a biztons\u00e1gra a v\u00e1laszt\u00e1s napj\u00e1n.<br \/>\n    Ukrajn\u00e1ban vegyes v\u00e1laszt\u00e1si rendszer m\u0171k\u00f6dik. Ak\u00e1r a legut\u00f3bbi, 2012 okt\u00f3ber\u00e9ben tartott v\u00e1laszt\u00e1sokon, az id\u00e9n is a 450 tag\u00fa t\u00f6rv\u00e9nyhoz\u00e1s k\u00e9pvisel\u0151inek fele p\u00e1rtlist\u00e1r\u00f3l, a m\u00e1sik fele egy\u00e9ni k\u00f6rzetb\u0151l ker\u00fcl be a parlamentbe. Mivel azonban legal\u00e1bb 15 kelet-ukrajnai k\u00f6rzetben nem tudj\u00e1k megrendezni a v\u00e1laszt\u00e1sokat, kevesebb egy\u00e9ni k\u00e9pvisel\u0151hely lesz bet\u00f6ltve, legfeljebb 210.<br \/>\n    A v\u00e1laszt\u00e1s egyfordul\u00f3s, egy jel\u00f6lt vagy csak list\u00e1n, vagy egy\u00e9niben p\u00e1ly\u00e1zhat a k\u00e9pvisel\u0151i posztra.<br \/>\n    A kelet-ukrajnai harcok miatt Ukrajna m\u00e1s telep\u00fcl\u00e9seire k\u00f6lt\u00f6z\u00f6tt v\u00e1laszt\u00f3k a jelenlegi \u00e1tmeneti lak\u00f3hely\u00fck\u00f6n szavazhatnak. A szoci\u00e1lis miniszt\u00e9rium adatai szerint a mintegy 427 ezer menek\u00fcltb\u0151l mind\u00f6ssze 160 ezren jelezt\u00e9k a lakhelyv\u00e1ltoz\u00e1s bejelent\u00e9s\u00e9vel, hogy szeretn\u00e9k leadni voksukat. Jelenlegi \u00e1llom\u00e1shely\u00fck\u00f6n szavazhatnak a kelet-ukrajnai hadm\u0171veletben r\u00e9szt vev\u0151 ukr\u00e1n fegyveres er\u0151k \u00e9s \u00f6nk\u00e9ntes alakulatok tagjai.<br \/>\n    A k\u00f6zponti v\u00e1laszt\u00e1si bizotts\u00e1g \u00e1ltal k\u00f6zz\u00e9tett adatok szerint 52 p\u00e1rt \u00e9s szervezet \u00e1ll\u00edtott egy\u00e9ni, illetve list\u00e1s jel\u00f6lteket, 3114 jel\u00f6lt indul list\u00e1n \u00e9s 3322 egy\u00e9ni k\u00f6rzetben, ut\u00f3bbiak k\u00e9tharmada, 2019 jel\u00f6lt f\u00fcggetlenk\u00e9nt.(MTI)<\/p>\n","protected":false},"excerpt":{"rendered":"<p>Vas\u00e1rnap helyi id\u0151 szerint reggel nyolckor (k\u00f6z\u00e9p-eur\u00f3pai id\u0151 szerint h\u00e9t \u00f3rakor) kinyitottak a szavaz\u00f3helyis\u00e9gek Ukrajn\u00e1ban, \u00e9s megkezd\u0151d\u00f6tt az el\u0151re hozott parlamenti v\u00e1laszt\u00e1s.<\/p>\n","protected":false},"author":1,"featured_media":0,"comment_status":"closed","ping_status":"closed","sticky":false,"template":"","format":"standard","meta":[],"categories":[12,139],"tags":[],"_links":{"self":[{"href":"https:\/\/gazdasagportal.hu\/index.php\/wp-json\/wp\/v2\/posts\/48228"}],"collection":[{"href":"https:\/\/gazdasagportal.hu\/index.php\/wp-json\/wp\/v2\/posts"}],"about":[{"href":"https:\/\/gazdasagportal.hu\/index.php\/wp-json\/wp\/v2\/types\/post"}],"author":[{"embeddable":true,"href":"https:\/\/gazdasagportal.hu\/index.php\/wp-json\/wp\/v2\/users\/1"}],"replies":[{"embeddable":true,"href":"https:\/\/gazdasagportal.hu\/index.php\/wp-json\/wp\/v2\/comments?post=48228"}],"version-history":[{"count":1,"href":"https:\/\/gazdasagportal.hu\/index.php\/wp-json\/wp\/v2\/posts\/48228\/revisions"}],"predecessor-version":[{"id":48229,"href":"https:\/\/gazdasagportal.hu\/index.php\/wp-json\/wp\/v2\/posts\/48228\/revisions\/48229"}],"wp:attachment":[{"href":"https:\/\/gazdasagportal.hu\/index.php\/wp-json\/wp\/v2\/media?parent=48228"}],"wp:term":[{"taxonomy":"category","embeddable":true,"href":"https:\/\/gazdasagportal.hu\/index.php\/wp-json\/wp\/v2\/categories?post=48228"},{"taxonomy":"post_tag","embeddable":true,"href":"https:\/\/gazdasagportal.hu\/index.php\/wp-json\/wp\/v2\/tags?post=48228"}],"curies":[{"name":"wp","href":"https:\/\/api.w.org\/{rel}","templated":true}]}}