{"id":48226,"date":"2014-10-26T08:08:56","date_gmt":"2014-10-26T07:08:56","guid":{"rendered":"http:\/\/stockportal.hu\/?p=48226"},"modified":"2014-10-26T09:12:02","modified_gmt":"2014-10-26T08:12:02","slug":"elkezdodott-a-teli-idoszamitas-2","status":"publish","type":"post","link":"https:\/\/gazdasagportal.hu\/index.php\/elkezdodott-a-teli-idoszamitas-2\/","title":{"rendered":"Elkezd\u0151d\u00f6tt a t\u00e9li id\u0151sz\u00e1m\u00edt\u00e1s"},"content":{"rendered":"<p><strong>Elkezd\u0151d\u00f6tt vas\u00e1rnap a t\u00e9li id\u0151sz\u00e1m\u00edt\u00e1s, az \u00f3r\u00e1kat hajnali h\u00e1romkor kellett egy \u00f3r\u00e1val vissza\u00e1ll\u00edtani.<\/strong><!--more--><\/p>\n<div class=\"ads-in-post1\"><div id=\"gazdasagportal.hu_fullbanner_wideboard\"><\/div>\r\n<\/div>\n<p>A t\u00e9li id\u0151sz\u00e1m\u00edt\u00e1s m\u00e1rcius 29-ig tart.<br \/>\nA Mavir Magyar Villamosenergia-ipari \u00c1tviteli Rendszerir\u00e1ny\u00edt\u00f3 Zrt. becsl\u00e9se szerint a ny\u00e1ri id\u0151sz\u00e1m\u00edt\u00e1snak k\u00f6sz\u00f6nhet\u0151en \u00e9vente egy nagyobb v\u00e1ros, 30-40 ezer h\u00e1ztart\u00e1s \u00e9ves villamosenergia-fogyaszt\u00e1sa &#8211; 120 gigawatt\u00f3ra &#8211; takar\u00edthat\u00f3 meg.<br \/>\n<a href=\"http:\/\/stockportal.hu\/wp-content\/uploads\/2014\/10\/oraatall.jpg\" target=\"_blank\" rel=\"noopener\"><img decoding=\"async\" loading=\"lazy\" class=\"alignleft size-medium wp-image-48232\" src=\"http:\/\/stockportal.hu\/wp-content\/uploads\/2014\/10\/oraatall-300x160.jpg\" alt=\"oraatall\" width=\"300\" height=\"160\" srcset=\"https:\/\/gazdasagportal.hu\/wp-content\/uploads\/2014\/10\/oraatall-300x160.jpg 300w, https:\/\/gazdasagportal.hu\/wp-content\/uploads\/2014\/10\/oraatall.jpg 600w\" sizes=\"(max-width: 300px) 100vw, 300px\" \/><\/a>A c\u00e9g sz\u00e1m\u00edt\u00e1sai szerint Magyarorsz\u00e1g 1980 \u00f3ta csaknem 4000 gigawatt\u00f3ra villamos energi\u00e1t takar\u00edtott meg \u00edgy.<br \/>\nAz Eur\u00f3p\u00e1ban egys\u00e9gesen alkalmazott \u00f3ra\u00e1ll\u00edt\u00e1si m\u00f3dszer azon alapul, hogy a lakoss\u00e1g szok\u00e1sos \u00e9brenl\u00e9ti id\u0151szaka &#8211; reggel 7 \u00e9s este 10 \u00f3ra k\u00f6z\u00f6tt &#8211; jobban egybeessen a term\u00e9szetes nappali vil\u00e1goss\u00e1g idej\u00e9vel. A tavaszi \u00f3ra\u00e1ll\u00edt\u00e1skor jelent\u0151sen cs\u00f6kken az orsz\u00e1g villamosenergia-rendszer\u00e9nek esti terhel\u00e9se, hiszen k\u00e9s\u0151bb s\u00f6t\u00e9tedik, k\u00e9s\u0151bb is kell felkapcsolni a vil\u00e1g\u00edt\u00e1st.<br \/>\nAz \u00f3r\u00e1k okt\u00f3ber v\u00e9gi vissza\u00e1ll\u00edt\u00e1s\u00e1t k\u00f6vet\u0151en hamarabb s\u00f6t\u00e9tedik ugyan, de ez &#8211; \u00f6sszevetve azzal az id\u0151ponttal, amikor az emberek jellemz\u0151en haza\u00e9rnek &#8211; nem okoz t\u00f6bbletfogyaszt\u00e1st a zrt. szerint.(MTI)<\/p>\n","protected":false},"excerpt":{"rendered":"<p>Elkezd\u0151d\u00f6tt vas\u00e1rnap a t\u00e9li id\u0151sz\u00e1m\u00edt\u00e1s, az \u00f3r\u00e1kat hajnali h\u00e1romkor kellett egy \u00f3r\u00e1val vissza\u00e1ll\u00edtani.<\/p>\n","protected":false},"author":1,"featured_media":48232,"comment_status":"closed","ping_status":"closed","sticky":false,"template":"","format":"standard","meta":[],"categories":[1],"tags":[],"_links":{"self":[{"href":"https:\/\/gazdasagportal.hu\/index.php\/wp-json\/wp\/v2\/posts\/48226"}],"collection":[{"href":"https:\/\/gazdasagportal.hu\/index.php\/wp-json\/wp\/v2\/posts"}],"about":[{"href":"https:\/\/gazdasagportal.hu\/index.php\/wp-json\/wp\/v2\/types\/post"}],"author":[{"embeddable":true,"href":"https:\/\/gazdasagportal.hu\/index.php\/wp-json\/wp\/v2\/users\/1"}],"replies":[{"embeddable":true,"href":"https:\/\/gazdasagportal.hu\/index.php\/wp-json\/wp\/v2\/comments?post=48226"}],"version-history":[{"count":3,"href":"https:\/\/gazdasagportal.hu\/index.php\/wp-json\/wp\/v2\/posts\/48226\/revisions"}],"predecessor-version":[{"id":48234,"href":"https:\/\/gazdasagportal.hu\/index.php\/wp-json\/wp\/v2\/posts\/48226\/revisions\/48234"}],"wp:featuredmedia":[{"embeddable":true,"href":"https:\/\/gazdasagportal.hu\/index.php\/wp-json\/wp\/v2\/media\/48232"}],"wp:attachment":[{"href":"https:\/\/gazdasagportal.hu\/index.php\/wp-json\/wp\/v2\/media?parent=48226"}],"wp:term":[{"taxonomy":"category","embeddable":true,"href":"https:\/\/gazdasagportal.hu\/index.php\/wp-json\/wp\/v2\/categories?post=48226"},{"taxonomy":"post_tag","embeddable":true,"href":"https:\/\/gazdasagportal.hu\/index.php\/wp-json\/wp\/v2\/tags?post=48226"}],"curies":[{"name":"wp","href":"https:\/\/api.w.org\/{rel}","templated":true}]}}