{"id":48060,"date":"2014-10-22T13:27:12","date_gmt":"2014-10-22T11:27:12","guid":{"rendered":"http:\/\/stockportal.hu\/?p=48060"},"modified":"2014-10-22T13:27:12","modified_gmt":"2014-10-22T11:27:12","slug":"internetado-a-pedagogusok-szakszervezete-a-leghatarozottabban-tiltakozik-az-internetado-miatt","status":"publish","type":"post","link":"https:\/\/gazdasagportal.hu\/index.php\/internetado-a-pedagogusok-szakszervezete-a-leghatarozottabban-tiltakozik-az-internetado-miatt\/","title":{"rendered":"Internetad\u00f3 &#8211; A Pedag\u00f3gusok Szakszervezete a leghat\u00e1rozottabban tiltakozik az internetad\u00f3 miatt"},"content":{"rendered":"<p><strong>A Pedag\u00f3gusok Szakszervezete (PSZ) szerint a tervezett internetad\u00f3 s\u00falyosan vesz\u00e9lyezteti a k\u00f6znevel\u00e9s eg\u00e9sz rendszer\u00e9nek a m\u0171k\u00f6d\u00e9s\u00e9t, korl\u00e1tozza az inform\u00e1ci\u00f3s szabads\u00e1got, a tan\u00edt\u00e1s szabads\u00e1g\u00e1t, a tanul\u00e1shoz val\u00f3 jogot. A t\u00f6m\u00f6r\u00fcl\u00e9s a parlamenti p\u00e1rtokt\u00f3l azt k\u00e9ri, ne szavazz\u00e1k meg a javaslatot.<\/strong><!--more--><\/p>\n<div class=\"ads-in-post1\"><div id=\"gazdasagportal.hu_fullbanner_wideboard\"><\/div>\r\n<\/div>\n<p>    A szakszervezet szerd\u00e1n az MTI-hez eljuttatott k\u00f6zlem\u00e9ny\u00e9ben kiemelte: az internet ny\u00fajt seg\u00edts\u00e9get ahhoz, hogy a legkisebb telep\u00fcl\u00e9s legkisebb iskol\u00e1j\u00e1hoz is eljusson az elektronikusan feldolgozott tananyag, tank\u00f6nyv, valamint seg\u00edts\u00e9get ny\u00fajt az idegennyelv-tanul\u00e1shoz.<br \/>\n    Mint \u00e1ll\u00e1sfoglal\u00e1sukban r\u00f6gz\u00edtett\u00e9k: az internet haszn\u00e1lata nem f\u00fcgghet att\u00f3l, hogy milyen az anyagi helyzete a szolg\u00e1ltat\u00e1s ig\u00e9nybe vev\u0151j\u00e9nek.<br \/>\n    &#8222;A XXI. sz\u00e1zad pedag\u00f3giai folyamatai nem n\u00e9lk\u00fcl\u00f6zhetik az internet szabad haszn\u00e1lat\u00e1t, ami seg\u00edts\u00e9get ny\u00fajt az oktat\u00e1s minden ter\u00fclet\u00e9n ahhoz, hogy kiny\u00edljanak az iskol\u00e1k falai, \u00e9s a pedag\u00f3gusok, a tanul\u00f3kkal k\u00f6z\u00f6sen, bel\u00e9pjenek a m\u00fazeumok, k\u00f6nyvt\u00e1rak, sz\u00ednh\u00e1zak kapuj\u00e1n&#8221; &#8211; fogalmaztak.<br \/>\n    A szakszervezet szerint az internet-szolg\u00e1ltat\u00e1s megad\u00f3ztat\u00e1s\u00e1val a civil szervezetek &#8211; t\u00f6bbek k\u00f6z\u00f6tt a szakszervezetek &#8211; m\u0171k\u00f6d\u00e9s\u00e9t is ellehetetlen\u00edtik.<br \/>\n    A t\u00f6m\u00f6r\u00fcl\u00e9s a honlapj\u00e1ra \u00e9rkez\u0151 tiltakoz\u00f3 nyilatkozatokr\u00f3l t\u00e1j\u00e9koztatja a parlamenti p\u00e1rtokat, k\u00e9rve, ne szavazz\u00e1k meg a t\u00f6rv\u00e9nyjavaslatot, \u00e9s t\u00e1j\u00e9koztatj\u00e1k a k\u00f6zt\u00e1rsas\u00e1gi eln\u00f6k\u00f6t is, n\u00e1la azt kezdem\u00e9nyezve, ne \u00edrja al\u00e1 a szerint\u00fck az alapt\u00f6rv\u00e9ny rendelkez\u00e9seibe \u00fctk\u00f6z\u0151 jogszab\u00e1lyt.<br \/>\n    A korm\u00e1ny j\u00f6v\u0151re az internet szolg\u00e1ltat\u00e1sra is kiterjeszten\u00e9 a t\u00e1vk\u00f6zl\u00e9si ad\u00f3t, amelyet eddig a hangh\u00edv\u00e1sok, SMS-ek \u00e9s MMS-ek ut\u00e1n fizettek a t\u00e1vk\u00f6zl\u00e9si szolg\u00e1ltat\u00f3k. Az ad\u00f3 m\u00e9rt\u00e9ke minden megkezdett gigab\u00e1jt adatforgalom ut\u00e1n 150 forint lenne a parlamentnek kedden beny\u00fajtott, 2015. \u00e9vi ad\u00f3t\u00f6rv\u00e9ny-javaslat alapj\u00e1n.<br \/>\n(MTI)<\/p>\n","protected":false},"excerpt":{"rendered":"<p>A Pedag\u00f3gusok Szakszervezete (PSZ) szerint a tervezett internetad\u00f3 s\u00falyosan vesz\u00e9lyezteti a k\u00f6znevel\u00e9s eg\u00e9sz rendszer\u00e9nek a m\u0171k\u00f6d\u00e9s\u00e9t, korl\u00e1tozza az inform\u00e1ci\u00f3s szabads\u00e1got, a tan\u00edt\u00e1s szabads\u00e1g\u00e1t, a tanul\u00e1shoz val\u00f3 jogot. A t\u00f6m\u00f6r\u00fcl\u00e9s a parlamenti p\u00e1rtokt\u00f3l azt k\u00e9ri, ne szavazz\u00e1k meg a javaslatot.<\/p>\n","protected":false},"author":1,"featured_media":0,"comment_status":"closed","ping_status":"closed","sticky":false,"template":"","format":"standard","meta":[],"categories":[20,19],"tags":[411,274],"_links":{"self":[{"href":"https:\/\/gazdasagportal.hu\/index.php\/wp-json\/wp\/v2\/posts\/48060"}],"collection":[{"href":"https:\/\/gazdasagportal.hu\/index.php\/wp-json\/wp\/v2\/posts"}],"about":[{"href":"https:\/\/gazdasagportal.hu\/index.php\/wp-json\/wp\/v2\/types\/post"}],"author":[{"embeddable":true,"href":"https:\/\/gazdasagportal.hu\/index.php\/wp-json\/wp\/v2\/users\/1"}],"replies":[{"embeddable":true,"href":"https:\/\/gazdasagportal.hu\/index.php\/wp-json\/wp\/v2\/comments?post=48060"}],"version-history":[{"count":1,"href":"https:\/\/gazdasagportal.hu\/index.php\/wp-json\/wp\/v2\/posts\/48060\/revisions"}],"predecessor-version":[{"id":48061,"href":"https:\/\/gazdasagportal.hu\/index.php\/wp-json\/wp\/v2\/posts\/48060\/revisions\/48061"}],"wp:attachment":[{"href":"https:\/\/gazdasagportal.hu\/index.php\/wp-json\/wp\/v2\/media?parent=48060"}],"wp:term":[{"taxonomy":"category","embeddable":true,"href":"https:\/\/gazdasagportal.hu\/index.php\/wp-json\/wp\/v2\/categories?post=48060"},{"taxonomy":"post_tag","embeddable":true,"href":"https:\/\/gazdasagportal.hu\/index.php\/wp-json\/wp\/v2\/tags?post=48060"}],"curies":[{"name":"wp","href":"https:\/\/api.w.org\/{rel}","templated":true}]}}