{"id":47875,"date":"2014-10-20T11:33:38","date_gmt":"2014-10-20T09:33:38","guid":{"rendered":"http:\/\/stockportal.hu\/?p=47875"},"modified":"2014-10-20T11:33:38","modified_gmt":"2014-10-20T09:33:38","slug":"ukran-valsag-lavrov-elhuzodo-feszultsegre-szamit-az-orosz-amerikai-kapcsolatokban","status":"publish","type":"post","link":"https:\/\/gazdasagportal.hu\/index.php\/ukran-valsag-lavrov-elhuzodo-feszultsegre-szamit-az-orosz-amerikai-kapcsolatokban\/","title":{"rendered":"Ukr\u00e1n v\u00e1ls\u00e1g &#8211; Lavrov elh\u00faz\u00f3d\u00f3 fesz\u00fclts\u00e9gre sz\u00e1m\u00edt az orosz-amerikai kapcsolatokban"},"content":{"rendered":"<p><strong>Elh\u00faz\u00f3d\u00f3 fesz\u00fclts\u00e9gre sz\u00e1m\u00edt Moszkva \u00e9s Washington kapcsolataiban az orosz k\u00fcl\u00fcgyminiszter.<\/strong><br \/>\n<!--more--><br \/>\n<div class=\"ads-in-post1\"><div id=\"gazdasagportal.hu_fullbanner_wideboard\"><\/div>\r\n<\/div>\n<p>Szergej Lavrov a korm\u00e1nyz\u00f3 Egys\u00e9ges Oroszorsz\u00e1g p\u00e1rt h\u00e9tf\u0151i moszkvai rendezv\u00e9ny\u00e9n tartott el\u0151ad\u00e1son fejtette ki a Kreml \u00e1ll\u00e1spontj\u00e1t vil\u00e1gpolitikai k\u00e9rd\u00e9sekben.<br \/>\nAz orosz diplom\u00e1cia vezet\u0151je ugyanakkor lesz\u00f6gezte, hogy nincs m\u00e1s \u00e9sszer\u0171 alternat\u00edva, mint a kapcsolatok jav\u00edt\u00e1sa Oroszorsz\u00e1g \u00e9s az Egyes\u00fclt \u00c1llamok, valamint az Eur\u00f3pai Uni\u00f3 k\u00f6z\u00f6tt. Kijelentette: &#8222;Az ukr\u00e1n v\u00e1ls\u00e1g eltart egy ideig, \u00e9s mindenkinek az er\u0151fesz\u00edt\u00e9sek egyes\u00edt\u00e9s\u00e9re kell gondolnia, nem az egyoldal\u00fa szankci\u00f3kra&#8221;.<br \/>\n(MTI)<\/p>\n<p>&nbsp;<\/p>\n<p><strong><a href=\"http:\/\/stockportal.hu\/index.php\/ukran-hrivnyamagyar-forint-mnb-arfolyam\/\" target=\"_blank\" rel=\"noopener\">Ukr\u00e1n Hrivnya\/Forint<\/a><\/strong><\/p><div id=\"gazda-400568397\" class=\"gazda-tartalomban gazda-entity-placement\"><script async src=\"https:\/\/pagead2.googlesyndication.com\/pagead\/js\/adsbygoogle.js\"><\/script>\r\n<ins class=\"adsbygoogle\"\r\n     style=\"display:block\"\r\n     data-ad-format=\"fluid\"\r\n     data-ad-layout-key=\"-6t+ed+2i-1n-4w\"\r\n     data-ad-client=\"ca-pub-1959107119989764\"\r\n     data-ad-slot=\"4008251320\"><\/ins>\r\n<script>\r\n     (adsbygoogle = window.adsbygoogle || []).push({});\r\n<\/script><\/div>\n<p>&nbsp;<\/p>\n","protected":false},"excerpt":{"rendered":"<p>Elh\u00faz\u00f3d\u00f3 fesz\u00fclts\u00e9gre sz\u00e1m\u00edt Moszkva \u00e9s Washington kapcsolataiban az orosz k\u00fcl\u00fcgyminiszter.<\/p>\n","protected":false},"author":1,"featured_media":0,"comment_status":"closed","ping_status":"closed","sticky":false,"template":"","format":"standard","meta":[],"categories":[1],"tags":[413],"_links":{"self":[{"href":"https:\/\/gazdasagportal.hu\/index.php\/wp-json\/wp\/v2\/posts\/47875"}],"collection":[{"href":"https:\/\/gazdasagportal.hu\/index.php\/wp-json\/wp\/v2\/posts"}],"about":[{"href":"https:\/\/gazdasagportal.hu\/index.php\/wp-json\/wp\/v2\/types\/post"}],"author":[{"embeddable":true,"href":"https:\/\/gazdasagportal.hu\/index.php\/wp-json\/wp\/v2\/users\/1"}],"replies":[{"embeddable":true,"href":"https:\/\/gazdasagportal.hu\/index.php\/wp-json\/wp\/v2\/comments?post=47875"}],"version-history":[{"count":1,"href":"https:\/\/gazdasagportal.hu\/index.php\/wp-json\/wp\/v2\/posts\/47875\/revisions"}],"predecessor-version":[{"id":47876,"href":"https:\/\/gazdasagportal.hu\/index.php\/wp-json\/wp\/v2\/posts\/47875\/revisions\/47876"}],"wp:attachment":[{"href":"https:\/\/gazdasagportal.hu\/index.php\/wp-json\/wp\/v2\/media?parent=47875"}],"wp:term":[{"taxonomy":"category","embeddable":true,"href":"https:\/\/gazdasagportal.hu\/index.php\/wp-json\/wp\/v2\/categories?post=47875"},{"taxonomy":"post_tag","embeddable":true,"href":"https:\/\/gazdasagportal.hu\/index.php\/wp-json\/wp\/v2\/tags?post=47875"}],"curies":[{"name":"wp","href":"https:\/\/api.w.org\/{rel}","templated":true}]}}