{"id":47870,"date":"2014-10-20T11:19:22","date_gmt":"2014-10-20T09:19:22","guid":{"rendered":"http:\/\/stockportal.hu\/?p=47870"},"modified":"2014-10-20T11:37:01","modified_gmt":"2014-10-20T09:37:01","slug":"tavozik-a-magyar-telekom-egyik-vezerigazgato-helyettese","status":"publish","type":"post","link":"https:\/\/gazdasagportal.hu\/index.php\/tavozik-a-magyar-telekom-egyik-vezerigazgato-helyettese\/","title":{"rendered":"T\u00e1vozik a Magyar Telekom egyik vez\u00e9rigazgat\u00f3-helyettese"},"content":{"rendered":"<p><strong>T\u00e1vozik a Magyar Telekom lakoss\u00e1gi szolg\u00e1ltat\u00e1sok\u00e9rt felel\u0151s vez\u00e9rigazgat\u00f3-helyettese, Kesz\u00e9g Attila a Deutsche Telekomn\u00e1l folytatja p\u00e1lyafut\u00e1s\u00e1t.<\/strong><!--more--><\/p>\n<div class=\"ads-in-post1\"><div id=\"gazdasagportal.hu_fullbanner_wideboard\"><\/div>\r\n<\/div>\n<p>A Telekom h\u00e9tf\u0151i k\u00f6zlem\u00e9nye szerint Kesz\u00e9g Attila december 31-i hat\u00e1llyal t\u00e1vozik poz\u00edci\u00f3j\u00e1b\u00f3l, \u00e9s 2015. janu\u00e1r 1-j\u00e9t\u0151l a Deutsche Telekom csoport eur\u00f3pai k\u00f6zpontj\u00e1ban t\u00f6lt be eur\u00f3pai hat\u00e1sk\u00f6r\u0171 vezet\u0151i poz\u00edci\u00f3t.<br \/>\nKesz\u00e9g Attila 2010. szeptember 1-j\u00e9t\u0151l volt a Magyar Telekom vez\u00e9rigazgat\u00f3-helyettese \u00e9s a lakoss\u00e1gi \u00fczlet\u00e1g vezet\u0151je. Ut\u00f3dl\u00e1s\u00e1r\u00f3l k\u00e9s\u0151bb d\u00f6ntenek.(MTI)<\/p>\n","protected":false},"excerpt":{"rendered":"<p>T\u00e1vozik a Magyar Telekom lakoss\u00e1gi szolg\u00e1ltat\u00e1sok\u00e9rt felel\u0151s vez\u00e9rigazgat\u00f3-helyettese, Kesz\u00e9g Attila a Deutsche Telekomn\u00e1l folytatja p\u00e1lyafut\u00e1s\u00e1t.<\/p>\n","protected":false},"author":1,"featured_media":41648,"comment_status":"closed","ping_status":"closed","sticky":false,"template":"","format":"standard","meta":[],"categories":[146,7],"tags":[85],"_links":{"self":[{"href":"https:\/\/gazdasagportal.hu\/index.php\/wp-json\/wp\/v2\/posts\/47870"}],"collection":[{"href":"https:\/\/gazdasagportal.hu\/index.php\/wp-json\/wp\/v2\/posts"}],"about":[{"href":"https:\/\/gazdasagportal.hu\/index.php\/wp-json\/wp\/v2\/types\/post"}],"author":[{"embeddable":true,"href":"https:\/\/gazdasagportal.hu\/index.php\/wp-json\/wp\/v2\/users\/1"}],"replies":[{"embeddable":true,"href":"https:\/\/gazdasagportal.hu\/index.php\/wp-json\/wp\/v2\/comments?post=47870"}],"version-history":[{"count":2,"href":"https:\/\/gazdasagportal.hu\/index.php\/wp-json\/wp\/v2\/posts\/47870\/revisions"}],"predecessor-version":[{"id":47877,"href":"https:\/\/gazdasagportal.hu\/index.php\/wp-json\/wp\/v2\/posts\/47870\/revisions\/47877"}],"wp:featuredmedia":[{"embeddable":true,"href":"https:\/\/gazdasagportal.hu\/index.php\/wp-json\/wp\/v2\/media\/41648"}],"wp:attachment":[{"href":"https:\/\/gazdasagportal.hu\/index.php\/wp-json\/wp\/v2\/media?parent=47870"}],"wp:term":[{"taxonomy":"category","embeddable":true,"href":"https:\/\/gazdasagportal.hu\/index.php\/wp-json\/wp\/v2\/categories?post=47870"},{"taxonomy":"post_tag","embeddable":true,"href":"https:\/\/gazdasagportal.hu\/index.php\/wp-json\/wp\/v2\/tags?post=47870"}],"curies":[{"name":"wp","href":"https:\/\/api.w.org\/{rel}","templated":true}]}}