{"id":47849,"date":"2014-10-20T10:05:06","date_gmt":"2014-10-20T08:05:06","guid":{"rendered":"http:\/\/stockportal.hu\/?p=47849"},"modified":"2014-10-20T10:05:06","modified_gmt":"2014-10-20T08:05:06","slug":"kiterjesztik-a-sztrajkot-a-lufthansa-pilotai-budapesti-jaratokat-is-toroltek","status":"publish","type":"post","link":"https:\/\/gazdasagportal.hu\/index.php\/kiterjesztik-a-sztrajkot-a-lufthansa-pilotai-budapesti-jaratokat-is-toroltek\/","title":{"rendered":"Kiterjesztik a sztr\u00e1jkot a Lufthansa pil\u00f3t\u00e1i, budapesti j\u00e1ratokat is t\u00f6r\u00f6ltek"},"content":{"rendered":"<p><strong>Kiterjesztik h\u00e9tf\u0151n d\u00e9lut\u00e1n kezd\u0151d\u0151 35 \u00f3r\u00e1s sztr\u00e1jkjukat a Lufthansa pil\u00f3t\u00e1i, a munkabesz\u00fcntet\u00e9s miatt a n\u00e9met l\u00e9git\u00e1rsas\u00e1g budapesti j\u00e1ratokat is t\u00f6r\u00f6lt.<\/strong><!--more--><\/p>\n<div class=\"ads-in-post1\"><div id=\"gazdasagportal.hu_fullbanner_wideboard\"><\/div>\r\n<\/div>\n<p>    A pil\u00f3t\u00e1k szakszervezete, a Vereinigung Cockpit (VC) h\u00e9tf\u0151i bejelent\u00e9se szerint a 13 \u00f3rakor kezd\u0151d\u0151 munkabesz\u00fcntet\u00e9st kedd reggel a hossz\u00fa t\u00e1v\u00fa j\u00e1ratokra is kiterjesztik. A sztr\u00e1jk kedd \u00e9jf\u00e9lkor \u00e9r v\u00e9get.<br \/>\n    A Lufthansa a munkabesz\u00fcntet\u00e9s miatt 12 Budapestr\u0151l indul\u00f3 \u00e9s 13 Budapestre \u00e9rkez\u0151 j\u00e1rat\u00e1t t\u00f6r\u00f6lte.<br \/>\n    A munka\u00fcgyi vita t\u00e1rgya a pil\u00f3t\u00e1k el\u0151nyugd\u00edjaz\u00e1sa. A pil\u00f3t\u00e1k szakszervezete kor\u00e1bbi, a t\u00e1rsas\u00e1g k\u00e9s\u0151bbi el\u0151nyugd\u00edjaz\u00e1st akar. Ebben az \u00fcgyben ez lesz a nyolcadik pil\u00f3tasztr\u00e1jk \u00e1prilis v\u00e9ge \u00f3ta.<br \/>\n    Az 5400 pil\u00f3t\u00e1t k\u00e9pvisel\u0151 szakszervezet ragaszkodik az eddigi rendhez, amely szerint a pil\u00f3t\u00e1k 55 \u00e9ves korukban el\u0151nyugd\u00edjba mehetnek \u00fagy, hogy t\u00f6rv\u00e9nyes nyugd\u00edjuk 60 sz\u00e1zal\u00e9k\u00e1t kapj\u00e1k a v\u00e1llalati nyugd\u00edjalapb\u00f3l a rendes nyugd\u00edjkorhat\u00e1r el\u00e9r\u00e9s\u00e9ig. A nagy nemzetk\u00f6zi konkurencia miatt k\u00f6lts\u00e9g\u00e9rz\u00e9keny v\u00e1llalatvezet\u00e9s belemenne abba, hogy a r\u00e9gi pil\u00f3t\u00e1k sz\u00e1m\u00e1ra v\u00e1ltozatlan maradjon a rendszer, de emelni akarja az el\u0151nyugd\u00edj korhat\u00e1r\u00e1t az id\u00e9n \u00e9v eleje \u00f3ta bel\u00e9pettek sz\u00e1m\u00e1ra. Ezt a VC elutas\u00edtja. A meg\u00e1llapod\u00e1s k\u00e9sik, annak ellen\u00e9re, hogy a pil\u00f3ta-szakszervezet felaj\u00e1nlotta: besz\u00e1ll a rendszer finansz\u00edroz\u00e1s\u00e1ba.<br \/>\n    A Lufthansa pil\u00f3t\u00e1inak \u00fajabb munkabesz\u00fcntet\u00e9se alig n\u00e9h\u00e1ny \u00f3r\u00e1val azut\u00e1n kezd\u0151dik, hogy v\u00e9get \u00e9rt a n\u00e9met mozdonyvezet\u0151k sztr\u00e1jkja, amely miatt szombatt\u00f3l h\u00e9tf\u0151 hajnalig a belf\u00f6ldi t\u00e1vols\u00e1gi vonatmenetrend k\u00e9tharmad\u00e1t t\u00f6r\u00f6lt\u00e9k.(MTI)<\/p>\n","protected":false},"excerpt":{"rendered":"<p>Kiterjesztik h\u00e9tf\u0151n d\u00e9lut\u00e1n kezd\u0151d\u0151 35 \u00f3r\u00e1s sztr\u00e1jkjukat a Lufthansa pil\u00f3t\u00e1i, a munkabesz\u00fcntet\u00e9s miatt a n\u00e9met l\u00e9git\u00e1rsas\u00e1g budapesti j\u00e1ratokat is t\u00f6r\u00f6lt.<\/p>\n","protected":false},"author":1,"featured_media":0,"comment_status":"closed","ping_status":"closed","sticky":false,"template":"","format":"standard","meta":[],"categories":[1],"tags":[],"_links":{"self":[{"href":"https:\/\/gazdasagportal.hu\/index.php\/wp-json\/wp\/v2\/posts\/47849"}],"collection":[{"href":"https:\/\/gazdasagportal.hu\/index.php\/wp-json\/wp\/v2\/posts"}],"about":[{"href":"https:\/\/gazdasagportal.hu\/index.php\/wp-json\/wp\/v2\/types\/post"}],"author":[{"embeddable":true,"href":"https:\/\/gazdasagportal.hu\/index.php\/wp-json\/wp\/v2\/users\/1"}],"replies":[{"embeddable":true,"href":"https:\/\/gazdasagportal.hu\/index.php\/wp-json\/wp\/v2\/comments?post=47849"}],"version-history":[{"count":1,"href":"https:\/\/gazdasagportal.hu\/index.php\/wp-json\/wp\/v2\/posts\/47849\/revisions"}],"predecessor-version":[{"id":47850,"href":"https:\/\/gazdasagportal.hu\/index.php\/wp-json\/wp\/v2\/posts\/47849\/revisions\/47850"}],"wp:attachment":[{"href":"https:\/\/gazdasagportal.hu\/index.php\/wp-json\/wp\/v2\/media?parent=47849"}],"wp:term":[{"taxonomy":"category","embeddable":true,"href":"https:\/\/gazdasagportal.hu\/index.php\/wp-json\/wp\/v2\/categories?post=47849"},{"taxonomy":"post_tag","embeddable":true,"href":"https:\/\/gazdasagportal.hu\/index.php\/wp-json\/wp\/v2\/tags?post=47849"}],"curies":[{"name":"wp","href":"https:\/\/api.w.org\/{rel}","templated":true}]}}