{"id":47812,"date":"2014-10-20T07:24:43","date_gmt":"2014-10-20T05:24:43","guid":{"rendered":"http:\/\/stockportal.hu\/?p=47812"},"modified":"2014-10-19T20:11:52","modified_gmt":"2014-10-19T18:11:52","slug":"ukran-valsag-az-oroszbarat-szeparatistak-miatt-zuhant-le-a-malajziai-gep-a-nemet-hirszerzes-szerint","status":"publish","type":"post","link":"https:\/\/gazdasagportal.hu\/index.php\/ukran-valsag-az-oroszbarat-szeparatistak-miatt-zuhant-le-a-malajziai-gep-a-nemet-hirszerzes-szerint\/","title":{"rendered":"Ukr\u00e1n v\u00e1ls\u00e1g &#8211; Az oroszbar\u00e1t szeparatist\u00e1k miatt zuhant le a malajziai g\u00e9p a n\u00e9met h\u00edrszerz\u00e9s szerint"},"content":{"rendered":"<p><strong>A n\u00e9met sz\u00f6vets\u00e9gi h\u00edrszerz\u0151 szolg\u00e1lat (BND) \u00e9rt\u00e9kel\u00e9se szerint oroszbar\u00e1t szeparatist\u00e1k okozt\u00e1k a j\u00faliusban Kelet-Ukrajn\u00e1ban lezuhant malajziai utassz\u00e1ll\u00edt\u00f3 rep\u00fcl\u0151g\u00e9p katasztr\u00f3f\u00e1j\u00e1t &#8211; \u00edrta a Der Spiegel c\u00edm\u0171 n\u00e9met h\u00edrmagazin a vas\u00e1rnap megjelent sz\u00e1m\u00e1ban.<\/strong><!--more--><\/p>\n<div class=\"ads-in-post1\"><div id=\"gazdasagportal.hu_fullbanner_wideboard\"><\/div>\r\n<\/div>\n<p>    A BND szerint oroszbar\u00e1t szakad\u00e1rok zs\u00e1km\u00e1nyoltak egy Buk t\u00edpus\u00fa, orosz gy\u00e1rtm\u00e1ny\u00fa l\u00e9gv\u00e9delmi rak\u00e9tarendszert egy ukrajnai katonai t\u00e1maszpontr\u00f3l, \u00e9s j\u00falius 17-\u00e9n kil\u0151ttek vele egy rak\u00e9t\u00e1t, amely k\u00f6zvetlen\u00fcl a mal\u00e1j l\u00e9git\u00e1rsas\u00e1g g\u00e9pe mellett robbant fel. A katasztr\u00f3f\u00e1t ez a robban\u00e1s okozta.<br \/>\n    Err\u0151l Gerhard Schindler, a BND eln\u00f6ke sz\u00e1molt be okt\u00f3ber elej\u00e9n a h\u00edrszerz\u0151 szolg\u00e1latokat a t\u00f6rv\u00e9nyhoz\u00e1s r\u00e9sz\u00e9r\u0151l fel\u00fcgyel\u0151 parlamenti ellen\u0151rz\u0151 test\u00fclet (PKG) \u00fcl\u00e9s\u00e9n &#8211; \u00edrta a Der Spiegel.<br \/>\n    A BND eln\u00f6ke egy sor dokumentumot, k\u00f6zt\u00fck f\u00e9nyk\u00e9peket \u00e9s m\u0171holdfelv\u00e9teleket mutatott be a mindig z\u00e1rt ajt\u00f3k m\u00f6g\u00f6tt &#8211; \u00e9s lehallgat\u00e1sbiztos helyis\u00e9gben &#8211; tan\u00e1cskoz\u00f3 PKG okt\u00f3ber 8-\u00e1n tartott \u00fcl\u00e9s\u00e9n. Elmondta, hogy a szolg\u00e1lat elemz\u00e9se alapj\u00e1n az ukr\u00e1n hat\u00f3s\u00e1gok \u00e9s az orosz szervek is hamis be\u00e1ll\u00edt\u00e1sban t\u00e1lalj\u00e1k az \u00fcgyet. A katasztr\u00f3f\u00e1r\u00f3l ukr\u00e1n r\u00e9szr\u0151l bemutatott felv\u00e9telek manipul\u00e1ltak, de a szerencs\u00e9tlens\u00e9gnek az az orosz magyar\u00e1zata is hamis, amely szerint ukr\u00e1n katon\u00e1k l\u0151ttek ki rak\u00e9t\u00e1t a g\u00e9pre, \u00e9s a trag\u00e9dia idej\u00e9n a mal\u00e1j utassz\u00e1ll\u00edt\u00f3 k\u00f6zel\u00e9ben rep\u00fclt egy ukr\u00e1n vad\u00e1szbomb\u00e1z\u00f3.<br \/>\n     A Malaysia Airlines Amszterdamb\u00f3l Kuala Lumpurba tart\u00f3 MH17-es j\u00e1rata a Donyeck megyei Hrabove telep\u00fcl\u00e9sn\u00e9l, oroszbar\u00e1t szakad\u00e1rok \u00e1ltal ellen\u0151rz\u00f6tt ter\u00fcleten zuhant le. A trag\u00e9di\u00e1ban 298-an vesztett\u00e9k \u00e9let\u00fcket, k\u00f6zt\u00fck 196 holland \u00e1llampolg\u00e1r. A g\u00e9p lezuhan\u00e1s\u00e1t senki nem \u00e9lte t\u00fal.<br \/>\n    A katasztr\u00f3fa okait vizsg\u00e1l\u00f3 holland szak\u00e9rt\u0151i test\u00fclet szeptemberben bemutatott el\u0151zetes jelent\u00e9se szerint a g\u00e9p m\u00e1r a leveg\u0151ben darabokra szakadt szerkezeti k\u00e1rosod\u00e1s miatt, amelyet t\u00f6bb, k\u00edv\u00fclr\u0151l \u00e9rkez\u0151, nagy energi\u00e1j\u00fa t\u00e1rgy okozott.<br \/>\n    Kijev \u00e9s a Nyugat m\u00e1r a holland vizsg\u00e1lat lez\u00e1rulta el\u0151tt arra az \u00e1ll\u00e1spontra helyezkedett, hogy a kelet-ukrajnai szakad\u00e1rok l\u0151tt\u00e9k le a g\u00e9pet. Moszkva \u00e9s a szakad\u00e1rok az ukr\u00e1n fegyveres er\u0151kre h\u00e1r\u00edtj\u00e1k a felel\u0151ss\u00e9get.<br \/>\n    A katasztr\u00f3f\u00e1ban 4 n\u00e9met \u00e1llampolg\u00e1r halt meg. A n\u00e9met sz\u00f6vets\u00e9gi \u00fcgy\u00e9szs\u00e9g h\u00e1bor\u00fas b\u0171ncselekm\u00e9ny gyan\u00faja miatt nyomoz\u00e1st ind\u00edtott ismeretlen tettes ellen &#8211; \u00edrta a Der Spiegel.(MTI)<\/p>\n","protected":false},"excerpt":{"rendered":"<p>A n\u00e9met sz\u00f6vets\u00e9gi h\u00edrszerz\u0151 szolg\u00e1lat (BND) \u00e9rt\u00e9kel\u00e9se szerint oroszbar\u00e1t szeparatist\u00e1k okozt\u00e1k a j\u00faliusban Kelet-Ukrajn\u00e1ban lezuhant malajziai utassz\u00e1ll\u00edt\u00f3 rep\u00fcl\u0151g\u00e9p katasztr\u00f3f\u00e1j\u00e1t &#8211; \u00edrta a Der Spiegel c\u00edm\u0171 n\u00e9met h\u00edrmagazin a vas\u00e1rnap megjelent sz\u00e1m\u00e1ban.<\/p>\n","protected":false},"author":1,"featured_media":0,"comment_status":"closed","ping_status":"closed","sticky":false,"template":"","format":"standard","meta":[],"categories":[1],"tags":[413],"_links":{"self":[{"href":"https:\/\/gazdasagportal.hu\/index.php\/wp-json\/wp\/v2\/posts\/47812"}],"collection":[{"href":"https:\/\/gazdasagportal.hu\/index.php\/wp-json\/wp\/v2\/posts"}],"about":[{"href":"https:\/\/gazdasagportal.hu\/index.php\/wp-json\/wp\/v2\/types\/post"}],"author":[{"embeddable":true,"href":"https:\/\/gazdasagportal.hu\/index.php\/wp-json\/wp\/v2\/users\/1"}],"replies":[{"embeddable":true,"href":"https:\/\/gazdasagportal.hu\/index.php\/wp-json\/wp\/v2\/comments?post=47812"}],"version-history":[{"count":1,"href":"https:\/\/gazdasagportal.hu\/index.php\/wp-json\/wp\/v2\/posts\/47812\/revisions"}],"predecessor-version":[{"id":47813,"href":"https:\/\/gazdasagportal.hu\/index.php\/wp-json\/wp\/v2\/posts\/47812\/revisions\/47813"}],"wp:attachment":[{"href":"https:\/\/gazdasagportal.hu\/index.php\/wp-json\/wp\/v2\/media?parent=47812"}],"wp:term":[{"taxonomy":"category","embeddable":true,"href":"https:\/\/gazdasagportal.hu\/index.php\/wp-json\/wp\/v2\/categories?post=47812"},{"taxonomy":"post_tag","embeddable":true,"href":"https:\/\/gazdasagportal.hu\/index.php\/wp-json\/wp\/v2\/tags?post=47812"}],"curies":[{"name":"wp","href":"https:\/\/api.w.org\/{rel}","templated":true}]}}