{"id":4762,"date":"2013-03-10T14:00:18","date_gmt":"2013-03-10T13:00:18","guid":{"rendered":"http:\/\/stockportal.hu\/?p=4762"},"modified":"2013-03-10T14:05:40","modified_gmt":"2013-03-10T13:05:40","slug":"sziria-der-spiegel-sziriai-lazadokat-kepeznek-ki-amerikaiak-jordaniaban","status":"publish","type":"post","link":"https:\/\/gazdasagportal.hu\/index.php\/sziria-der-spiegel-sziriai-lazadokat-kepeznek-ki-amerikaiak-jordaniaban\/","title":{"rendered":"Sz\u00edria &#8211; Der Spiegel: sz\u00edriai l\u00e1zad\u00f3kat k\u00e9peznek ki amerikaiak Jord\u00e1ni\u00e1ban"},"content":{"rendered":"<p><strong>Sz\u00edriai l\u00e1zad\u00f3kat k\u00e9peznek ki amerikai szak\u00e9rt\u0151k Jord\u00e1ni\u00e1ban, a titkos program m\u00e1r h\u00e1rom h\u00f3napja tart &#8211; \u00edrta vas\u00e1rnap megjelent sz\u00e1m\u00e1ban a Der Spiegel. \u00a0 \u00a0 \u00a0 \u00a0 \u00a0 \u00a0 \u00a0 \u00a0 \u00a0 \u00a0 \u00a0 \u00a0 \u00a0 \u00a0 \u00a0 \u00a0 \u00a0 \u00a0 \u00a0 \u00a0 \u00a0 \u00a0 \u00a0 \u00a0 \u00a0 \u00a0 \u00a0 \u00a0 \u00a0 \u00a0 \u00a0 \u00a0 \u00a0 \u00a0 \u00a0 \u00a0 \u00a0 \u00a0 \u00a0 \u00a0 \u00a0 \u00a0 \u00a0 \u00a0 \u00a0 \u00a0 \u00a0 \u00a0 \u00a0 \u00a0 \u00a0 \u00a0 \u00a0 \u00a0 \u00a0 \u00a0 \u00a0 \u00a0 \u00a0 \u00a0 \u00a0 \u00a0<\/strong><\/p>\n<p><!--more--><\/p>\n<p>A n\u00e9met h\u00edrmagazin besz\u00e1mol\u00f3ja szerint eddig a Szabad Sz\u00edriai Hadsereg nev\u0171 felkel\u0151 szervezet 200 harcosa vett r\u00e9szt a programban, a k\u00f6vetkez\u0151 id\u0151szakban pedig k\u00e9t jord\u00e1niai t\u00e1borban \u00f6sszesen hatsz\u00e1zan kapnak m\u00e1sf\u00e9l h\u00f3napos kik\u00e9pz\u00e9st.<br \/>\nAz nem ismert, hogy az amerikai szak\u00e9rt\u0151k \u00e1llami k\u00fcldet\u00e9st teljes\u00edtenek-e, vagy mag\u00e1nc\u00e9g megb\u00edz\u00e1s\u00e1b\u00f3l dolgoznak, az viszont biztos, hogy t\u00f6bb egyenruh\u00e1s is r\u00e9szt vesz a programban &#8211; \u00edrta a Der Spiegel. A kik\u00e9pz\u0151k els\u0151sorban harckocsi-elh\u00e1r\u00edt\u00e1sra kifejlesztett fegyverek haszn\u00e1lat\u00e1t oktatj\u00e1k, hogy a felkel\u0151k meg tudj\u00e1k t\u00f6rni a sz\u00edriai hadsereg p\u00e1nc\u00e9losainak f\u00f6l\u00e9ny\u00e9t.<br \/>\nA n\u00e9met h\u00edrmagazin szerint a programot a jord\u00e1niai titkosszolg\u00e1lat szervezi a Sz\u00edria d\u00e9li r\u00e9sz\u00e9n, a jord\u00e1niai hat\u00e1r t\u00e9rs\u00e9g\u00e9ben tev\u00e9kenyked\u0151 nagyobb felkel\u0151 csoportok vezet\u0151ivel egy\u00fcttm\u0171k\u00f6dve, azzal a c\u00e9llal, hogy a tucatnyi csoportb\u00f3l \u00f6ssze\u00e1lljon egy nagyj\u00e1b\u00f3l 10 ezer f\u0151s egys\u00e9g, az \u00fagynevezett D\u00e9li Egys\u00e9g, amelyhez nem csatlakozhatnak iszlamist\u00e1k.<br \/>\nAz amm\u00e1ni vezet\u00e9s els\u0151sorban az\u00e9rt fogott hozz\u00e1 a programhoz, mert meg akarja akad\u00e1lyozni, hogy radik\u00e1lis jord\u00e1niai szalafist\u00e1k \u00e1tsziv\u00e1rogjanak Sz\u00edri\u00e1ba, be\u00e9p\u00fcljenek a felkel\u0151 csoportokba, majd visszat\u00e9rve Jord\u00e1ni\u00e1ban sz\u00edtsanak l\u00e1zad\u00e1st. Amm\u00e1n az\u00e9rt is t\u00e1mogatja a felkel\u0151ket, hogy min\u00e9l nagyobb befoly\u00e1st biztos\u00edtson mag\u00e1nak a polg\u00e1rh\u00e1bor\u00fa ut\u00e1ni id\u0151kre &#8211; \u00edrta a Der Spiegel.<br \/>\nAz ENSZ becsl\u00e9se szerint a Sz\u00edri\u00e1ban k\u00e9t \u00e9ve kit\u00f6rt konfliktusnak t\u00f6bb mint 70 ezer hal\u00e1los \u00e1ldozata van. Az orsz\u00e1gb\u00f3l nagyj\u00e1b\u00f3l egymilli\u00f3an menek\u00fcltek el, \u00e9s ugyancsak egymilli\u00f3ra teszik a bels\u0151 menek\u00fcltek sz\u00e1m\u00e1t.(MTI)<\/p>\n","protected":false},"excerpt":{"rendered":"<p>Sz\u00edriai l\u00e1zad\u00f3kat k\u00e9peznek ki amerikai szak\u00e9rt\u0151k Jord\u00e1ni\u00e1ban, a titkos program m\u00e1r h\u00e1rom h\u00f3napja tart &#8211; \u00edrta vas\u00e1rnap megjelent sz\u00e1m\u00e1ban a Der Spiegel. \u00a0 \u00a0 \u00a0 \u00a0 \u00a0 \u00a0 \u00a0 \u00a0 \u00a0 \u00a0 \u00a0 \u00a0 \u00a0 \u00a0 \u00a0 \u00a0 \u00a0 \u00a0 \u00a0 \u00a0 \u00a0 \u00a0 \u00a0 \u00a0 \u00a0 \u00a0 \u00a0 \u00a0 \u00a0 \u00a0 \u00a0 \u00a0 \u00a0 &#8230;<\/p>\n","protected":false},"author":1,"featured_media":1344,"comment_status":"closed","ping_status":"closed","sticky":false,"template":"","format":"standard","meta":[],"categories":[16],"tags":[],"_links":{"self":[{"href":"https:\/\/gazdasagportal.hu\/index.php\/wp-json\/wp\/v2\/posts\/4762"}],"collection":[{"href":"https:\/\/gazdasagportal.hu\/index.php\/wp-json\/wp\/v2\/posts"}],"about":[{"href":"https:\/\/gazdasagportal.hu\/index.php\/wp-json\/wp\/v2\/types\/post"}],"author":[{"embeddable":true,"href":"https:\/\/gazdasagportal.hu\/index.php\/wp-json\/wp\/v2\/users\/1"}],"replies":[{"embeddable":true,"href":"https:\/\/gazdasagportal.hu\/index.php\/wp-json\/wp\/v2\/comments?post=4762"}],"version-history":[{"count":3,"href":"https:\/\/gazdasagportal.hu\/index.php\/wp-json\/wp\/v2\/posts\/4762\/revisions"}],"predecessor-version":[{"id":4771,"href":"https:\/\/gazdasagportal.hu\/index.php\/wp-json\/wp\/v2\/posts\/4762\/revisions\/4771"}],"wp:featuredmedia":[{"embeddable":true,"href":"https:\/\/gazdasagportal.hu\/index.php\/wp-json\/wp\/v2\/media\/1344"}],"wp:attachment":[{"href":"https:\/\/gazdasagportal.hu\/index.php\/wp-json\/wp\/v2\/media?parent=4762"}],"wp:term":[{"taxonomy":"category","embeddable":true,"href":"https:\/\/gazdasagportal.hu\/index.php\/wp-json\/wp\/v2\/categories?post=4762"},{"taxonomy":"post_tag","embeddable":true,"href":"https:\/\/gazdasagportal.hu\/index.php\/wp-json\/wp\/v2\/tags?post=4762"}],"curies":[{"name":"wp","href":"https:\/\/api.w.org\/{rel}","templated":true}]}}