{"id":47244,"date":"2014-10-12T22:04:46","date_gmt":"2014-10-12T20:04:46","guid":{"rendered":"http:\/\/stockportal.hu\/?p=47244"},"modified":"2014-10-12T22:04:46","modified_gmt":"2014-10-12T20:04:46","slug":"onkormanyzat-2014-pava-zsolt-peldatlan-sikert-ert-el-a-fidesz-pecsen","status":"publish","type":"post","link":"https:\/\/gazdasagportal.hu\/index.php\/onkormanyzat-2014-pava-zsolt-peldatlan-sikert-ert-el-a-fidesz-pecsen\/","title":{"rendered":"\u00d6nkorm\u00e1nyzat 2014 \u2013 P\u00e1va Zsolt: p\u00e9ld\u00e1tlan sikert \u00e9rt el a Fidesz P\u00e9csen"},"content":{"rendered":"<p><strong>Az eddig elv\u00e9gzett munk\u00e1nak \u00e9s a p\u00e9csiek bizalm\u00e1nak k\u00f6sz\u00f6nhet\u0151en p\u00e9ld\u00e1tlan sikert \u00e9rt el a Fidesz-KDNP P\u00e9csen azzal, hogy minden egy\u00e9ni v\u00e1laszt\u00f3ker\u00fcletben gy\u0151ztek a jel\u00f6ltjei &#8211; mondta a Fidesz-KDNP \u00fajrav\u00e1lasztott polg\u00e1rmestere a v\u00e1laszt\u00e1si eredm\u00e9nyek 99 sz\u00e1zal\u00e9kos feldolgozotts\u00e1ga ut\u00e1n.<\/strong><!--more--><\/p>\n<div class=\"ads-in-post1\"><div id=\"gazdasagportal.hu_fullbanner_wideboard\"><\/div>\r\n<\/div>\n<p>    P\u00e1va Zsolt a 2009-es id\u0151k\u00f6zi polg\u00e1rmester-v\u00e1laszt\u00e1ssal egy\u00fctt negyedszer kapta meg a p\u00e9csiek bizalm\u00e1t.<br \/>\n    A v\u00e1rosvezet\u0151 a sajt\u00f3 k\u00e9pvisel\u0151i el\u0151tt els\u0151k\u00e9nt a p\u00e9csieknek mondott k\u00f6sz\u00f6netet az\u00e9rt, hogy mind \u0151, mind a fideszes k\u00e9pvisel\u0151jel\u00f6ltek jelent\u0151s t\u00e1mogat\u00e1st kaptak. Azt mondta, nagyon neh\u00e9z n\u00e9gy \u00e9v van a v\u00e1rosvezet\u00e9s m\u00f6g\u00f6tt, komoly munk\u00e1t kellett elv\u00e9gezni, ezt pedig a v\u00e1laszt\u00f3k most szavazataikkal d\u00edjazt\u00e1k.<br \/>\n    Felh\u00edvta a figyelmet arra, hogy a Fidesz-KDNP jel\u00f6ltjei minden egy\u00e9ni \u00f6nkorm\u00e1nyzati k\u00f6rzetben gy\u0151zni tudtak, amire a p\u00e9csi politikai \u00e9letben kor\u00e1bban m\u00e9g soha nem volt p\u00e9lda. Ez, mondta, annak k\u00f6sz\u00f6nhet\u0151, hogy a v\u00e1laszt\u00f3k t\u00f6bbs\u00e9ge el\u00e9gedett volt az elm\u00falt n\u00e9gy \u00e9vben a fideszes \u00f6nkorm\u00e1nyzati k\u00e9pvisel\u0151k munk\u00e1j\u00e1val is.<br \/>\n    &#8222;Term\u00e9szetesen nem l\u00e9p\u00fcnk vissza, nem d\u0151l\u00fcnk h\u00e1tra. Szeretj\u00fck, ismerj\u00fck ezt a v\u00e1rost \u00e9s mindent megtesz\u00fcnk annak \u00e9rdek\u00e9ben, hogy sikeres legyen P\u00e9cs&#8221; &#8211; jelentette ki P\u00e1va Zsolt. A Fidesz-KDNP leend\u0151 frakci\u00f3j\u00e1val kapcsolatban kiemelte, hogy a 19 k\u00e9pvisel\u0151b\u0151l h\u00e9t n\u0151 foglal majd helyet a p\u00e9csi k\u00f6zgy\u0171l\u00e9sben, ami jelzi, hogy e tekintetben is m\u00e1s fajta politika lesz P\u00e9csen, mint a kor\u00e1bbi ciklusokban.<br \/>\n    Saj\u00e1t eredm\u00e9ny\u00e9r\u0151l sz\u00f3lva elmondta: az ar\u00e1nyokat jelent\u0151sen befoly\u00e1solta, hogy heten indultak harcba a polg\u00e1rmesteri sz\u00e9k\u00e9rt. Hozz\u00e1tette: a baloldali er\u0151k \u00f6sszefogva \u00e1ll\u00edtottak polg\u00e1rmesterjel\u00f6ltet, egy er\u0151s jobbikos aspir\u00e1ns \u00e9s egy &#8222;civilnek mondott&#8221; jel\u00f6lt is harcba sz\u00e1llt. Ilyen szempontb\u00f3l az el\u00e9rt 39 sz\u00e1zal\u00e9kos t\u00e1mogatotts\u00e1g komoly legitim\u00e1ci\u00f3t jelent a j\u00f6v\u0151re n\u00e9zve \u2013 \u00e9rt\u00e9kelte P\u00e1va Zsolt.(MTI)<\/p>\n<p>&nbsp;<\/p><div id=\"gazda-2694949296\" class=\"gazda-tartalomban gazda-entity-placement\"><script async src=\"https:\/\/pagead2.googlesyndication.com\/pagead\/js\/adsbygoogle.js\"><\/script>\r\n<ins class=\"adsbygoogle\"\r\n     style=\"display:block\"\r\n     data-ad-format=\"fluid\"\r\n     data-ad-layout-key=\"-6t+ed+2i-1n-4w\"\r\n     data-ad-client=\"ca-pub-1959107119989764\"\r\n     data-ad-slot=\"4008251320\"><\/ins>\r\n<script>\r\n     (adsbygoogle = window.adsbygoogle || []).push({});\r\n<\/script><\/div>\n<p>&nbsp;<\/p>\n<div class=\"text\">\n<a href=\"http:\/\/stockportal.hu\/index.php\/category\/vegtorlesztes-devizahitel-forintositas\/\" target=\"_blank\" rel=\"noopener\"><img decoding=\"async\" loading=\"lazy\" class=\"alignleft size-full wp-image-46988\" src=\"http:\/\/stockportal.hu\/wp-content\/uploads\/2014\/10\/devizahitel_100_621.jpg\" alt=\"devizahitel_100_62\" width=\"100\" height=\"63\" \/><\/a><font SIZE=\"+2\"><strong><a href=\"http:\/\/stockportal.hu\/index.php\/category\/vegtorlesztes-devizahitel-forintositas\/\" target=\"_blank\" rel=\"noopener\"><span style=\"background-color: #71091f;\"><span style=\"color: #ffffff;\">Devizahitel \u2013 Forintos\u00edt\u00e1s<\/span> <\/span><\/a><\/strong><\/font><br \/>\n<a http:\/\/stockportal.hu\/index.php\/category\/vegtorlesztes-devizahitel-forintositas\/\">Egyre jobban k\u00f6zelit a nap, amikor megt\u00f6rt\u00e9nik a devizahitel k\u00e1rosultak megseg\u00edt\u00e9se&#8221; <strong>Friss h\u00edrek a devizahitel t\u00e9m\u00e1b\u00f3l<\/strong><\/a><\/p>\n<p>&#8212;&#8212;&#8212;&#8212;&#8212;&#8212;&#8212;&#8212;&#8212;&#8212;&#8212;&#8212;&#8212;&#8212;&#8212;&#8212;&#8212;&#8212;&#8212;&#8212;&#8212;&#8212;&#8212;&#8212;&#8212;&#8212;&#8212;&#8212;&#8212;&#8212;&#8212;&#8212;&#8212;&#8212;&#8212;<\/p>\n<div class=\"text\">\n<a href=\"http:\/\/stockportal.hu\/index.php\/category\/fontos-esemenyek\/ebola-jarvany\/\" target=\"_blank\" rel=\"noopener\"><img decoding=\"async\" loading=\"lazy\" class=\"alignleft size-full wp-image-46988\" src=\"http:\/\/stockportal.hu\/wp-content\/uploads\/2014\/10\/ebola_100_63.jpg\" alt=\"devizahitel_100_62\" width=\"100\" height=\"63\" \/><\/a><font SIZE=\"+2\"><strong><a href=\"http:\/\/stockportal.hu\/index.php\/category\/fontos-esemenyek\/ebola-jarvany\/\" target=\"_blank\" rel=\"noopener\"><span style=\"background-color: #71091f;\"><span style=\"color: #ffffff;\">Ebola j\u00e1rv\u00e1ny<\/span> <\/span><\/a><\/strong><\/font><br \/>\n<a href=\"http:\/\/stockportal.hu\/index.php\/category\/fontos-esemenyek\/ebola-jarvany\/\" target=\"_blank\" rel=\"noopener\">Terjed a j\u00e1rv\u00e1ny,n\u0151 a fesz\u0171lts\u00e9g,  a korm\u00e1nyok egyre komolyabb int\u00e9zked\u00e9seket hoznak&#8221; <strong>Friss h\u00edrek az Ebola j\u00e1rv\u00e1nyr\u00f3l<\/strong><\/a><\/p>\n<p>&#8212;&#8212;&#8212;&#8212;&#8212;&#8212;&#8212;&#8212;&#8212;&#8212;&#8212;&#8212;&#8212;&#8212;&#8212;&#8212;&#8212;&#8212;&#8212;&#8212;&#8212;&#8212;&#8212;&#8212;&#8212;&#8212;&#8212;&#8212;&#8212;&#8212;&#8212;&#8212;&#8212;&#8212;&#8212;<\/p>\n<div class=\"text\">\n<a href=\"http:\/\/stockportal.hu\/index.php\/category\/fontos-esemenyek\/ukran-valsag\/\" target=\"_blank\" rel=\"noopener\"><img decoding=\"async\" loading=\"lazy\" class=\"alignleft size-full wp-image-46988\" src=\"http:\/\/stockportal.hu\/wp-content\/uploads\/2014\/10\/orosz_ukran_100_63.jpg\" alt=\"Ukr\u00e1n_vals\u00e1g\" width=\"100\" height=\"63\" \/><\/a><font SIZE=\"+2\"><strong><a href=\"http:\/\/stockportal.hu\/index.php\/category\/fontos-esemenyek\/ukran-valsag\/\" target=\"_blank\" rel=\"noopener\"><span style=\"background-color: #71091f;\"><span style=\"color: #ffffff;\">Ukr\u00e1n v\u00e1ls\u00e1g<\/span><\/span><\/a><\/strong><\/font><br \/>\n<a href=\"http:\/\/stockportal.hu\/index.php\/category\/fontos-esemenyek\/ukran-valsag\/\" target=\"_blank\" rel=\"noopener\">B\u00e1r elm\u00e9letileg t\u0171zsz\u00fcnet van \u00e9rv\u00e9nybe, de folyamatosak a harcok&#8221; <strong>Friss h\u00edrek az Ukr\u00e1n-Orosz visz\u00e1lyr\u00f3l<\/strong><\/a>\n<\/div>\n<\/div>\n<\/div>\n","protected":false},"excerpt":{"rendered":"<p>Az eddig elv\u00e9gzett munk\u00e1nak \u00e9s a p\u00e9csiek bizalm\u00e1nak k\u00f6sz\u00f6nhet\u0151en p\u00e9ld\u00e1tlan sikert \u00e9rt el a Fidesz-KDNP P\u00e9csen azzal, hogy minden egy\u00e9ni v\u00e1laszt\u00f3ker\u00fcletben gy\u0151ztek a jel\u00f6ltjei &#8211; mondta a Fidesz-KDNP \u00fajrav\u00e1lasztott polg\u00e1rmestere a v\u00e1laszt\u00e1si eredm\u00e9nyek 99 sz\u00e1zal\u00e9kos feldolgozotts\u00e1ga ut\u00e1n.<\/p>\n","protected":false},"author":1,"featured_media":0,"comment_status":"open","ping_status":"closed","sticky":false,"template":"","format":"standard","meta":[],"categories":[18,141],"tags":[238],"_links":{"self":[{"href":"https:\/\/gazdasagportal.hu\/index.php\/wp-json\/wp\/v2\/posts\/47244"}],"collection":[{"href":"https:\/\/gazdasagportal.hu\/index.php\/wp-json\/wp\/v2\/posts"}],"about":[{"href":"https:\/\/gazdasagportal.hu\/index.php\/wp-json\/wp\/v2\/types\/post"}],"author":[{"embeddable":true,"href":"https:\/\/gazdasagportal.hu\/index.php\/wp-json\/wp\/v2\/users\/1"}],"replies":[{"embeddable":true,"href":"https:\/\/gazdasagportal.hu\/index.php\/wp-json\/wp\/v2\/comments?post=47244"}],"version-history":[{"count":1,"href":"https:\/\/gazdasagportal.hu\/index.php\/wp-json\/wp\/v2\/posts\/47244\/revisions"}],"predecessor-version":[{"id":47245,"href":"https:\/\/gazdasagportal.hu\/index.php\/wp-json\/wp\/v2\/posts\/47244\/revisions\/47245"}],"wp:attachment":[{"href":"https:\/\/gazdasagportal.hu\/index.php\/wp-json\/wp\/v2\/media?parent=47244"}],"wp:term":[{"taxonomy":"category","embeddable":true,"href":"https:\/\/gazdasagportal.hu\/index.php\/wp-json\/wp\/v2\/categories?post=47244"},{"taxonomy":"post_tag","embeddable":true,"href":"https:\/\/gazdasagportal.hu\/index.php\/wp-json\/wp\/v2\/tags?post=47244"}],"curies":[{"name":"wp","href":"https:\/\/api.w.org\/{rel}","templated":true}]}}