{"id":47200,"date":"2014-10-12T19:59:24","date_gmt":"2014-10-12T17:59:24","guid":{"rendered":"http:\/\/stockportal.hu\/?p=47200"},"modified":"2014-10-12T19:59:36","modified_gmt":"2014-10-12T17:59:36","slug":"onkormanyzat-2014-a-jobbik-vezetosege-a-lurdy-rendezvenykozpontban-varakozik","status":"publish","type":"post","link":"https:\/\/gazdasagportal.hu\/index.php\/onkormanyzat-2014-a-jobbik-vezetosege-a-lurdy-rendezvenykozpontban-varakozik\/","title":{"rendered":"\u00d6nkorm\u00e1nyzat 2014 &#8211; A Jobbik vezet\u0151s\u00e9ge a Lurdy Rendezv\u00e9nyk\u00f6zpontban v\u00e1rakozik"},"content":{"rendered":"<p><strong>A IX. ker\u00fcleti Lurdy Rendezv\u00e9nyk\u00f6zpontban v\u00e1rja a v\u00e1laszt\u00e1si eredm\u00e9nyeket a Jobbik vezet\u0151s\u00e9ge.<\/strong><!--more--><\/p>\n<div class=\"ads-in-post1\"><div id=\"gazdasagportal.hu_fullbanner_wideboard\"><\/div>\r\n<\/div>\n<p>    Este f\u00e9l 8-ig Staudt G\u00e1bor, az ellenz\u00e9ki p\u00e1rt f\u0151polg\u00e1rmester-jel\u00f6ltje, valamint az orsz\u00e1gos eln\u00f6ks\u00e9gb\u0151l Nov\u00e1k El\u0151d, Volner J\u00e1nos, Sz\u00e1vay Istv\u00e1n \u00e9s Z. K\u00e1rp\u00e1t D\u00e1niel aleln\u00f6k\u00f6k \u00e9rkeztek meg a helysz\u00ednre. Vona G\u00e1bor p\u00e1rteln\u00f6k\u00f6t egyel\u0151re nem lehetett l\u00e1tni.<br \/>\n    A jobbikos politikusok az \u00fajs\u00e1g\u00edr\u00f3kkal, illetve saj\u00e1t szak\u00e9rt\u0151ikkel besz\u00e9lgetnek, megh\u00edvott vend\u00e9gek nincsenek a rendezv\u00e9nyen.<br \/>\n    Mirk\u00f3czki \u00c1d\u00e1m, a p\u00e1rt sz\u00f3viv\u0151je a r\u00e9szv\u00e9teli adatokat \u00e9rt\u00e9kelve azt mondta az MTI-nek: l\u00e1that\u00f3, hogy 2 sz\u00e1zal\u00e9k k\u00f6r\u00fclivel kevesebben szavaznak, mint 2010-ben. Sajn\u00e1latos tendenci\u00e1nak nevezte, hogy 2006 \u00f3ta cs\u00f6kken a szavaz\u00f3k sz\u00e1ma, \u00e1ll\u00e1spontja szerint ez azt mutatja, hogy az emberek egyre ink\u00e1bb elfordulnak a k\u00f6z\u00e9lett\u0151l, s ez nem j\u00f3. A v\u00e1laszt\u00e1sra jogosultak t\u00f6bb mint fele nem hajland\u00f3 \u00e9lni alkotm\u00e1nyos jog\u00e1val, a Jobbik azon dolgozik, hogy ez v\u00e1ltozzon &#8211; tette hozz\u00e1.<br \/>\n    A p\u00e1rt k\u00e9t termet is berendezett az \u00fajs\u00e1g\u00edr\u00f3knak, az egyiket a telev\u00edzi\u00f3s bejelentkez\u00e9seknek, a m\u00e1sikban pedig sajt\u00f3t\u00e1j\u00e9koztat\u00f3t tartanak majd. Ut\u00f3bbiban egy jobbikos pulpitust \u00e1ll\u00edtottak fel, m\u00f6g\u00f6tte pedig magyar, sz\u00e9kely \u00e9s t\u00f6rt\u00e9nelmi z\u00e1szl\u00f3k \u00e1llnak, illetve itt lehet k\u00f6vetni a telev\u00edzi\u00f3s k\u00f6zvet\u00edt\u00e9seket is.<br \/>\n    A rendezv\u00e9nyk\u00f6zpont el\u0151ter\u00e9ben egy feh\u00e9r Magyarorsz\u00e1g-t\u00e9rk\u00e9pet helyeztek ki, a tervek szerint ezen bejel\u00f6lik majd azokat a telep\u00fcl\u00e9seket, amelyeket a Jobbik nyert.(MTI)<\/p>\n<p>&nbsp;<\/p><div id=\"gazda-855124360\" class=\"gazda-tartalomban gazda-entity-placement\"><script async src=\"https:\/\/pagead2.googlesyndication.com\/pagead\/js\/adsbygoogle.js\"><\/script>\r\n<ins class=\"adsbygoogle\"\r\n     style=\"display:block\"\r\n     data-ad-format=\"fluid\"\r\n     data-ad-layout-key=\"-6t+ed+2i-1n-4w\"\r\n     data-ad-client=\"ca-pub-1959107119989764\"\r\n     data-ad-slot=\"4008251320\"><\/ins>\r\n<script>\r\n     (adsbygoogle = window.adsbygoogle || []).push({});\r\n<\/script><\/div>\n<p>&nbsp;<\/p>\n<div class=\"text\">\n<a href=\"http:\/\/stockportal.hu\/index.php\/category\/vegtorlesztes-devizahitel-forintositas\/\" target=\"_blank\" rel=\"noopener\"><img decoding=\"async\" loading=\"lazy\" class=\"alignleft size-full wp-image-46988\" src=\"http:\/\/stockportal.hu\/wp-content\/uploads\/2014\/10\/devizahitel_100_621.jpg\" alt=\"devizahitel_100_62\" width=\"100\" height=\"63\" \/><\/a><font SIZE=\"+2\"><strong><a href=\"http:\/\/stockportal.hu\/index.php\/category\/vegtorlesztes-devizahitel-forintositas\/\" target=\"_blank\" rel=\"noopener\"><span style=\"background-color: #71091f;\"><span style=\"color: #ffffff;\">Devizahitel \u2013 Forintos\u00edt\u00e1s<\/span> <\/span><\/a><\/strong><\/font><br \/>\n<a http:\/\/stockportal.hu\/index.php\/category\/vegtorlesztes-devizahitel-forintositas\/\">Egyre jobban k\u00f6zelit a nap, amikor megt\u00f6rt\u00e9nik a devizahitel k\u00e1rosultak megseg\u00edt\u00e9se&#8221; <strong>Friss h\u00edrek a devizahitel t\u00e9m\u00e1b\u00f3l<\/strong><\/a><\/p>\n<p>&#8212;&#8212;&#8212;&#8212;&#8212;&#8212;&#8212;&#8212;&#8212;&#8212;&#8212;&#8212;&#8212;&#8212;&#8212;&#8212;&#8212;&#8212;&#8212;&#8212;&#8212;&#8212;&#8212;&#8212;&#8212;&#8212;&#8212;&#8212;&#8212;&#8212;&#8212;&#8212;&#8212;&#8212;&#8212;<\/p>\n<div class=\"text\">\n<a href=\"http:\/\/stockportal.hu\/index.php\/category\/fontos-esemenyek\/ebola-jarvany\/\" target=\"_blank\" rel=\"noopener\"><img decoding=\"async\" loading=\"lazy\" class=\"alignleft size-full wp-image-46988\" src=\"http:\/\/stockportal.hu\/wp-content\/uploads\/2014\/10\/ebola_100_63.jpg\" alt=\"devizahitel_100_62\" width=\"100\" height=\"63\" \/><\/a><font SIZE=\"+2\"><strong><a href=\"http:\/\/stockportal.hu\/index.php\/category\/fontos-esemenyek\/ebola-jarvany\/\" target=\"_blank\" rel=\"noopener\"><span style=\"background-color: #71091f;\"><span style=\"color: #ffffff;\">Ebola j\u00e1rv\u00e1ny<\/span> <\/span><\/a><\/strong><\/font><br \/>\n<a href=\"http:\/\/stockportal.hu\/index.php\/category\/fontos-esemenyek\/ebola-jarvany\/\" target=\"_blank\" rel=\"noopener\">Terjed a j\u00e1rv\u00e1ny,n\u0151 a fesz\u0171lts\u00e9g,  a korm\u00e1nyok egyre komolyabb int\u00e9zked\u00e9seket hoznak&#8221; <strong>Friss h\u00edrek az Ebola j\u00e1rv\u00e1nyr\u00f3l<\/strong><\/a><\/p>\n<p>&#8212;&#8212;&#8212;&#8212;&#8212;&#8212;&#8212;&#8212;&#8212;&#8212;&#8212;&#8212;&#8212;&#8212;&#8212;&#8212;&#8212;&#8212;&#8212;&#8212;&#8212;&#8212;&#8212;&#8212;&#8212;&#8212;&#8212;&#8212;&#8212;&#8212;&#8212;&#8212;&#8212;&#8212;&#8212;<\/p>\n<div class=\"text\">\n<a href=\"http:\/\/stockportal.hu\/index.php\/category\/fontos-esemenyek\/ukran-valsag\/\" target=\"_blank\" rel=\"noopener\"><img decoding=\"async\" loading=\"lazy\" class=\"alignleft size-full wp-image-46988\" src=\"http:\/\/stockportal.hu\/wp-content\/uploads\/2014\/10\/orosz_ukran_100_63.jpg\" alt=\"Ukr\u00e1n_vals\u00e1g\" width=\"100\" height=\"63\" \/><\/a><font SIZE=\"+2\"><strong><a href=\"http:\/\/stockportal.hu\/index.php\/category\/fontos-esemenyek\/ukran-valsag\/\" target=\"_blank\" rel=\"noopener\"><span style=\"background-color: #71091f;\"><span style=\"color: #ffffff;\">Ukr\u00e1n v\u00e1ls\u00e1g<\/span><\/span><\/a><\/strong><\/font><br \/>\n<a href=\"http:\/\/stockportal.hu\/index.php\/category\/fontos-esemenyek\/ukran-valsag\/\" target=\"_blank\" rel=\"noopener\">B\u00e1r elm\u00e9letileg t\u0171zsz\u00fcnet van \u00e9rv\u00e9nybe, de folyamatosak a harcok&#8221; <strong>Friss h\u00edrek az Ukr\u00e1n-Orosz visz\u00e1lyr\u00f3l<\/strong><\/a>\n<\/div>\n<\/div>\n<\/div>\n","protected":false},"excerpt":{"rendered":"<p>A IX. ker\u00fcleti Lurdy Rendezv\u00e9nyk\u00f6zpontban v\u00e1rja a v\u00e1laszt\u00e1si eredm\u00e9nyeket a Jobbik vezet\u0151s\u00e9ge.<\/p>\n","protected":false},"author":1,"featured_media":20299,"comment_status":"open","ping_status":"closed","sticky":false,"template":"","format":"standard","meta":[],"categories":[1],"tags":[158,238],"_links":{"self":[{"href":"https:\/\/gazdasagportal.hu\/index.php\/wp-json\/wp\/v2\/posts\/47200"}],"collection":[{"href":"https:\/\/gazdasagportal.hu\/index.php\/wp-json\/wp\/v2\/posts"}],"about":[{"href":"https:\/\/gazdasagportal.hu\/index.php\/wp-json\/wp\/v2\/types\/post"}],"author":[{"embeddable":true,"href":"https:\/\/gazdasagportal.hu\/index.php\/wp-json\/wp\/v2\/users\/1"}],"replies":[{"embeddable":true,"href":"https:\/\/gazdasagportal.hu\/index.php\/wp-json\/wp\/v2\/comments?post=47200"}],"version-history":[{"count":2,"href":"https:\/\/gazdasagportal.hu\/index.php\/wp-json\/wp\/v2\/posts\/47200\/revisions"}],"predecessor-version":[{"id":47202,"href":"https:\/\/gazdasagportal.hu\/index.php\/wp-json\/wp\/v2\/posts\/47200\/revisions\/47202"}],"wp:featuredmedia":[{"embeddable":true,"href":"https:\/\/gazdasagportal.hu\/index.php\/wp-json\/wp\/v2\/media\/20299"}],"wp:attachment":[{"href":"https:\/\/gazdasagportal.hu\/index.php\/wp-json\/wp\/v2\/media?parent=47200"}],"wp:term":[{"taxonomy":"category","embeddable":true,"href":"https:\/\/gazdasagportal.hu\/index.php\/wp-json\/wp\/v2\/categories?post=47200"},{"taxonomy":"post_tag","embeddable":true,"href":"https:\/\/gazdasagportal.hu\/index.php\/wp-json\/wp\/v2\/tags?post=47200"}],"curies":[{"name":"wp","href":"https:\/\/api.w.org\/{rel}","templated":true}]}}