{"id":47050,"date":"2014-10-10T19:10:33","date_gmt":"2014-10-10T17:10:33","guid":{"rendered":"http:\/\/stockportal.hu\/?p=47050"},"modified":"2014-10-10T20:40:51","modified_gmt":"2014-10-10T18:40:51","slug":"rekordszamu-kubai-bevandorlo-erkezett-amerikaba-az-elmult-evben","status":"publish","type":"post","link":"https:\/\/gazdasagportal.hu\/index.php\/rekordszamu-kubai-bevandorlo-erkezett-amerikaba-az-elmult-evben\/","title":{"rendered":"Rekordsz\u00e1m\u00fa kubai bev\u00e1ndorl\u00f3 \u00e9rkezett Amerik\u00e1ba az elm\u00falt \u00e9vben"},"content":{"rendered":"<p><strong>K\u00e9t \u00e9vtizede nem l\u00e1tott m\u00e9reteket \u00e9rt el a szeptember 30-ben lez\u00e1rult amerikai p\u00e9nz\u00fcgyi \u00e9vben a v\u00edzum n\u00e9lk\u00fcli kubai bev\u00e1ndorl\u00e1s az Egyes\u00fclt \u00c1llamokban; mintegy 25 ezren \u00e9rkeztek illeg\u00e1lisan az orsz\u00e1gba &#8211; \u00edrta p\u00e9nteki sz\u00e1m\u00e1ban a The New York Times.<\/strong><!--more--><\/p>\n<div class=\"ads-in-post1\"><div id=\"gazdasagportal.hu_fullbanner_wideboard\"><\/div>\r\n<\/div>\n<p>    A lap eml\u00e9keztetett r\u00e1, hogy a 1994-es &#8222;tutajosv\u00e1ls\u00e1g&#8221; idej\u00e9n 35 ezer kubai kelt \u00e1t Florid\u00e1ba. Ram\u00f3n Ra\u00fal S\u00e1nchez Miamiban \u00e9l\u0151 emigr\u00e1ns vezet\u0151 szerint a leg\u00e1lis \u00faton \u00e9rkez\u0151kkel egy\u00fctt id\u00e9n a bev\u00e1ndorl\u00f3k sz\u00e1ma meghaladta a h\u00fasz \u00e9vvel ezel\u0151tt \u00e9rkez\u0151k\u00e9t.<br \/>\n    A mostaniak k\u00f6z\u00fcl t\u00f6bb mint 22 ezer 500-an sz\u00e1razf\u00f6ld\u00f6n \u00e9rkeztek, Mexik\u00f3n kereszt\u00fcl, m\u00e1s latin-amerikai orsz\u00e1gokb\u00f3l. Annak, hogy ism\u00e9t megugrott a kubaiak amerikai bev\u00e1ndorl\u00e1sa, egyik oka az, hogy a karibi kommunista szigetorsz\u00e1gban megk\u00f6nny\u00edtett\u00e9k a kiutaz\u00e1st, m\u00e1sr\u00e9szt az Egyes\u00fclt \u00c1llamokban az onnan \u00e9rkez\u0151ket m\u00e9g mindig megk\u00fcl\u00f6nb\u00f6ztetett b\u00e1n\u00e1sm\u00f3d illeti meg.<br \/>\n    Szak\u00e9rt\u0151k szerint a Kub\u00e1b\u00f3l t\u00f6rt\u00e9n\u0151 elv\u00e1ndorl\u00e1s feler\u0151s\u00f6d\u00e9se azt is jelentheti, hogy kudarcot vallottak a Ra\u00fal Castro \u00e1ltal meghirdetett gazdas\u00e1gi reformok. A menek\u00fcl\u0151k \u00fajabb hull\u00e1ma egy\u00fattal egy nagyobb exodus el\u0151h\u00edrn\u00f6ke lehet.<br \/>\n    Noha az 1994-es v\u00e1ls\u00e1got lez\u00e1r\u00f3 egyezm\u00e9ny \u00e9rtelm\u00e9ben csak azok a tengeren kiv\u00e1ndorl\u00f3k maradhatnak az Egyes\u00fclt \u00c1llamokban, akiknek siker\u00fcl el\u00e9rni\u00fck az amerikai partokat, a v\u00edzen elfogottakat pedig vissza kell toloncolni Kub\u00e1ba, az elm\u00falt \u00e9vben megugrott azoknak a sz\u00e1ma, akik k\u00fcl\u00f6nf\u00e9le l\u00e9lekveszt\u0151k\u00f6n pr\u00f3b\u00e1ltak meg \u00e1tkelni Florid\u00e1ba.<br \/>\n    Az amerikai parti \u0151rs\u00e9g az elm\u00falt \u00e9v leforg\u00e1sa alatt 3722 kubait \u00e9szlelt, ami csaknem a dupl\u00e1ja az el\u0151z\u0151 \u00e9vi adatnak \u00e9s a legmagasabb sz\u00e1m 2008, vagyis az ifjabb Castro fiv\u00e9r hatalomra jut\u00e1sa \u00f3ta. A bev\u00e1ndorl\u00f3k v\u00edzi j\u00e1rm\u0171veinek 87 sz\u00e1zal\u00e9ka h\u00e1zilag bark\u00e1csolt volt.<br \/>\n    Tengeren azok kelnek \u00fatra a lap szerint, akik nem tudj\u00e1k megfizetni az embercsemp\u00e9sz-h\u00e1l\u00f3zatokat, amelyek az elm\u00falt \u00e9vtized sor\u00e1n a legt\u00f6bb kubait bejuttatt\u00e1k az Egyes\u00fclt \u00c1llamokba. Az \u00faj bev\u00e1ndorl\u00f3k z\u00f6me Texasn\u00e1l l\u00e9pi \u00e1t az amerikai-mexik\u00f3i hat\u00e1rt.(MTI)<\/p>\n<p>&nbsp;<\/p><div id=\"gazda-3665616866\" class=\"gazda-tartalomban gazda-entity-placement\"><script async src=\"https:\/\/pagead2.googlesyndication.com\/pagead\/js\/adsbygoogle.js\"><\/script>\r\n<ins class=\"adsbygoogle\"\r\n     style=\"display:block\"\r\n     data-ad-format=\"fluid\"\r\n     data-ad-layout-key=\"-6t+ed+2i-1n-4w\"\r\n     data-ad-client=\"ca-pub-1959107119989764\"\r\n     data-ad-slot=\"4008251320\"><\/ins>\r\n<script>\r\n     (adsbygoogle = window.adsbygoogle || []).push({});\r\n<\/script><\/div>\n<p>&nbsp;<\/p>\n<div class=\"text\">\n<a href=\"http:\/\/stockportal.hu\/index.php\/category\/vegtorlesztes-devizahitel-forintositas\/\" target=\"_blank\" rel=\"noopener\"><img decoding=\"async\" loading=\"lazy\" class=\"alignleft size-full wp-image-46988\" src=\"http:\/\/stockportal.hu\/wp-content\/uploads\/2014\/10\/devizahitel_100_621.jpg\" alt=\"devizahitel_100_62\" width=\"100\" height=\"63\" \/><\/a><font SIZE=\"+2\"><strong><a href=\"http:\/\/stockportal.hu\/index.php\/category\/vegtorlesztes-devizahitel-forintositas\/\" target=\"_blank\" rel=\"noopener\"><span style=\"background-color: #71091f;\"><span style=\"color: #ffffff;\">Devizahitel \u2013 Forintos\u00edt\u00e1s<\/span> <\/span><\/a><\/strong><\/font><br \/>\n<a http:\/\/stockportal.hu\/index.php\/category\/vegtorlesztes-devizahitel-forintositas\/\">Egyre jobban k\u00f6zelit a nap, amikor megt\u00f6rt\u00e9nik a devizahitel k\u00e1rosultak megseg\u00edt\u00e9se&#8221; <strong>Friss h\u00edrek a devizahitel t\u00e9m\u00e1b\u00f3l<\/strong><\/a><\/p>\n<p>&#8212;&#8212;&#8212;&#8212;&#8212;&#8212;&#8212;&#8212;&#8212;&#8212;&#8212;&#8212;&#8212;&#8212;&#8212;&#8212;&#8212;&#8212;&#8212;&#8212;&#8212;&#8212;&#8212;&#8212;&#8212;&#8212;&#8212;&#8212;&#8212;&#8212;&#8212;&#8212;&#8212;&#8212;&#8212;<\/p>\n<div class=\"text\">\n<a href=\"http:\/\/stockportal.hu\/index.php\/category\/fontos-esemenyek\/ebola-jarvany\/\" target=\"_blank\" rel=\"noopener\"><img decoding=\"async\" loading=\"lazy\" class=\"alignleft size-full wp-image-46988\" src=\"http:\/\/stockportal.hu\/wp-content\/uploads\/2014\/10\/ebola_100_63.jpg\" alt=\"devizahitel_100_62\" width=\"100\" height=\"63\" \/><\/a><font SIZE=\"+2\"><strong><a href=\"http:\/\/stockportal.hu\/index.php\/category\/fontos-esemenyek\/ebola-jarvany\/\" target=\"_blank\" rel=\"noopener\"><span style=\"background-color: #71091f;\"><span style=\"color: #ffffff;\">Ebola j\u00e1rv\u00e1ny<\/span> <\/span><\/a><\/strong><\/font><br \/>\n<a href=\"http:\/\/stockportal.hu\/index.php\/category\/fontos-esemenyek\/ebola-jarvany\/\" target=\"_blank\" rel=\"noopener\">Terjed a j\u00e1rv\u00e1ny,n\u0151 a fesz\u0171lts\u00e9g,  a korm\u00e1nyok egyre komolyabb int\u00e9zked\u00e9seket hoznak&#8221; <strong>Friss h\u00edrek az Ebola j\u00e1rv\u00e1nyr\u00f3l<\/strong><\/a><\/p>\n<p>&#8212;&#8212;&#8212;&#8212;&#8212;&#8212;&#8212;&#8212;&#8212;&#8212;&#8212;&#8212;&#8212;&#8212;&#8212;&#8212;&#8212;&#8212;&#8212;&#8212;&#8212;&#8212;&#8212;&#8212;&#8212;&#8212;&#8212;&#8212;&#8212;&#8212;&#8212;&#8212;&#8212;&#8212;&#8212;<\/p>\n<div class=\"text\">\n<a href=\"http:\/\/stockportal.hu\/index.php\/category\/fontos-esemenyek\/ukran-valsag\/\" target=\"_blank\" rel=\"noopener\"><img decoding=\"async\" loading=\"lazy\" class=\"alignleft size-full wp-image-46988\" src=\"http:\/\/stockportal.hu\/wp-content\/uploads\/2014\/10\/orosz_ukran_100_63.jpg\" alt=\"Ukr\u00e1n_vals\u00e1g\" width=\"100\" height=\"63\" \/><\/a><font SIZE=\"+2\"><strong><a href=\"http:\/\/stockportal.hu\/index.php\/category\/fontos-esemenyek\/ukran-valsag\/\" target=\"_blank\" rel=\"noopener\"><span style=\"background-color: #71091f;\"><span style=\"color: #ffffff;\">Ukr\u00e1n v\u00e1ls\u00e1g<\/span><\/span><\/a><\/strong><\/font><br \/>\n<a href=\"http:\/\/stockportal.hu\/index.php\/category\/fontos-esemenyek\/ukran-valsag\/\" target=\"_blank\" rel=\"noopener\">B\u00e1r elm\u00e9letileg t\u0171zsz\u00fcnet van \u00e9rv\u00e9nybe, de folyamatosak a harcok&#8221; <strong>Friss h\u00edrek az Ukr\u00e1n-Orosz visz\u00e1lyr\u00f3l<\/strong><\/a>\n<\/div>\n<\/div>\n<\/div>\n","protected":false},"excerpt":{"rendered":"<p>K\u00e9t \u00e9vtizede nem l\u00e1tott m\u00e9reteket \u00e9rt el a szeptember 30-ben lez\u00e1rult amerikai p\u00e9nz\u00fcgyi \u00e9vben a v\u00edzum n\u00e9lk\u00fcli kubai bev\u00e1ndorl\u00e1s az Egyes\u00fclt \u00c1llamokban; mintegy 25 ezren \u00e9rkeztek illeg\u00e1lisan az orsz\u00e1gba &#8211; \u00edrta p\u00e9nteki sz\u00e1m\u00e1ban a The New York Times.<\/p>\n","protected":false},"author":1,"featured_media":0,"comment_status":"open","ping_status":"closed","sticky":false,"template":"","format":"standard","meta":[],"categories":[1],"tags":[],"_links":{"self":[{"href":"https:\/\/gazdasagportal.hu\/index.php\/wp-json\/wp\/v2\/posts\/47050"}],"collection":[{"href":"https:\/\/gazdasagportal.hu\/index.php\/wp-json\/wp\/v2\/posts"}],"about":[{"href":"https:\/\/gazdasagportal.hu\/index.php\/wp-json\/wp\/v2\/types\/post"}],"author":[{"embeddable":true,"href":"https:\/\/gazdasagportal.hu\/index.php\/wp-json\/wp\/v2\/users\/1"}],"replies":[{"embeddable":true,"href":"https:\/\/gazdasagportal.hu\/index.php\/wp-json\/wp\/v2\/comments?post=47050"}],"version-history":[{"count":7,"href":"https:\/\/gazdasagportal.hu\/index.php\/wp-json\/wp\/v2\/posts\/47050\/revisions"}],"predecessor-version":[{"id":47083,"href":"https:\/\/gazdasagportal.hu\/index.php\/wp-json\/wp\/v2\/posts\/47050\/revisions\/47083"}],"wp:attachment":[{"href":"https:\/\/gazdasagportal.hu\/index.php\/wp-json\/wp\/v2\/media?parent=47050"}],"wp:term":[{"taxonomy":"category","embeddable":true,"href":"https:\/\/gazdasagportal.hu\/index.php\/wp-json\/wp\/v2\/categories?post=47050"},{"taxonomy":"post_tag","embeddable":true,"href":"https:\/\/gazdasagportal.hu\/index.php\/wp-json\/wp\/v2\/tags?post=47050"}],"curies":[{"name":"wp","href":"https:\/\/api.w.org\/{rel}","templated":true}]}}