{"id":47031,"date":"2014-10-10T18:22:10","date_gmt":"2014-10-10T16:22:10","guid":{"rendered":"http:\/\/stockportal.hu\/?p=47031"},"modified":"2014-10-10T18:22:10","modified_gmt":"2014-10-10T16:22:10","slug":"uj-munkahelyeket-teremt-a-szegedi-szefo-zrt","status":"publish","type":"post","link":"https:\/\/gazdasagportal.hu\/index.php\/uj-munkahelyeket-teremt-a-szegedi-szefo-zrt\/","title":{"rendered":"\u00daj munkahelyeket teremt a Szegedi SZEFO Zrt."},"content":{"rendered":"<p><strong>A Magyar Nemzeti Vagyonkezel\u0151 Zrt. tulajdonosi joggyakorl\u00e1sa al\u00e1 tartoz\u00f3 Szegedi SZEFO Zrt. \u00fajabb telephelyet nyitott H\u00f3dmez\u0151v\u00e1s\u00e1rhelyen. Az \u00fczem okt\u00f3ber 10-i \u00e1tad\u00e1s\u00e1val csaknem 1200 f\u0151re emelkedett a v\u00e1llalat munkav\u00e1llal\u00f3inak sz\u00e1ma. A fejleszt\u00e9ssel a t\u00e1rsas\u00e1g n\u00f6velte konfekci\u00f3 kapacit\u00e1s\u00e1t folyamatosan b\u0151v\u00fcl\u0151 export piac\u00e1nak kiszolg\u00e1l\u00e1s\u00e1ra. Ezzel p\u00e1rhuzamosan az els\u0151 telephelyen b\u0151v\u00edtette a rehabilit\u00e1ci\u00f3s foglalkoztat\u00f3 munkatermet \u00e9s a foglalkoztatottak l\u00e9tsz\u00e1m\u00e1t.  A beruh\u00e1z\u00e1s a telep\u00fcl\u00e9s \u00f6nkorm\u00e1nyzata seg\u00edts\u00e9g\u00e9vel val\u00f3sulhatott meg.<\/strong><!--more--><\/p>\n<div class=\"ads-in-post1\"><div id=\"gazdasagportal.hu_fullbanner_wideboard\"><\/div>\r\n<\/div>\n<p>Tavaly L\u00e1z\u00e1r J\u00e1nos, H\u00f3dmez\u0151v\u00e1s\u00e1rhely orsz\u00e1ggy\u0171l\u00e9si k\u00e9pvisel\u0151je, Minisztereln\u00f6ks\u00e9get vezet\u0151 miniszter \u00e9s M\u00e1rton P\u00e9ter, a Magyar Nemzeti Vagyonkezel\u0151 Zrt. vez\u00e9rigazgat\u00f3ja, Alm\u00e1si Istv\u00e1nnal, a telep\u00fcl\u00e9s polg\u00e1rmester\u00e9vel egy\u00fctt adta \u00e1t a Szegedi SZEFO Zrt. \u00faj, h\u00f3dmez\u0151v\u00e1s\u00e1rhelyi telephely\u00e9t. Ma pedig m\u00e1r a m\u00e1sodik \u00fczemnyit\u00e1st \u00fcnnepelhett\u00e9k a v\u00e1rosban.<\/p>\n<p>A Szegedi SZEFO Zrt. a h\u00f3dmez\u0151v\u00e1s\u00e1rhelyi b\u0151v\u00edt\u00e9ssel kilenc telephellyel rendelkezik. Szegeden h\u00e1rom, H\u00f3dmez\u0151v\u00e1s\u00e1rhelyen kett\u0151 van, ezen k\u00edv\u00fcl jelen vannak Mak\u00f3n, Szentesen, Orosh\u00e1z\u00e1n \u00e9s Hajd\u00fan\u00e1n\u00e1son is, amelyeken ez id\u00e1ig \u00f6sszesen csaknem 1200 munkav\u00e1llal\u00f3t, ebb\u0151l 590 fogyat\u00e9kkal \u00e9l\u0151t foglalkoztatnak.<\/p><div id=\"gazda-4219041780\" class=\"gazda-tartalomban gazda-entity-placement\"><script async src=\"https:\/\/pagead2.googlesyndication.com\/pagead\/js\/adsbygoogle.js\"><\/script>\r\n<ins class=\"adsbygoogle\"\r\n     style=\"display:block\"\r\n     data-ad-format=\"fluid\"\r\n     data-ad-layout-key=\"-6t+ed+2i-1n-4w\"\r\n     data-ad-client=\"ca-pub-1959107119989764\"\r\n     data-ad-slot=\"4008251320\"><\/ins>\r\n<script>\r\n     (adsbygoogle = window.adsbygoogle || []).push({});\r\n<\/script><\/div>\n<p>Az \u00faj \u00fczem megnyit\u00e1s\u00e1val H\u00f3dmez\u0151v\u00e1s\u00e1rhelyen m\u00e1r 250 munkav\u00e1llal\u00f3t foglalkoztat a t\u00e1rsas\u00e1g. A v\u00e1llalat \u00fczleti filoz\u00f3fi\u00e1j\u00e1nak szerves r\u00e9sz\u00e9t k\u00e9pezi, hogy t\u00e1mogatj\u00e1k a megv\u00e1ltozott munkak\u00e9pess\u00e9g\u0171 szem\u00e9lyek integr\u00e1l\u00e1s\u00e1t a gy\u00e1rt\u00e1si folyamatokba. Az  \u00faj h\u00f3dmez\u0151v\u00e1s\u00e1rhelyi fi\u00f3ktelepen dolgoz\u00f3k 70%-a, csaknem 175 f\u0151 megv\u00e1ltozott munkak\u00e9pess\u00e9g\u0171 munkav\u00e1llal\u00f3 lesz.<\/p>\n<p>A t\u00e1rsas\u00e1g termel\u00e9se els\u0151sorban az export piacot c\u00e9lozza meg, min\u0151s\u00e9gi \u00e1rameloszt\u00f3 k\u00e9sz\u00fcl\u00e9kek \u00e9s pr\u00e9mium kateg\u00f3ri\u00e1j\u00fa divat term\u00e9kek el\u0151\u00e1ll\u00edt\u00e1s\u00e1val.<\/p>\n<p>A t\u00e1rsas\u00e1g kiv\u00e1l\u00f3 kapcsolatot \u00e1pol a helyi \u00f6nkorm\u00e1nyzattal, t\u00f6bb t\u00e1mogat\u00e1st is kaptak a telep\u00fcl\u00e9st\u0151l. A megv\u00e1ltozott munkak\u00e9pess\u00e9g\u0171 szem\u00e9lyek foglalkoztat\u00e1si ar\u00e1nya az alf\u00f6ldi v\u00e1rosban kiemelked\u0151: m\u00edg Magyarorsz\u00e1gon \u00e1tlagban 15 sz\u00e1zal\u00e9k, H\u00f3dmez\u0151v\u00e1s\u00e1rhelyen az \u00f6sszes s\u00e9r\u00fclt, beteg, fogyat\u00e9kkal \u00e9l\u0151 szem\u00e9lyt tekintve a foglalkoztat\u00e1si ar\u00e1ny meghaladja a 37 sz\u00e1zal\u00e9kot, megk\u00f6zel\u00edtve a 41 sz\u00e1zal\u00e9kos uni\u00f3s \u00e1tlagot.<\/p>\n<p>A megv\u00e1ltozott munkak\u00e9pess\u00e9g\u0171ek foglalkoztat\u00e1sa nemcsak a helyi \u00f6nkorm\u00e1nyzat, hanem Magyarorsz\u00e1g korm\u00e1ny\u00e1nak gazdas\u00e1gpolitik\u00e1j\u00e1t is t\u00e1mogatja.<\/p>\n<p>A magyar \u00e1llam tulajdon\u00e1ban \u00e9s az MNV Zrt. tulajdonosi joggyakorl\u00e1sa alatt n\u00e9gy \u00fagynevezett rehabilit\u00e1ci\u00f3s t\u00e1rsas\u00e1g \u00e1ll, a Szegedi SZEFO Zrt., az ERFO K\u00f6zhaszn\u00fa Nonprofit Zrt., a K\u00e9zm\u0171 K\u00f6zhaszn\u00fa Nonprofit Kft. \u00e9s a F\u0150KEFE K\u00f6zhaszn\u00fa Nonprofit Kft. A n\u00e9gy t\u00e1rsas\u00e1g 185 telephelyen egy\u00fcttesen t\u00f6bb mint 10000 munkav\u00e1llal\u00f3t foglalkoztat, amelyb\u0151l csaknem 9000 f\u0151 megv\u00e1ltozott munkak\u00e9pess\u00e9g\u0171.<\/p>\n","protected":false},"excerpt":{"rendered":"<p>A Magyar Nemzeti Vagyonkezel\u0151 Zrt. tulajdonosi joggyakorl\u00e1sa al\u00e1 tartoz\u00f3 Szegedi SZEFO Zrt. \u00fajabb telephelyet nyitott H\u00f3dmez\u0151v\u00e1s\u00e1rhelyen. Az \u00fczem okt\u00f3ber 10-i \u00e1tad\u00e1s\u00e1val csaknem 1200 f\u0151re emelkedett a v\u00e1llalat munkav\u00e1llal\u00f3inak sz\u00e1ma. A fejleszt\u00e9ssel a t\u00e1rsas\u00e1g n\u00f6velte konfekci\u00f3 kapacit\u00e1s\u00e1t folyamatosan b\u0151v\u00fcl\u0151 export piac\u00e1nak kiszolg\u00e1l\u00e1s\u00e1ra. Ezzel p\u00e1rhuzamosan az els\u0151 telephelyen b\u0151v\u00edtette a rehabilit\u00e1ci\u00f3s foglalkoztat\u00f3 munkatermet \u00e9s a foglalkoztatottak l\u00e9tsz\u00e1m\u00e1t. &#8230;<\/p>\n","protected":false},"author":1,"featured_media":0,"comment_status":"open","ping_status":"closed","sticky":false,"template":"","format":"standard","meta":[],"categories":[1],"tags":[],"_links":{"self":[{"href":"https:\/\/gazdasagportal.hu\/index.php\/wp-json\/wp\/v2\/posts\/47031"}],"collection":[{"href":"https:\/\/gazdasagportal.hu\/index.php\/wp-json\/wp\/v2\/posts"}],"about":[{"href":"https:\/\/gazdasagportal.hu\/index.php\/wp-json\/wp\/v2\/types\/post"}],"author":[{"embeddable":true,"href":"https:\/\/gazdasagportal.hu\/index.php\/wp-json\/wp\/v2\/users\/1"}],"replies":[{"embeddable":true,"href":"https:\/\/gazdasagportal.hu\/index.php\/wp-json\/wp\/v2\/comments?post=47031"}],"version-history":[{"count":1,"href":"https:\/\/gazdasagportal.hu\/index.php\/wp-json\/wp\/v2\/posts\/47031\/revisions"}],"predecessor-version":[{"id":47032,"href":"https:\/\/gazdasagportal.hu\/index.php\/wp-json\/wp\/v2\/posts\/47031\/revisions\/47032"}],"wp:attachment":[{"href":"https:\/\/gazdasagportal.hu\/index.php\/wp-json\/wp\/v2\/media?parent=47031"}],"wp:term":[{"taxonomy":"category","embeddable":true,"href":"https:\/\/gazdasagportal.hu\/index.php\/wp-json\/wp\/v2\/categories?post=47031"},{"taxonomy":"post_tag","embeddable":true,"href":"https:\/\/gazdasagportal.hu\/index.php\/wp-json\/wp\/v2\/tags?post=47031"}],"curies":[{"name":"wp","href":"https:\/\/api.w.org\/{rel}","templated":true}]}}