{"id":46705,"date":"2014-10-07T12:06:35","date_gmt":"2014-10-07T10:06:35","guid":{"rendered":"http:\/\/stockportal.hu\/?p=46705"},"modified":"2014-10-07T13:43:47","modified_gmt":"2014-10-07T11:43:47","slug":"devizahitelek-elhalasztottak-az-itelethirdetest-az-mkb-euroleasing-autohitel-ugyeben","status":"publish","type":"post","link":"https:\/\/gazdasagportal.hu\/index.php\/devizahitelek-elhalasztottak-az-itelethirdetest-az-mkb-euroleasing-autohitel-ugyeben\/","title":{"rendered":"Devizahitelek &#8211; Elhalasztott\u00e1k az \u00edt\u00e9lethirdet\u00e9st az MKB-Euroleasing Aut\u00f3hitel \u00fcgy\u00e9ben"},"content":{"rendered":"<p><strong>Okt\u00f3ber 21-re halasztotta a hat\u00e1rozat kihirdet\u00e9s\u00e9t a m\u00e1sodfokon elj\u00e1r\u00f3 F\u0151v\u00e1rosi \u00cdt\u00e9l\u0151t\u00e1bla kedden az MKB-Euroleasing Aut\u00f3hitel Zrt. magyar \u00e1llam ellen ind\u00edtott, devizahitelekkel kapcsolatos per\u00e9ben.<\/strong><!--more--><br \/>\n<div class=\"ads-in-post1\"><div id=\"gazdasagportal.hu_fullbanner_wideboard\"><\/div>\r\n<\/div>\n<p>A felperes p\u00e9nz\u00fcgyi int\u00e9zm\u00e9ny fellebbezett a kereset\u00e9t elutas\u00edt\u00f3, els\u0151fok\u00fa \u00edt\u00e9let ellen \u00e9s azt k\u00e9rte, helyezz\u00e9k hat\u00e1lyon k\u00edv\u00fcl az els\u0151fok\u00fa \u00edt\u00e9letet \u00e9s m\u00e1sodfok\u00fa t\u00e1rgyal\u00e1s keret\u00e9ben \u00e1llap\u00edts\u00e1k meg, hogy az \u00e1ltala alkalmazott szerz\u0151d\u00e9si felt\u00e9telek tisztess\u00e9gesek.<br \/>\nA felperes jogi k\u00e9pvisel\u0151je tov\u00e1bb\u00e1 ind\u00edtv\u00e1nyozta a szerz\u0151d\u00e9ses kik\u00f6t\u00e9sek r\u00e9szleges \u00e9rv\u00e9nytelens\u00e9g\u00e9nek vizsg\u00e1lat\u00e1t, mivel arra a K\u00faria Polg\u00e1ri Koll\u00e9gium\u00e1nak (PK) \u00f6sszefoglal\u00f3 v\u00e9lem\u00e9ny\u00e9ben is lehet\u0151s\u00e9get ad. \u00a0\u00a0\u00a0\u00a0A magyar \u00e1llam jogi k\u00e9pvisel\u0151j\u00e9nek \u00e1ll\u00e1spontja szerint azonban az oklista elemeinek k\u00fcl\u00f6n vizsg\u00e1lata nem megengedett, mi t\u00f6bb, egy vegyes, csup\u00e1n r\u00e9szben megfelel\u0151 oklista bizony\u00edtan\u00e1, hogy a p\u00e9nzint\u00e9zet \u00e1ltal\u00e1nos szerz\u0151d\u00e9seinek egyoldal\u00fa szerz\u0151d\u00e9sm\u00f3dos\u00edt\u00e1st lehet\u0151v\u00e9 t\u00e9v\u0151 pontjai nem egy\u00e9rtelm\u0171ek.(MTI)<\/p>\n","protected":false},"excerpt":{"rendered":"<p>Okt\u00f3ber 21-re halasztotta a hat\u00e1rozat kihirdet\u00e9s\u00e9t a m\u00e1sodfokon elj\u00e1r\u00f3 F\u0151v\u00e1rosi \u00cdt\u00e9l\u0151t\u00e1bla kedden az MKB-Euroleasing Aut\u00f3hitel Zrt. magyar \u00e1llam ellen ind\u00edtott, devizahitelekkel kapcsolatos per\u00e9ben.<\/p>\n","protected":false},"author":1,"featured_media":43111,"comment_status":"open","ping_status":"closed","sticky":false,"template":"","format":"standard","meta":[],"categories":[19,112],"tags":[84],"_links":{"self":[{"href":"https:\/\/gazdasagportal.hu\/index.php\/wp-json\/wp\/v2\/posts\/46705"}],"collection":[{"href":"https:\/\/gazdasagportal.hu\/index.php\/wp-json\/wp\/v2\/posts"}],"about":[{"href":"https:\/\/gazdasagportal.hu\/index.php\/wp-json\/wp\/v2\/types\/post"}],"author":[{"embeddable":true,"href":"https:\/\/gazdasagportal.hu\/index.php\/wp-json\/wp\/v2\/users\/1"}],"replies":[{"embeddable":true,"href":"https:\/\/gazdasagportal.hu\/index.php\/wp-json\/wp\/v2\/comments?post=46705"}],"version-history":[{"count":1,"href":"https:\/\/gazdasagportal.hu\/index.php\/wp-json\/wp\/v2\/posts\/46705\/revisions"}],"predecessor-version":[{"id":46706,"href":"https:\/\/gazdasagportal.hu\/index.php\/wp-json\/wp\/v2\/posts\/46705\/revisions\/46706"}],"wp:featuredmedia":[{"embeddable":true,"href":"https:\/\/gazdasagportal.hu\/index.php\/wp-json\/wp\/v2\/media\/43111"}],"wp:attachment":[{"href":"https:\/\/gazdasagportal.hu\/index.php\/wp-json\/wp\/v2\/media?parent=46705"}],"wp:term":[{"taxonomy":"category","embeddable":true,"href":"https:\/\/gazdasagportal.hu\/index.php\/wp-json\/wp\/v2\/categories?post=46705"},{"taxonomy":"post_tag","embeddable":true,"href":"https:\/\/gazdasagportal.hu\/index.php\/wp-json\/wp\/v2\/tags?post=46705"}],"curies":[{"name":"wp","href":"https:\/\/api.w.org\/{rel}","templated":true}]}}