{"id":46623,"date":"2014-10-06T12:07:17","date_gmt":"2014-10-06T10:07:17","guid":{"rendered":"http:\/\/stockportal.hu\/?p=46623"},"modified":"2014-10-06T12:07:17","modified_gmt":"2014-10-06T10:07:17","slug":"ukran-valsag-megerkeztek-ukrajnaba-az-ebesz-megfigyeloknek-szant-elso-dronok","status":"publish","type":"post","link":"https:\/\/gazdasagportal.hu\/index.php\/ukran-valsag-megerkeztek-ukrajnaba-az-ebesz-megfigyeloknek-szant-elso-dronok\/","title":{"rendered":"Ukr\u00e1n v\u00e1ls\u00e1g &#8211; Meg\u00e9rkeztek Ukrajn\u00e1ba az EBESZ-megfigyel\u0151knek sz\u00e1nt els\u0151 dr\u00f3nok"},"content":{"rendered":"<p><strong>Meg\u00e9rkeztek Ukrajn\u00e1ba az orsz\u00e1gban foly\u00f3 harci cselekm\u00e9nyek megfigyel\u00e9s\u00e9t v\u00e9gz\u0151 EBESZ-k\u00fcld\u00f6tts\u00e9gnek sz\u00e1nt els\u0151 pil\u00f3ta n\u00e9lk\u00fcli rep\u00fcl\u0151g\u00e9pek &#8211; jelentette be h\u00e9tf\u0151n Michael Bociurkiw, a misszi\u00f3 sz\u00f3viv\u0151je.<\/strong><!--more--><br \/>\n<div class=\"ads-in-post1\"><div id=\"gazdasagportal.hu_fullbanner_wideboard\"><\/div>\r\n<\/div>\n<p>Az els\u0151 k\u00e9t dr\u00f3nt &#8211; amely Ukrajn\u00e1ba \u00e9rkezett &#8211; Ausztri\u00e1b\u00f3l sz\u00e1ll\u00edtott\u00e1k, \u00e9s jelenleg a v\u00e1mkezel\u00e9se zajlik. A tiszts\u00e9gvisel\u0151 szavai szerint \u00f6sszesen n\u00e9gy pil\u00f3ta n\u00e9lk\u00fcli g\u00e9pet kap a misszi\u00f3. A sz\u00f3viv\u0151 k\u00f6z\u00f6lte, hogy &#8222;n\u00e9h\u00e1ny h\u00e9ten bel\u00fcl&#8221; kezdik meg az eszk\u00f6z\u00f6k alkalmaz\u00e1s\u00e1t a kelet-ukrajnai, harcok s\u00fajtotta t\u00e9rs\u00e9gben.<br \/>\nA m\u00falt h\u00e9ten Andrij Liszenko, a Kelet-Ukrajn\u00e1ban az oroszbar\u00e1t szakad\u00e1rok ellen ind\u00edtott hadm\u0171velet koordin\u00e1l\u00e1s\u00e1ban k\u00f6zponti szerepet j\u00e1tsz\u00f3 ukr\u00e1n Nemzetv\u00e9delmi \u00e9s Biztons\u00e1gi Tan\u00e1cs (RNBO) sz\u00f3viv\u0151je rem\u00e9ny\u00e9t fejezte ki, hogy az Eur\u00f3pai Biztons\u00e1gi \u00e9s Egy\u00fcttm\u0171k\u00f6d\u00e9si Szervezet (EBESZ) megfigyel\u0151i mihamarabb megkapj\u00e1k a be\u00edg\u00e9rt dr\u00f3nokat, amelyek szerinte nagy m\u00e9rt\u00e9kben n\u00f6velik a misszi\u00f3 munk\u00e1j\u00e1nak hat\u00e9konys\u00e1g\u00e1t.<br \/>\nKijev \u00e9s a kelet-ukrajnai szeparatist\u00e1k Moszkva \u00e9s az EBESZ k\u00e9pvisel\u0151inek k\u00f6zvet\u00edt\u00e9s\u00e9vel Minszkben szeptember 5-\u00e9n t\u0171zsz\u00fcnetben \u00e1llapodtak meg. A harcok azonban az\u00f3ta sem \u00e1lltak le, ami \u00fajabb katonai vesztes\u00e9geket okozott mindk\u00e9t f\u00e9lnek, valamint t\u00f6bb civil is \u00e1ldozatul esett. Kijev \u00e9s a szakad\u00e1rok egym\u00e1st v\u00e1dolj\u00e1k a fegyvernyugv\u00e1s megs\u00e9rt\u00e9s\u00e9vel.<br \/>\nA szeparatist\u00e1k nem hagytak fel azzal, hogy megk\u00eds\u00e9relj\u00e9k elfoglalni az ukr\u00e1n hadsereg ellen\u0151rz\u00e9se alatt \u00e1ll\u00f3 donyecki rep\u00fcl\u0151teret: a\u00a0\u00a0l\u00e9gi kik\u00f6t\u0151t szakadatlanul t\u00e1madj\u00e1k \u00e9s ostromolj\u00e1k. K\u00f6zben Donyeck v\u00e1ros\u00e1ban is folynak t\u00fcz\u00e9rs\u00e9gi harcok. A lak\u00f3h\u00e1zakat is \u00e9r\u0151 t\u00e1mad\u00e1sok\u00e9rt a szeparatist\u00e1k az ukr\u00e1n fegyveres er\u0151ket, Kijev pedig a szakad\u00e1rokat teszi felel\u0151ss\u00e9.<br \/>\nKijevi jelent\u00e9sek szerint rendszeresek a szakad\u00e1r t\u00e1mad\u00e1sok az ukr\u00e1n fegyveres er\u0151k \u00e1ll\u00e1sai \u00e9s t\u00e1maszpontjai ellen a Donyeck k\u00f6rny\u00e9ki telep\u00fcl\u00e9sekn\u00e9l, Debalcev\u00e9n\u00e9l, illetve a Luhanszk k\u00f6zel\u00e9ben, a megyesz\u00e9khelyt\u0151l \u00e9szakra fekv\u0151 Scsasztya telep\u00fcl\u00e9sn\u00e9l. Annak \u00e9rdek\u00e9ben, hogy megsz\u0171njenek a t\u0171zsz\u00fcneti meg\u00e1llapod\u00e1s megs\u00e9rt\u00e9sei, valamint biztos\u00edts\u00e1k a fegyvernyugv\u00e1s tart\u00f3ss\u00e1g\u00e1t, \u00fajabb egyezs\u00e9get hoztak tet\u0151 al\u00e1 szeptember 19-\u00e9n a feh\u00e9rorosz f\u0151v\u00e1rosban a szemben \u00e1ll\u00f3 felek. Eszerint fegyvermentes \u00f6vezetet hoznak l\u00e9tre a jelenlegi &#8222;frontvonal&#8221; ment\u00e9n, ahonnan mindk\u00e9t oldal a k\u00f6z\u00e9pvonalt\u00f3l sz\u00e1m\u00edtva 15-15 kilom\u00e9terre vonja vissza neh\u00e9zfegyvereit.<br \/>\nA fegyvermentes \u00f6vezet hat\u00e1rait hivatalosan m\u00e9g nem jel\u00f6lt\u00e9k ki. Az orosz sajt\u00f3ban kisziv\u00e1rgott \u00e9rtes\u00fcl\u00e9sek szerint az ukr\u00e1n-orosz hat\u00e1r d\u00e9lkeleti szakasz\u00e1t\u00f3l Luhanszkot \u00e9s Donyecket is mag\u00e1ba foglalva tartana az Azovi-tenger partj\u00e1ig, ahol k\u00e9t sz\u00e9le Mariupoln\u00e1l \u00e9s Novoazovszkn\u00e1l lenne. Az EBESZ v\u00e1llalta a fegyvermentes \u00f6vezet, illetve az orosz-ukr\u00e1n hat\u00e1r megfigyel\u00e9s\u00e9t, ehhez van sz\u00fcks\u00e9ge a dr\u00f3nokra. Az egyezs\u00e9g \u00e9rtelm\u00e9ben a z\u00f3na f\u00f6l\u00f6tt semmilyen katonai g\u00e9p nem rep\u00fclhet, csak az EBESZ pil\u00f3ta n\u00e9lk\u00fcli rep\u00fcl\u0151g\u00e9pei.(MTI)<\/p>\n","protected":false},"excerpt":{"rendered":"<p>Meg\u00e9rkeztek Ukrajn\u00e1ba az orsz\u00e1gban foly\u00f3 harci cselekm\u00e9nyek megfigyel\u00e9s\u00e9t v\u00e9gz\u0151 EBESZ-k\u00fcld\u00f6tts\u00e9gnek sz\u00e1nt els\u0151 pil\u00f3ta n\u00e9lk\u00fcli rep\u00fcl\u0151g\u00e9pek &#8211; jelentette be h\u00e9tf\u0151n Michael Bociurkiw, a misszi\u00f3 sz\u00f3viv\u0151je.<\/p>\n","protected":false},"author":1,"featured_media":0,"comment_status":"open","ping_status":"closed","sticky":false,"template":"","format":"standard","meta":[],"categories":[1],"tags":[],"_links":{"self":[{"href":"https:\/\/gazdasagportal.hu\/index.php\/wp-json\/wp\/v2\/posts\/46623"}],"collection":[{"href":"https:\/\/gazdasagportal.hu\/index.php\/wp-json\/wp\/v2\/posts"}],"about":[{"href":"https:\/\/gazdasagportal.hu\/index.php\/wp-json\/wp\/v2\/types\/post"}],"author":[{"embeddable":true,"href":"https:\/\/gazdasagportal.hu\/index.php\/wp-json\/wp\/v2\/users\/1"}],"replies":[{"embeddable":true,"href":"https:\/\/gazdasagportal.hu\/index.php\/wp-json\/wp\/v2\/comments?post=46623"}],"version-history":[{"count":1,"href":"https:\/\/gazdasagportal.hu\/index.php\/wp-json\/wp\/v2\/posts\/46623\/revisions"}],"predecessor-version":[{"id":46624,"href":"https:\/\/gazdasagportal.hu\/index.php\/wp-json\/wp\/v2\/posts\/46623\/revisions\/46624"}],"wp:attachment":[{"href":"https:\/\/gazdasagportal.hu\/index.php\/wp-json\/wp\/v2\/media?parent=46623"}],"wp:term":[{"taxonomy":"category","embeddable":true,"href":"https:\/\/gazdasagportal.hu\/index.php\/wp-json\/wp\/v2\/categories?post=46623"},{"taxonomy":"post_tag","embeddable":true,"href":"https:\/\/gazdasagportal.hu\/index.php\/wp-json\/wp\/v2\/tags?post=46623"}],"curies":[{"name":"wp","href":"https:\/\/api.w.org\/{rel}","templated":true}]}}