{"id":46615,"date":"2014-10-06T10:38:07","date_gmt":"2014-10-06T08:38:07","guid":{"rendered":"http:\/\/stockportal.hu\/?p=46615"},"modified":"2014-10-06T10:38:07","modified_gmt":"2014-10-06T08:38:07","slug":"egyedulallo-hibrid-csuklos-autobuszt-mutattak-be-a-fovarosban","status":"publish","type":"post","link":"https:\/\/gazdasagportal.hu\/index.php\/egyedulallo-hibrid-csuklos-autobuszt-mutattak-be-a-fovarosban\/","title":{"rendered":"Egyed\u00fcl\u00e1ll\u00f3 hibrid csukl\u00f3s aut\u00f3buszt mutattak be a f\u0151v\u00e1rosban"},"content":{"rendered":"<p><b>Vas\u00e1rnap d\u00e9lut\u00e1n Dr. Seszt\u00e1k Mikl\u00f3s, nemzeti fejleszt\u00e9si miniszter \u00e9s Vit\u00e9zy D\u00e1vid, a BKK vez\u00e9rigazgat\u00f3ja \u00e9s mutatta be azt a legkorszer\u0171bb, p\u00e1rhuzamos hibrid csukl\u00f3s aut\u00f3buszt, amelyb\u0151l hamarosan 28 darab \u00e9rkezik a f\u0151v\u00e1rosi utakra, \u00e9s amely a k\u00f6z\u00e9p-eur\u00f3pai f\u0151v\u00e1rosok legnagyobb hibrid buszflott\u00e1ja lesz.<\/b><!--more--><br \/>\n<div class=\"ads-in-post1\"><div id=\"gazdasagportal.hu_fullbanner_wideboard\"><\/div>\r\n<\/div>\n<p>\u00dcnnep\u00e9lyes keretek k\u00f6z\u00f6tt mutatt\u00e1k be a mai napon Budapesten, a R\u00e1ba-Volvo kooper\u00e1ci\u00f3 keret\u00e9ben k\u00e9sz\u00fcl\u0151, legkorszer\u0171bb hibrid csukl\u00f3s aut\u00f3buszflott\u00e1j\u00e1nak premier p\u00e9ld\u00e1ny\u00e1t. A bemutatott j\u00e1rm\u0171 m\u00e1r szeml\u00e9lteti azt az egyed\u00fcl\u00e1ll\u00f3 p\u00e1rhuzamos hibrid technol\u00f3gi\u00e1t, \u00e9s korszer\u0171 kivitelt, amely a R\u00e1ba-Volvo kooper\u00e1ci\u00f3 keret\u00e9ben ker\u00fcl lesz\u00e1ll\u00edt\u00e1sra, \u00e9s a j\u00f6v\u0151 \u00e9v elej\u00e9n \u00e1ll forgalomba a f\u0151v\u00e1rosban. A j\u00e1rm\u0171vek saj\u00e1toss\u00e1ga a magas megb\u00edzhat\u00f3s\u00e1g \u00e9s \u00e9lettartam, mindemellett megn\u00f6velt befogad\u00f3k\u00e9pess\u00e9g is jellemzi. A hagyom\u00e1nyos d\u00edzel \u00fczem\u0171 buszokhoz k\u00e9pest a hibrid j\u00e1rm\u0171vek el\u0151nye, hogy csendes, elektromotoros indul\u00e1st, 40-50%-kal kevesebb k\u00e1rosanyag kibocs\u00e1t\u00e1st, valamint ak\u00e1r 39%-kal alacsonyabb \u00fczemanyag felhaszn\u00e1l\u00e1st tesznek lehet\u0151v\u00e9. Ez ut\u00f3bbit tekintve elmondhat\u00f3, hogy egy \u00e9ves szinten 6000 \u00fczem\u00f3r\u00e1t fut\u00f3 aut\u00f3busz ak\u00e1r 27 ezer liter \u00fczemanyagot is megtakar\u00edthat, amely t\u00edz \u00e9v alatt nagys\u00e1grendileg egy \u00faj aut\u00f3busz \u00e1r\u00e1t is jelentheti.<\/p>\n<p>Dr. Seszt\u00e1k Mikl\u00f3s kiemelte: \u201eA j\u00f6v\u0151\u00e9p\u00edt\u00e9st szolg\u00e1lja a R\u00e1ba \u00e9s a Volvo k\u00f6z\u00f6tti meg\u00e1llapod\u00e1s. Ennek eredm\u00e9nyek\u00e9nt \u00e9rkezik 2015 elej\u00e9ig 28 darab aut\u00f3busz a f\u0151v\u00e1rosba\u201d<\/p>\n<p>Vit\u00e9zy D\u00e1vid, a BKK vez\u00e9rigazgat\u00f3ja elmondta: \u201eA f\u0151v\u00e1ros a k\u00f6zelm\u00faltban t\u00f6bb mint 500 korszer\u0171 j\u00e1rm\u0171vel eg\u00e9sz\u00edtette ki a j\u00e1rm\u0171parkot. Ehhez \u00e9rkeznek novembert\u0151l a R\u00e1ba-Volvo hibrid hajt\u00e1s\u00fa aut\u00f3buszok, amelyek az 5-\u00f6s, 7-es \u00e9s 9-es vonalon k\u00f6zlekednek majd, \u00e9s l\u00e9nyegesen kisebb k\u00e1rosanyag kibocs\u00e1t\u00e1ssal rendelkeznek.\u201d<\/p><div id=\"gazda-481421447\" class=\"gazda-tartalomban gazda-entity-placement\"><script async src=\"https:\/\/pagead2.googlesyndication.com\/pagead\/js\/adsbygoogle.js\"><\/script>\r\n<ins class=\"adsbygoogle\"\r\n     style=\"display:block\"\r\n     data-ad-format=\"fluid\"\r\n     data-ad-layout-key=\"-6t+ed+2i-1n-4w\"\r\n     data-ad-client=\"ca-pub-1959107119989764\"\r\n     data-ad-slot=\"4008251320\"><\/ins>\r\n<script>\r\n     (adsbygoogle = window.adsbygoogle || []).push({});\r\n<\/script><\/div>\n<p>A R\u00e1ba 2013 elej\u00e9n ind\u00edtotta el egy\u00fcttm\u0171k\u00f6d\u00e9s\u00e9t a Volv\u00f3val, melynek eredm\u00e9nyek\u00e9nt hamarosan 28 darabb\u00f3l \u00e1ll\u00f3, a k\u00f6z\u00e9p-eur\u00f3pai f\u0151v\u00e1rosok k\u00f6z\u00f6tt legnagyobbnak sz\u00e1m\u00edt\u00f3 hibrid csukl\u00f3s buszflotta ker\u00fcl a BKK j\u00e1rm\u0171parkj\u00e1ba. A kooper\u00e1ci\u00f3 l\u00e9nyege, hogy a piaci ig\u00e9nyeket, valamint a k\u00f6rnyezettudatoss\u00e1gi szempontokat szem el\u0151tt tartva a lehet\u0151 legmodernebb t\u00f6megk\u00f6zleked\u00e9si j\u00e1rm\u0171veket k\u00edn\u00e1lj\u00e1k az utaz\u00f3k\u00f6z\u00f6ns\u00e9g sz\u00e1m\u00e1ra. Az egy\u00fcttm\u0171k\u00f6d\u00e9s el\u0151nye tov\u00e1bb\u00e1, hogy a lokaliz\u00e1lt gy\u00e1rt\u00e1snak \u00e9s az ellent\u00e9telez\u00e9snek k\u00f6sz\u00f6nhet\u0151en minden elk\u00f6lt\u00f6tt k\u00f6zp\u00e9nz az orsz\u00e1g hat\u00e1rain bel\u00fcl hasznosul.<\/p>\n<p>A hibrid buszflott\u00e1t a BKK-val k\u00f6t\u00f6tt szerz\u0151d\u00e9se \u00e9rtelm\u00e9ben a T&amp;J Kft. \u00fczemelteti majd. A magyar f\u0151v\u00e1ros ig\u00e9nyei \u00e9s elv\u00e1r\u00e1sai szerint legy\u00e1rtott, lokaliz\u00e1lt j\u00e1rm\u0171vek sz\u00e1ll\u00edt\u00e1sa m\u00e1r id\u00e9n megkezd\u0151dik. Az els\u0151 j\u00e1rm\u0171 novemberben, a teljes flotta pedig 2015 febru\u00e1rj\u00e1t\u00f3l k\u00f6zlekedik \u00e9s sz\u00e1ll\u00edt utasokat a f\u0151v\u00e1ros \u00fatjain.<\/p>\n","protected":false},"excerpt":{"rendered":"<p>Vas\u00e1rnap d\u00e9lut\u00e1n Dr. Seszt\u00e1k Mikl\u00f3s, nemzeti fejleszt\u00e9si miniszter \u00e9s Vit\u00e9zy D\u00e1vid, a BKK vez\u00e9rigazgat\u00f3ja \u00e9s mutatta be azt a legkorszer\u0171bb, p\u00e1rhuzamos hibrid csukl\u00f3s aut\u00f3buszt, amelyb\u0151l hamarosan 28 darab \u00e9rkezik a f\u0151v\u00e1rosi utakra, \u00e9s amely a k\u00f6z\u00e9p-eur\u00f3pai f\u0151v\u00e1rosok legnagyobb hibrid buszflott\u00e1ja lesz.<\/p>\n","protected":false},"author":1,"featured_media":0,"comment_status":"open","ping_status":"closed","sticky":false,"template":"","format":"standard","meta":[],"categories":[19],"tags":[],"_links":{"self":[{"href":"https:\/\/gazdasagportal.hu\/index.php\/wp-json\/wp\/v2\/posts\/46615"}],"collection":[{"href":"https:\/\/gazdasagportal.hu\/index.php\/wp-json\/wp\/v2\/posts"}],"about":[{"href":"https:\/\/gazdasagportal.hu\/index.php\/wp-json\/wp\/v2\/types\/post"}],"author":[{"embeddable":true,"href":"https:\/\/gazdasagportal.hu\/index.php\/wp-json\/wp\/v2\/users\/1"}],"replies":[{"embeddable":true,"href":"https:\/\/gazdasagportal.hu\/index.php\/wp-json\/wp\/v2\/comments?post=46615"}],"version-history":[{"count":1,"href":"https:\/\/gazdasagportal.hu\/index.php\/wp-json\/wp\/v2\/posts\/46615\/revisions"}],"predecessor-version":[{"id":46616,"href":"https:\/\/gazdasagportal.hu\/index.php\/wp-json\/wp\/v2\/posts\/46615\/revisions\/46616"}],"wp:attachment":[{"href":"https:\/\/gazdasagportal.hu\/index.php\/wp-json\/wp\/v2\/media?parent=46615"}],"wp:term":[{"taxonomy":"category","embeddable":true,"href":"https:\/\/gazdasagportal.hu\/index.php\/wp-json\/wp\/v2\/categories?post=46615"},{"taxonomy":"post_tag","embeddable":true,"href":"https:\/\/gazdasagportal.hu\/index.php\/wp-json\/wp\/v2\/tags?post=46615"}],"curies":[{"name":"wp","href":"https:\/\/api.w.org\/{rel}","templated":true}]}}