{"id":46508,"date":"2014-10-05T03:04:31","date_gmt":"2014-10-05T01:04:31","guid":{"rendered":"http:\/\/stockportal.hu\/?p=46508"},"modified":"2014-10-04T20:38:33","modified_gmt":"2014-10-04T18:38:33","slug":"morvai-krisztina-szived-joga","status":"publish","type":"post","link":"https:\/\/gazdasagportal.hu\/index.php\/morvai-krisztina-szived-joga\/","title":{"rendered":"Morvai Krisztina: Sz\u00edved joga"},"content":{"rendered":"<p><strong>Sz\u00edved joga elnevez\u00e9ssel orsz\u00e1gj\u00e1r\u00e1sra indult szombaton Morvai Krisztina. A Jobbik eur\u00f3pai parlamenti k\u00e9pvisel\u0151je a k\u00f6vetkez\u0151 egy h\u00e9tben tizen\u00f6t helysz\u00ednen gy\u0171jt inform\u00e1ci\u00f3kat az emberi jogok eur\u00f3pai norm\u00e1i t\u00e9mak\u00f6rben.<\/strong><!--more--><br \/>\n<div class=\"ads-in-post1\"><div id=\"gazdasagportal.hu_fullbanner_wideboard\"><\/div>\r\n<\/div>\n<p>    Az ellenz\u00e9ki politikus az MTI-nek \u00fatja els\u0151 \u00e1llom\u00e1s\u00e1n, Mak\u00f3n azt mondta, tervei szerint az orsz\u00e1gj\u00e1r\u00e1s ut\u00e1n egy\u00e9ves t\u00e1j\u00e9koztat\u00f3 kamp\u00e1nyba kezd.<br \/>\n    A mostani egyhetes programmal kapcsolatban kijelentette: sok emberrel egy\u00fctt elege van abb\u00f3l, hogy ami Magyarorsz\u00e1gon megy politika c\u00edm\u00e9n, az nem m\u00e1s, mint p\u00e1rtok egym\u00e1s elleni folyamatos gyal\u00e1zkod\u00e1sa \u00e9s szem\u00e9lyesked\u00e9se.<br \/>\n    &#8222;\u00c9n jog\u00e1sz vagyok, nekem az a hivat\u00e1som, hogy sokszor ellehetetlen\u00fclt helyzetbe ker\u00fclt vagy egy\u00e9bk\u00e9nt gyenge poz\u00edci\u00f3ban l\u00e9v\u0151 eltaposott, kizs\u00e1km\u00e1nyolt emberek mell\u00e9 oda\u00e1llva harcoljak a jogaik\u00e9rt&#8221; &#8211; mondta. Ebb\u0151l kiindulva a k\u00f6vetkez\u0151 egy h\u00e9tben emberi jogi megk\u00f6zel\u00edt\u00e9sben besz\u00e9lget az \u00e9rdekl\u0151d\u0151kkel t\u00f6bb t\u00e9m\u00e1r\u00f3l &#8211; tette hozz\u00e1.<br \/>\n    Ezek k\u00f6z\u00f6tt vannak p\u00e9ld\u00e1ul a munkav\u00e1llal\u00f3i jogok, a gazd\u00e1k jogai, t\u00e9ma lesz a kisv\u00e1llalkoz\u00f3k helyzete, foglalkozik a b\u0171ncselekm\u00e9nyek \u00e1ldozatainak jogaival \u00e9s a b\u0171nmegel\u0151z\u00e9ssel is. A hat\u00e1ron t\u00fali magyars\u00e1g helyzet\u00e9t is vizsg\u00e1lja majd mint emberi jogi k\u00e9rd\u00e9st. Morvai Krisztina a fogyaszt\u00f3v\u00e9delmen bel\u00fcl kiemelt \u00fcgynek tartja a bankok \u00fcgyfeleket megt\u00e9veszt\u0151 magatart\u00e1s\u00e1t, amely szerinte tov\u00e1bbra sem v\u00e1ltozik. (MTI)<\/p>\n","protected":false},"excerpt":{"rendered":"<p>Sz\u00edved joga elnevez\u00e9ssel orsz\u00e1gj\u00e1r\u00e1sra indult szombaton Morvai Krisztina. A Jobbik eur\u00f3pai parlamenti k\u00e9pvisel\u0151je a k\u00f6vetkez\u0151 egy h\u00e9tben tizen\u00f6t helysz\u00ednen gy\u0171jt inform\u00e1ci\u00f3kat az emberi jogok eur\u00f3pai norm\u00e1i t\u00e9mak\u00f6rben.<\/p>\n","protected":false},"author":1,"featured_media":0,"comment_status":"open","ping_status":"closed","sticky":false,"template":"","format":"standard","meta":[],"categories":[1],"tags":[],"_links":{"self":[{"href":"https:\/\/gazdasagportal.hu\/index.php\/wp-json\/wp\/v2\/posts\/46508"}],"collection":[{"href":"https:\/\/gazdasagportal.hu\/index.php\/wp-json\/wp\/v2\/posts"}],"about":[{"href":"https:\/\/gazdasagportal.hu\/index.php\/wp-json\/wp\/v2\/types\/post"}],"author":[{"embeddable":true,"href":"https:\/\/gazdasagportal.hu\/index.php\/wp-json\/wp\/v2\/users\/1"}],"replies":[{"embeddable":true,"href":"https:\/\/gazdasagportal.hu\/index.php\/wp-json\/wp\/v2\/comments?post=46508"}],"version-history":[{"count":1,"href":"https:\/\/gazdasagportal.hu\/index.php\/wp-json\/wp\/v2\/posts\/46508\/revisions"}],"predecessor-version":[{"id":46510,"href":"https:\/\/gazdasagportal.hu\/index.php\/wp-json\/wp\/v2\/posts\/46508\/revisions\/46510"}],"wp:attachment":[{"href":"https:\/\/gazdasagportal.hu\/index.php\/wp-json\/wp\/v2\/media?parent=46508"}],"wp:term":[{"taxonomy":"category","embeddable":true,"href":"https:\/\/gazdasagportal.hu\/index.php\/wp-json\/wp\/v2\/categories?post=46508"},{"taxonomy":"post_tag","embeddable":true,"href":"https:\/\/gazdasagportal.hu\/index.php\/wp-json\/wp\/v2\/tags?post=46508"}],"curies":[{"name":"wp","href":"https:\/\/api.w.org\/{rel}","templated":true}]}}