{"id":46048,"date":"2014-09-01T03:44:30","date_gmt":"2014-09-01T01:44:30","guid":{"rendered":"http:\/\/stockportal.hu\/?p=46048"},"modified":"2014-09-30T20:05:15","modified_gmt":"2014-09-30T18:05:15","slug":"ukran-valsag-ujraelheti-a-kilencvenes-evek-valsagat-az-ukran-gazdasag-szakerto","status":"publish","type":"post","link":"https:\/\/gazdasagportal.hu\/index.php\/ukran-valsag-ujraelheti-a-kilencvenes-evek-valsagat-az-ukran-gazdasag-szakerto\/","title":{"rendered":"Ukr\u00e1n v\u00e1ls\u00e1g &#8211; \u00dajra\u00e9lheti a kilencvenes \u00e9vek v\u00e1ls\u00e1g\u00e1t az ukr\u00e1n gazdas\u00e1g &#8211; szak\u00e9rt\u0151"},"content":{"rendered":"<p><strong>Nem kiz\u00e1rt, hogy a k\u00f6zelj\u00f6v\u0151ben ism\u00e9t a kilencvenes \u00e9vek k\u00f6zep\u00e9nek v\u00e1ls\u00e1g\u00e1t \u00e9li \u00fajra Ukrajna hiperinfl\u00e1ci\u00f3val, energia\u00edns\u00e9ggel, munkan\u00e9lk\u00fclis\u00e9ggel, magas k\u00f6lts\u00e9gvet\u00e9si deficittel \u00e9s elad\u00f3sod\u00e1ssal &#8211; v\u00e9lekedett Oleh Usztenko, a gazdas\u00e1gkutat\u00e1ssal foglalkoz\u00f3 kijevi Bleyzer Alap\u00edtv\u00e1ny igazgat\u00f3ja kedden az MTI-nek nyilatkozva.<\/strong><!--more--><br \/>\n<div class=\"ads-in-post1\"><div id=\"gazdasagportal.hu_fullbanner_wideboard\"><\/div>\r\n<\/div>\n<p>    A szak\u00e9rt\u0151 r\u00e1mutatott arra, hogy a gazdas\u00e1g rendbet\u00e9tel\u00e9nek jelenleg k\u00e9t f\u0151 akad\u00e1lya van Ukrajn\u00e1ban: az orsz\u00e1g d\u00e9lkeleti r\u00e9sz\u00e9ben zajl\u00f3 fegyveres konfliktus, \u00e9s a k\u00f6zelg\u0151, okt\u00f3ber 26-ra ki\u00edrt parlamenti v\u00e1laszt\u00e1sok. &#8222;Ez ut\u00f3bbi miatt a korm\u00e1ny vonakodik n\u00e9pszer\u0171tlen int\u00e9zked\u00e9s\u00e9ket meghozni, r\u00e1ad\u00e1sul el\u00e9g nagy a val\u00f3sz\u00edn\u0171s\u00e9ge annak, hogy a v\u00e1laszt\u00e1sokon populista er\u0151k ker\u00fclnek t\u00f6bbs\u00e9gbe a t\u00f6rv\u00e9nyhoz\u00e1sban, amelyekt\u0151l szint\u00e9n nem v\u00e1rhat\u00f3 megszor\u00edt\u00f3 int\u00e9zked\u00e9sek megt\u00e9tele a gazdas\u00e1g stabiliz\u00e1l\u00e1sa \u00e9rdek\u00e9ben&#8221; &#8211; v\u00e9lekedett.<br \/>\n    A jelenlegi helyzet elemz\u00e9s\u00e9re r\u00e1t\u00e9rve el\u0151rebocs\u00e1totta, hogy az ukr\u00e1n gazdas\u00e1g jelent\u0151sen exportorient\u00e1lt, r\u00e1ad\u00e1sul sem a term\u00e9keket illet\u0151en, sem f\u00f6ldrajzilag nem kell\u0151en diverzifik\u00e1lt. Id\u00e9n az Oroszorsz\u00e1gba ir\u00e1nyul\u00f3 ukr\u00e1n export &#8211; ami az orsz\u00e1g teljes kivitel\u00e9nek t\u00f6bb mint egynegyed\u00e9t teszi ki &#8211; ez \u00e9v els\u0151 fel\u00e9ben 25 sz\u00e1zal\u00e9kkal esett vissza, \u00e9s az \u00e9v v\u00e9g\u00e9ig ez az ar\u00e1ny el\u00e9rheti a 40 sz\u00e1zal\u00e9kot. Ez az\u00e9rt s\u00falyos probl\u00e9ma, mert az el\u0151z\u0151 \u00e9vben a brutt\u00f3 hazai \u00f6sszterm\u00e9k (GDP) 12,5 sz\u00e1zal\u00e9ka az Oroszorsz\u00e1gb\u00f3l ir\u00e1nyul\u00f3 exportb\u00f3l sz\u00e1rmazott.<br \/>\n    Usztenko int\u00e9zete az idei \u00e9vre 7-10 sz\u00e1zal\u00e9kos gazdas\u00e1gi visszaes\u00e9st j\u00f3sol, ami egyszerre t\u00e1rsul a nemzeti valuta, a hrivnya er\u0151teljes el\u00e9rt\u00e9ktelened\u00e9s\u00e9vel. Janu\u00e1rt\u00f3l mostan\u00e1ig a hrivnya 70 sz\u00e1zal\u00e9kkal devalv\u00e1l\u00f3dott. K\u00f6zben n\u00f6vekszik az infl\u00e1ci\u00f3 m\u00e9rt\u00e9ke, ami az alap\u00edtv\u00e1ny becsl\u00e9se szerint id\u00e9n el\u00e9ri a 20 sz\u00e1zal\u00e9kot. Az elemz\u0151 szerint a d\u00e9lkeleti orsz\u00e1gr\u00e9szben a helyzet sokkal rosszabb: a gazdas\u00e1g visszaes\u00e9se \u00e9ves szinten v\u00e1rhat\u00f3an a dupl\u00e1ja lesz az orsz\u00e1gos \u00e1tlagnak, azaz el\u00e9rheti ak\u00e1r a 20 sz\u00e1zal\u00e9kot is.<br \/>\n    A kijevi Bleyzer Alap\u00edtv\u00e1ny igazgat\u00f3ja szerint a gazdas\u00e1gi visszaes\u00e9s egy\u00fctt j\u00e1r a munkan\u00e9lk\u00fclis\u00e9g jelent\u0151s n\u00f6veked\u00e9s\u00e9vel, ami \u00e1tlagosan id\u00e9n 10 sz\u00e1zal\u00e9k k\u00f6r\u00fcl v\u00e1rhat\u00f3, viszont a fegyveres konfliktus t\u00e9rs\u00e9g\u00e9ben ak\u00e1r 20 sz\u00e1zal\u00e9kos is lehet.<br \/>\n    A szak\u00e9rt\u0151 becsl\u00e9se szerint a k\u00f6lts\u00e9gvet\u00e9si hi\u00e1ny mintegy 10 sz\u00e1zal\u00e9k. &#8222;Az orsz\u00e1g val\u00f3j\u00e1ban h\u00e1rom k\u00f6lts\u00e9gvet\u00e9sb\u0151l \u00e9l: k\u00f6zvetlen\u00fcl az \u00e1llami b\u00fcdzs\u00e9b\u0151l, a k\u0151olaj- \u00e9s g\u00e1zszf\u00e9r\u00e1b\u00f3l sz\u00e1rmaz\u00f3 bev\u00e9telekb\u0151l, valamint a nyugd\u00edjalapb\u00f3l, ami a nyugd\u00edjasokra vonatkozik. Mindh\u00e1rom k\u00f6lts\u00e9gvet\u00e9s deficites&#8221; &#8211; magyar\u00e1zta. Kifejtette, hogy a nyugd\u00edjalap hi\u00e1nya meghaladja a k\u00e9t sz\u00e1zal\u00e9kot, az k\u0151olaj- \u00e9s g\u00e1zszf\u00e9r\u00e1i k\u00f6r\u00fclbel\u00fcl 2,5-3 sz\u00e1zal\u00e9kos, az \u00e1llami b\u00fcdzs\u00e9 hi\u00e1nya pedig mintegy 5 sz\u00e1zal\u00e9k.<br \/>\n    A k\u00f6lts\u00e9gvet\u00e9si deficitet Ukrajn\u00e1ban szerinte k\u00e9t \u00faton lehet cs\u00f6kkenteni: hitelfelv\u00e9tellel vagy p\u00e9nzkibocs\u00e1t\u00e1ssal. Rem\u00e9ny\u00e9t fejezte ki, hogy ez ut\u00f3bbira nem ker\u00fcl sor. Ami a k\u00fclf\u00f6ldi hiteleket illeti, Ukrajna jelenleg 15 sz\u00e1zal\u00e9kos \u00e9ves kamattal kaphat, \u00e9s ilyen felt\u00e9telek mellet is k\u00e9nytelen felvenni. Ez azonban azt jelenti, hogy j\u00f6v\u0151re a brutt\u00f3 hazai \u00f6sszterm\u00e9k 1,5 sz\u00e1zal\u00e9ka csak a hitelek kamatainak t\u00f6rleszt\u00e9s\u00e9re megy el.<br \/>\n    Usztenko kijelentette, hogy az Ukrajn\u00e1ban az ut\u00f3bbi id\u0151ben tapasztalhat\u00f3 k\u00fclf\u00f6ldi valutahi\u00e1ny kialakul\u00e1s\u00e1ban k\u00f6zvetlen szerepet j\u00e1tszik a fegyveres konfliktus, ugyanis a v\u00e1ls\u00e1g kirobban\u00e1sa el\u0151tt Ukrajna valutabev\u00e9tel\u00e9nek 60 sz\u00e1zal\u00e9ka Donyeck \u00e9s Luhanszk megy\u00e9kb\u0151l sz\u00e1rmazott.<br \/>\n    A szak\u00e9rt\u0151 szerint a d\u00e9lkelet-ukrajnai v\u00e1ls\u00e1g m\u00e1r most \u00e9vekre visszavetette az ukr\u00e1n gazdas\u00e1got. M\u00e9g ha azonnal rendez\u0151dne is a konfliktus, a romm\u00e1 l\u0151tt infrastrukt\u00fara \u00fajj\u00e1\u00e9p\u00edt\u00e9se becsl\u00e9sek szerint ak\u00e1r 10 milli\u00e1rd doll\u00e1rba is ker\u00fclhet, ami a jelenlegi ukr\u00e1n GDP hat sz\u00e1zal\u00e9ka.<br \/>\n      Az \u00fajj\u00e1\u00e9p\u00edt\u00e9shez szerinte Ukrajna t\u00f6bb forr\u00e1sb\u00f3l kaphat majd t\u00e1mogat\u00e1st: az Egyes\u00fclt \u00c1llamokt\u00f3l, valamint az Eur\u00f3pai Uni\u00f3t\u00f3l, amelyet \u00e9rdekeltt\u00e9 tesz az, hogy keleti hat\u00e1ra ment\u00e9n helyre\u00e1lljon a stabilit\u00e1s, \u00e9s ne ker\u00fclj\u00f6n szembe s\u00falyos bev\u00e1ndorl\u00e1si probl\u00e9m\u00e1val. Meggy\u0151z\u0151d\u00e9s\u00e9nek adott hangot, hogy id\u0151vel Oroszorsz\u00e1g is \u00e9rdekeltt\u00e9 v\u00e1lik ugyanezen okb\u00f3l az ukr\u00e1n gazdas\u00e1g talpra \u00e1ll\u00edt\u00e1s\u00e1nak t\u00e1mogat\u00e1s\u00e1ban, hiszen az Ukrajn\u00e1val hat\u00e1ros nyugati t\u00e9rs\u00e9g\u00e9ben, a rosztovi ter\u00fcleten neki is komoly gondokat okozna egy er\u0151sebb bev\u00e1ndorl\u00e1si hull\u00e1m.<br \/>\n    Ami m\u00e1r most visszaid\u00e9zi a kilencvenes \u00e9veket, az az energiatakar\u00e9koss\u00e1gi int\u00e9zked\u00e9sek, amelyek ak\u00e1rmennyire n\u00e9pszer\u0171tlenek, m\u00e1r megker\u00fclhetetlenekk\u00e9 v\u00e1ltak az ukr\u00e1n politikai vezet\u00e9s sz\u00e1m\u00e1ra. Kijev t\u00f6bb ker\u00fclet\u00e9ben j\u00fanius \u00f3ta nincs meleg v\u00edz, \u00e9s a f\u0151v\u00e1ros vezet\u00e9se m\u00e1r el\u0151rebocs\u00e1totta, hogy a f\u0171t\u00e9si szezon megkezd\u00e9s\u00e9t is k\u00e9s\u0151bbre tervezi. Elemz\u0151k ugyanakkor \u00fagy l\u00e1tj\u00e1k, hogy ezek az int\u00e9zked\u00e9sek nem hozz\u00e1k meg a rem\u00e9lt eredm\u00e9nyt, hiszen a bojlerek \u00e9s villanyradi\u00e1torok sok \u00e1ramot fogyasztanak, \u00edgy amit megsp\u00f3rol a v\u00e1rosvezet\u00e9s a t\u00e1vf\u0171t\u00e9sen, azt elvesz\u00edti a lakoss\u00e1g sz\u00e1m\u00e1ra \u00e1llamilag dot\u00e1lt elektromos \u00e1ramon. Az ukr\u00e1n m\u00e9di\u00e1ban megjelent nyilatkozatok alapj\u00e1n a t\u00e9len v\u00e1rhat\u00f3an \u00e1ramkorl\u00e1toz\u00e1sok is lesznek. Egyel\u0151re nem tudni, h\u00e1ny \u00f3r\u00e1sak, \u00e9s \u00e9rintik-e majd a f\u0151v\u00e1rost, de val\u00f3sz\u00edn\u0171s\u00edthet\u0151en igen. A kisziv\u00e1rgott tervek szerint a kilencvenes \u00e9vek gyakorlata alapj\u00e1n naponta reggel \u00e9s este a cs\u00facsfogyaszt\u00e1si id\u0151ben k\u00e9t-k\u00e9t \u00f3r\u00e1ra lekapcsolj\u00e1k majd az \u00e1ramszolg\u00e1ltat\u00e1st.<br \/>\n    A benzin az \u00e9v eleje \u00f3ta mintegy 3,5 sz\u00e1zal\u00e9kot dr\u00e1gult Ukrajn\u00e1ban, \u00e9s mostanra meghaladta a 17 hrivny\u00e1s (csaknem 330 forintos) literenk\u00e9nti \u00e1rat. Megfigyel\u0151k szerint ez k\u00e9t dolgot eredm\u00e9nyezett: sokan cser\u00e9lt\u00e9k le benzines aut\u00f3jukat d\u00edzel \u00fczemanyag\u00fara, m\u00e1sr\u00e9szt \u00e9rezhet\u0151en kisebb lett a szem\u00e9lyg\u00e9pkocsi-forgalom. A f\u0151v\u00e1rosban p\u00e9ld\u00e1ul azokban a napszakokban, amikor a t\u00edzes sk\u00e1l\u00e1n 7-8-as fokozat\u00fa dug\u00f3kat m\u00e9rtek, most alig haladja meg a forgalom a 4-es fokozatot.(MTI)<\/p>\n","protected":false},"excerpt":{"rendered":"<p>Nem kiz\u00e1rt, hogy a k\u00f6zelj\u00f6v\u0151ben ism\u00e9t a kilencvenes \u00e9vek k\u00f6zep\u00e9nek v\u00e1ls\u00e1g\u00e1t \u00e9li \u00fajra Ukrajna hiperinfl\u00e1ci\u00f3val, energia\u00edns\u00e9ggel, munkan\u00e9lk\u00fclis\u00e9ggel, magas k\u00f6lts\u00e9gvet\u00e9si deficittel \u00e9s elad\u00f3sod\u00e1ssal &#8211; v\u00e9lekedett Oleh Usztenko, a gazdas\u00e1gkutat\u00e1ssal foglalkoz\u00f3 kijevi Bleyzer Alap\u00edtv\u00e1ny igazgat\u00f3ja kedden az MTI-nek nyilatkozva.<\/p>\n","protected":false},"author":1,"featured_media":0,"comment_status":"open","ping_status":"closed","sticky":false,"template":"","format":"standard","meta":[],"categories":[139],"tags":[],"_links":{"self":[{"href":"https:\/\/gazdasagportal.hu\/index.php\/wp-json\/wp\/v2\/posts\/46048"}],"collection":[{"href":"https:\/\/gazdasagportal.hu\/index.php\/wp-json\/wp\/v2\/posts"}],"about":[{"href":"https:\/\/gazdasagportal.hu\/index.php\/wp-json\/wp\/v2\/types\/post"}],"author":[{"embeddable":true,"href":"https:\/\/gazdasagportal.hu\/index.php\/wp-json\/wp\/v2\/users\/1"}],"replies":[{"embeddable":true,"href":"https:\/\/gazdasagportal.hu\/index.php\/wp-json\/wp\/v2\/comments?post=46048"}],"version-history":[{"count":1,"href":"https:\/\/gazdasagportal.hu\/index.php\/wp-json\/wp\/v2\/posts\/46048\/revisions"}],"predecessor-version":[{"id":46049,"href":"https:\/\/gazdasagportal.hu\/index.php\/wp-json\/wp\/v2\/posts\/46048\/revisions\/46049"}],"wp:attachment":[{"href":"https:\/\/gazdasagportal.hu\/index.php\/wp-json\/wp\/v2\/media?parent=46048"}],"wp:term":[{"taxonomy":"category","embeddable":true,"href":"https:\/\/gazdasagportal.hu\/index.php\/wp-json\/wp\/v2\/categories?post=46048"},{"taxonomy":"post_tag","embeddable":true,"href":"https:\/\/gazdasagportal.hu\/index.php\/wp-json\/wp\/v2\/tags?post=46048"}],"curies":[{"name":"wp","href":"https:\/\/api.w.org\/{rel}","templated":true}]}}