{"id":45921,"date":"2014-09-30T03:15:26","date_gmt":"2014-09-30T01:15:26","guid":{"rendered":"http:\/\/stockportal.hu\/?p=45921"},"modified":"2014-09-29T21:16:07","modified_gmt":"2014-09-29T19:16:07","slug":"costa-concordia-az-igazsag-feltarasara-szolitja-fel-a-tengerjaro-volt-kapitanyat-egykori-szeretoje","status":"publish","type":"post","link":"https:\/\/gazdasagportal.hu\/index.php\/costa-concordia-az-igazsag-feltarasara-szolitja-fel-a-tengerjaro-volt-kapitanyat-egykori-szeretoje\/","title":{"rendered":"Costa Concordia &#8211; Az igazs\u00e1g felt\u00e1r\u00e1s\u00e1ra sz\u00f3l\u00edtja fel a tengerj\u00e1r\u00f3 volt kapit\u00e1ny\u00e1t egykori szeret\u0151je"},"content":{"rendered":"<p><strong>Az igazs\u00e1g felt\u00e1r\u00e1s\u00e1ra sz\u00f3l\u00edtotta fel Francesco Schettin\u00f3t, a 2012. janu\u00e1rj\u00e1ban z\u00e1tonyra futott Costa Concordia volt kapit\u00e1ny\u00e1t Domnica Cemortan moldovai t\u00e1ncosn\u0151, a kapit\u00e1ny egykori kedvese, aki hatnapos ultim\u00e1tumot adott erre &#8211; \u00e9rtes\u00fclt az olasz sajt\u00f3.<\/strong><!--more--><br \/>\n<div class=\"ads-in-post1\"><div id=\"gazdasagportal.hu_fullbanner_wideboard\"><\/div>\r\n<\/div>\n<p>    &#8222;Mondd el az igazat, vagy \u00e9n teszem  meg&#8221; &#8211; ezzel fenyegetett Domnica Cemortan saj\u00e1t Facebook-oldal\u00e1n.<br \/>\n    Felsz\u00f3l\u00edtotta a Costa Concordia volt kapit\u00e1ny\u00e1t, hogy mondja el az igazs\u00e1got azzal kapcsolatban, mi t\u00f6rt\u00e9nt r\u00f6gt\u00f6n azt k\u00f6vet\u0151en, hogy a baleset ut\u00e1n Schettino elrendelte a tengerj\u00e1r\u00f3 evaku\u00e1l\u00e1s\u00e1t.<br \/>\n    Cemortan hat napot adott a volt kapit\u00e1nynak az igazs\u00e1g elmond\u00e1s\u00e1ra. A jelenleg haz\u00e1j\u00e1ban tart\u00f3zkod\u00f3 moldovai n\u0151 az \u00fczenetet szeptember 24-\u00e9n \u00edrta, de az olasz napilapok csak h\u00e9tf\u0151n k\u00f6z\u00f6lt\u00e9k. Az ultim\u00e1tum hat\u00e1rideje szeptember 30-\u00e1n, kedden j\u00e1r le.<br \/>\n     A fiatal n\u0151 Francesco Schettino kedvesek\u00e9nt tart\u00f3zkodott a tengerj\u00e1r\u00f3n. Ezt maga Cemortan mondta el, amikor tan\u00fak\u00e9nt meghallgatt\u00e1k a haj\u00f3szerencs\u00e9tlens\u00e9gr\u0151l foly\u00f3 olasz b\u00edr\u00f3s\u00e1gi t\u00e1rgyal\u00e1son. Cemortan verzi\u00f3ja szerint a 2012. janu\u00e1r 13-a est\u00e9j\u00e9n t\u00f6rt\u00e9nt baleset pillanat\u00e1ban \u0151, Schettino \u00e9s a kapit\u00e1ny munkat\u00e1rsai a parancsnoki h\u00eddon \u00e1lltak \u00e9s a k\u00f6zeli Giglio-sziget\u00e9t n\u00e9zegett\u00e9k. A haj\u00f3t az indon\u00e9z korm\u00e1nyos ir\u00e1ny\u00edtotta. A Costa Concordia a szigethez k\u00f6zeli szikl\u00e1knak \u00fctk\u00f6z\u00f6tt. Arr\u00f3l, hogy mi t\u00f6rt\u00e9nt a baleset ut\u00e1ni percekben, Cemortan eddig nem nyilatkozott.<br \/>\n    A 32 \u00e1ldozatot k\u00f6vetel\u0151 baleset pere 2013. tavasz\u00e1n kezd\u0151d\u00f6tt el. A v\u00e1dlottak padj\u00e1n egyed\u00fcl Francesco Schettino volt kapit\u00e1ny maradt, miut\u00e1n v\u00e1dlott t\u00e1rsai v\u00e1dalkut k\u00f6t\u00f6ttek.<br \/>\n    Schettin\u00f3t eddig a b\u00edr\u00f3s\u00e1g nem hallgatta meg. A volt kapit\u00e1ny minden t\u00e1rgyal\u00e1son jelen volt, kiv\u00e9ve a legutols\u00f3 szeptember 22-i t\u00e1rgyal\u00e1st, amelyr\u0151l eg\u00e9szs\u00e9gi okokb\u00f3l t\u00e1vol maradt.(MTI)<\/p>\n","protected":false},"excerpt":{"rendered":"<p>Az igazs\u00e1g felt\u00e1r\u00e1s\u00e1ra sz\u00f3l\u00edtotta fel Francesco Schettin\u00f3t, a 2012. janu\u00e1rj\u00e1ban z\u00e1tonyra futott Costa Concordia volt kapit\u00e1ny\u00e1t Domnica Cemortan moldovai t\u00e1ncosn\u0151, a kapit\u00e1ny egykori kedvese, aki hatnapos ultim\u00e1tumot adott erre &#8211; \u00e9rtes\u00fclt az olasz sajt\u00f3.<\/p>\n","protected":false},"author":1,"featured_media":0,"comment_status":"open","ping_status":"closed","sticky":false,"template":"","format":"standard","meta":[],"categories":[12],"tags":[],"_links":{"self":[{"href":"https:\/\/gazdasagportal.hu\/index.php\/wp-json\/wp\/v2\/posts\/45921"}],"collection":[{"href":"https:\/\/gazdasagportal.hu\/index.php\/wp-json\/wp\/v2\/posts"}],"about":[{"href":"https:\/\/gazdasagportal.hu\/index.php\/wp-json\/wp\/v2\/types\/post"}],"author":[{"embeddable":true,"href":"https:\/\/gazdasagportal.hu\/index.php\/wp-json\/wp\/v2\/users\/1"}],"replies":[{"embeddable":true,"href":"https:\/\/gazdasagportal.hu\/index.php\/wp-json\/wp\/v2\/comments?post=45921"}],"version-history":[{"count":1,"href":"https:\/\/gazdasagportal.hu\/index.php\/wp-json\/wp\/v2\/posts\/45921\/revisions"}],"predecessor-version":[{"id":45922,"href":"https:\/\/gazdasagportal.hu\/index.php\/wp-json\/wp\/v2\/posts\/45921\/revisions\/45922"}],"wp:attachment":[{"href":"https:\/\/gazdasagportal.hu\/index.php\/wp-json\/wp\/v2\/media?parent=45921"}],"wp:term":[{"taxonomy":"category","embeddable":true,"href":"https:\/\/gazdasagportal.hu\/index.php\/wp-json\/wp\/v2\/categories?post=45921"},{"taxonomy":"post_tag","embeddable":true,"href":"https:\/\/gazdasagportal.hu\/index.php\/wp-json\/wp\/v2\/tags?post=45921"}],"curies":[{"name":"wp","href":"https:\/\/api.w.org\/{rel}","templated":true}]}}