{"id":45915,"date":"2014-09-30T04:11:36","date_gmt":"2014-09-30T02:11:36","guid":{"rendered":"http:\/\/stockportal.hu\/?p=45915"},"modified":"2014-09-29T21:12:06","modified_gmt":"2014-09-29T19:12:06","slug":"orszagos-alairasgyujtest-indit-a-korkedvezmenyes-nyugdijrendszerert-a-szakszervezeti-szovetseg","status":"publish","type":"post","link":"https:\/\/gazdasagportal.hu\/index.php\/orszagos-alairasgyujtest-indit-a-korkedvezmenyes-nyugdijrendszerert-a-szakszervezeti-szovetseg\/","title":{"rendered":"Orsz\u00e1gos al\u00e1\u00edr\u00e1sgy\u0171jt\u00e9st ind\u00edt a korkedvezm\u00e9nyes nyugd\u00edjrendszer\u00e9rt a szakszervezeti sz\u00f6vets\u00e9g"},"content":{"rendered":"<p><strong>H\u00e9tf\u0151t\u0151l egy h\u00f3napon \u00e1t orsz\u00e1gos al\u00e1\u00edr\u00e1sgy\u0171jt\u00e9st ind\u00edt tagszervezetei kezdem\u00e9nyez\u00e9s\u00e9re a korkedvezm\u00e9nyes nyugd\u00edjrendszer megment\u00e9s\u00e9\u00e9rt a mintegy 250 ezer tagot k\u00e9pvisel\u0151 Magyar Szakszervezeti Sz\u00f6vets\u00e9g (MSZSZ) &#8211; k\u00f6z\u00f6lte a szervezet h\u00e9tf\u0151n az MTI-vel.<\/strong><!--more--><br \/>\n<div class=\"ads-in-post1\"><div id=\"gazdasagportal.hu_fullbanner_wideboard\"><\/div>\r\n<\/div>\n<p>    A t\u00e1j\u00e9koztat\u00e1s szerint az akci\u00f3 c\u00e9lja, hogy felh\u00edvj\u00e1k a figyelmet: a korm\u00e1ny \u00e9ppen megsz\u00fcntetni k\u00e9sz\u00fcl a rendszert, amellyel \u00e9vente t\u00f6bb t\u00edzezer vesz\u00e9lyes munk\u00e1t v\u00e9gz\u0151, vagy \u00e9ppen id\u0151selbocs\u00e1tott dolgoz\u00f3t lehet megmenteni.<br \/>\n    A szakszervezeti sz\u00f6vets\u00e9g okt\u00f3ber 7-\u00e9n, a tisztes munka vil\u00e1gnapj\u00e1n demonstr\u00e1ci\u00f3t tervez a Nemzetgazdas\u00e1gi Miniszt\u00e9rium el\u00e9, ahol a korkedvezm\u00e9nyes nyugd\u00edjrendszer megment\u00e9se mellett a k\u00f6ztisztvisel\u0151k b\u00e9r\u00e9nek befagyaszt\u00e1sa ellen is tiltakozik.<br \/>\n    Az MSZSZ szerint a korkedvezm\u00e9nyes rendszer a vesz\u00e9lyes munk\u00e1t v\u00e9gz\u0151k &#8211; egyebek mellett a j\u00e1rm\u0171vezet\u0151k, a b\u00e1ny\u00e1szok, a r\u00f6ntgenesek, vagy az atomer\u0151m\u0171ben dolgoz\u00f3k &#8211; mentsv\u00e1ra, akik az \u00f6regs\u00e9gi nyugd\u00edjkorhat\u00e1r el\u0151tt vonulhatnak vissza \u00fagy, hogy a munk\u00e1ltat\u00f3 ez\u00e9rt magasabb j\u00e1rul\u00e9kot fizet ut\u00e1nuk.<br \/>\n    A szakszervezetek r\u00e9g\u00f3ta tiltakoznak az id\u0151 el\u0151tti nyugd\u00edjaz\u00e1s teljes befagyaszt\u00e1sa ellen, a sz\u00f6vets\u00e9g javaslata megold\u00e1s lehet a vesz\u00e9lyeztetett emberek sz\u00e1m\u00e1ra &#8211; \u00edrt\u00e1k.(MTI)<\/p>\n","protected":false},"excerpt":{"rendered":"<p>H\u00e9tf\u0151t\u0151l egy h\u00f3napon \u00e1t orsz\u00e1gos al\u00e1\u00edr\u00e1sgy\u0171jt\u00e9st ind\u00edt tagszervezetei kezdem\u00e9nyez\u00e9s\u00e9re a korkedvezm\u00e9nyes nyugd\u00edjrendszer megment\u00e9s\u00e9\u00e9rt a mintegy 250 ezer tagot k\u00e9pvisel\u0151 Magyar Szakszervezeti Sz\u00f6vets\u00e9g (MSZSZ) &#8211; k\u00f6z\u00f6lte a szervezet h\u00e9tf\u0151n az MTI-vel.<\/p>\n","protected":false},"author":1,"featured_media":0,"comment_status":"open","ping_status":"closed","sticky":false,"template":"","format":"standard","meta":[],"categories":[19],"tags":[],"_links":{"self":[{"href":"https:\/\/gazdasagportal.hu\/index.php\/wp-json\/wp\/v2\/posts\/45915"}],"collection":[{"href":"https:\/\/gazdasagportal.hu\/index.php\/wp-json\/wp\/v2\/posts"}],"about":[{"href":"https:\/\/gazdasagportal.hu\/index.php\/wp-json\/wp\/v2\/types\/post"}],"author":[{"embeddable":true,"href":"https:\/\/gazdasagportal.hu\/index.php\/wp-json\/wp\/v2\/users\/1"}],"replies":[{"embeddable":true,"href":"https:\/\/gazdasagportal.hu\/index.php\/wp-json\/wp\/v2\/comments?post=45915"}],"version-history":[{"count":1,"href":"https:\/\/gazdasagportal.hu\/index.php\/wp-json\/wp\/v2\/posts\/45915\/revisions"}],"predecessor-version":[{"id":45916,"href":"https:\/\/gazdasagportal.hu\/index.php\/wp-json\/wp\/v2\/posts\/45915\/revisions\/45916"}],"wp:attachment":[{"href":"https:\/\/gazdasagportal.hu\/index.php\/wp-json\/wp\/v2\/media?parent=45915"}],"wp:term":[{"taxonomy":"category","embeddable":true,"href":"https:\/\/gazdasagportal.hu\/index.php\/wp-json\/wp\/v2\/categories?post=45915"},{"taxonomy":"post_tag","embeddable":true,"href":"https:\/\/gazdasagportal.hu\/index.php\/wp-json\/wp\/v2\/tags?post=45915"}],"curies":[{"name":"wp","href":"https:\/\/api.w.org\/{rel}","templated":true}]}}