{"id":45907,"date":"2014-09-30T05:06:58","date_gmt":"2014-09-30T03:06:58","guid":{"rendered":"http:\/\/stockportal.hu\/?p=45907"},"modified":"2014-09-29T21:07:48","modified_gmt":"2014-09-29T19:07:48","slug":"ukran-valsag-merkel-at-kell-gondolni-az-energiapolitikat-ha-folytatodik-az-alapveto-jogok-megsertese","status":"publish","type":"post","link":"https:\/\/gazdasagportal.hu\/index.php\/ukran-valsag-merkel-at-kell-gondolni-az-energiapolitikat-ha-folytatodik-az-alapveto-jogok-megsertese\/","title":{"rendered":"Ukr\u00e1n v\u00e1ls\u00e1g &#8211; Merkel: \u00e1t kell gondolni az energiapolitik\u00e1t, ha folytat\u00f3dik az alapvet\u0151 jogok megs\u00e9rt\u00e9se"},"content":{"rendered":"<p><strong>Az Eur\u00f3pai Uni\u00f3 \u00e9rdekelt az energetikai egy\u00fcttm\u0171k\u00f6d\u00e9sben Oroszorsz\u00e1ggal, de \u00e1t kell gondolnia hosszabb t\u00e1v\u00fa energiapolitik\u00e1j\u00e1t, ha Moszkva folytatja az alapvet\u0151 jogok megs\u00e9rt\u00e9s\u00e9t &#8211; mondta a n\u00e9met kancell\u00e1r h\u00e9tf\u0151n Berlinben a finn minisztereln\u00f6kkel tartott megbesz\u00e9l\u00e9se ut\u00e1n.<\/strong><!--more--><br \/>\n<div class=\"ads-in-post1\"><div id=\"gazdasagportal.hu_fullbanner_wideboard\"><\/div>\r\n<\/div>\n<p>Alexander Stubb finn korm\u00e1nyf\u0151vel k\u00f6z\u00f6sen tartott sajt\u00f3t\u00e1j\u00e9koztat\u00f3j\u00e1n Angela Merkel kiemelte, hogy az energetikai egy\u00fcttm\u0171k\u00f6d\u00e9s Oroszorsz\u00e1ggal &#8222;k\u00f6lcs\u00f6n\u00f6s \u00e9rdekeken&#8221; alapul, \u00e9s nem c\u00e9l a &#8222;f\u00fcgg\u0151s\u00e9gek teljes felsz\u00e1mol\u00e1sa&#8221;. Ugyanakkor az EU a k\u00f6z\u00e9p- \u00e9s hossz\u00fa t\u00e1v\u00fa energetikai strat\u00e9gi\u00e1ja \u00e1tgondol\u00e1s\u00e1ra k\u00e9nyszer\u00fclhet, ha Oroszorsz\u00e1g nem hagy fel a jogs\u00e9rt\u00e9ssel Ukrajn\u00e1ban.<br \/>\nA n\u00e9met kancell\u00e1r szerint fenn kell tartani az Oroszorsz\u00e1gra kifejtett politikai nyom\u00e1st, a gazdas\u00e1gi szankci\u00f3k felold\u00e1sa pedig &#8222;nagyon t\u00e1vol van&#8221;, mert az ukrajnai helyzetr\u0151l &#8222;sok mindent el lehet mondani, de azt nem, hogy kedvez\u0151en alakul&#8221;.<br \/>\nAngela Merkel hozz\u00e1tette: az egykori NDK-ban \u00e9lve megtapasztalta, hogy az elnyom\u00f3 rendszer buk\u00e1s\u00e1hoz 40 \u00e9v kellett, aminek az az \u00fczenete, hogy kitart\u00e1sra van sz\u00fcks\u00e9g a szankci\u00f3khoz, \u00e9s nem \u00e9rdemes 4 h\u00f3nap ut\u00e1n arr\u00f3l besz\u00e9lni, hogy el\u00e9rik-e a k\u00edv\u00e1nt hat\u00e1st.<br \/>\nHangs\u00falyozta: a kelet-ukrajnai v\u00e1ls\u00e1g kezel\u00e9s\u00e9hez &#8222;val\u00f3di&#8221; fegyvernyugv\u00e1sra van sz\u00fcks\u00e9g, a donyecki \u00e9s luhanszki r\u00e9gi\u00f3ban pedig az Eur\u00f3pai Biztons\u00e1gi \u00e9s Egy\u00fcttm\u0171k\u00f6d\u00e9si Szervezet (EBESZ) k\u00f6zrem\u0171k\u00f6d\u00e9s\u00e9vel a szabad voksol\u00e1s felt\u00e9teleinek megfelel\u0151 v\u00e1laszt\u00e1sokat kell tartani, valamint biztos\u00edtani kell, hogy Oroszorsz\u00e1g ne t\u00e1masszon tov\u00e1bbi ter\u00fcleti ig\u00e9nyeket.<br \/>\nAlexander Stubb a t\u00e1j\u00e9koztat\u00f3n kiemelte, hogy orsz\u00e1g\u00e1nak igen hossz\u00fa k\u00f6z\u00f6s hat\u00e1ra van Oroszorsz\u00e1ggal, de teljes m\u00e9rt\u00e9kben t\u00e1mogatja az ukr\u00e1n v\u00e1ls\u00e1gban k\u00f6vetett uni\u00f3s politik\u00e1t.<br \/>\nArra a k\u00e9rd\u00e9sre, hogy Finnorsz\u00e1g csatlakozhat-e a NATO-hoz, azt mondta, hogy Finnorsz\u00e1g \u00e9s az \u00e9szak-atlanti sz\u00f6vets\u00e9g partneri viszonya Norv\u00e9gia \u00e9s az EU kapcsolat\u00e1hoz hasonl\u00f3an m\u00e9ly \u00e9s kiterjedt, a finn nyilv\u00e1noss\u00e1gban pedig t\u00e9ma az esetleges csatlakoz\u00e1s. Ugyanakkor a jelenlegi korm\u00e1nyzati ciklusban az \u00fcgy nem emelkedik a politika napirendj\u00e9re. Egy ilyen k\u00e9rd\u00e9st &#8222;j\u00f3 id\u0151j\u00e1r\u00e1si viszonyok k\u00f6z\u00f6tt kell el\u0151venni, \u00e9s rossz id\u0151ben nem kell vele kiemelt helyen foglalkozni&#8221; &#8211; mondta a finn korm\u00e1nyf\u0151.(MTI)<\/p>\n","protected":false},"excerpt":{"rendered":"<p>Az Eur\u00f3pai Uni\u00f3 \u00e9rdekelt az energetikai egy\u00fcttm\u0171k\u00f6d\u00e9sben Oroszorsz\u00e1ggal, de \u00e1t kell gondolnia hosszabb t\u00e1v\u00fa energiapolitik\u00e1j\u00e1t, ha Moszkva folytatja az alapvet\u0151 jogok megs\u00e9rt\u00e9s\u00e9t &#8211; mondta a n\u00e9met kancell\u00e1r h\u00e9tf\u0151n Berlinben a finn minisztereln\u00f6kkel tartott megbesz\u00e9l\u00e9se ut\u00e1n.<\/p>\n","protected":false},"author":1,"featured_media":0,"comment_status":"open","ping_status":"closed","sticky":false,"template":"","format":"standard","meta":[],"categories":[139],"tags":[],"_links":{"self":[{"href":"https:\/\/gazdasagportal.hu\/index.php\/wp-json\/wp\/v2\/posts\/45907"}],"collection":[{"href":"https:\/\/gazdasagportal.hu\/index.php\/wp-json\/wp\/v2\/posts"}],"about":[{"href":"https:\/\/gazdasagportal.hu\/index.php\/wp-json\/wp\/v2\/types\/post"}],"author":[{"embeddable":true,"href":"https:\/\/gazdasagportal.hu\/index.php\/wp-json\/wp\/v2\/users\/1"}],"replies":[{"embeddable":true,"href":"https:\/\/gazdasagportal.hu\/index.php\/wp-json\/wp\/v2\/comments?post=45907"}],"version-history":[{"count":1,"href":"https:\/\/gazdasagportal.hu\/index.php\/wp-json\/wp\/v2\/posts\/45907\/revisions"}],"predecessor-version":[{"id":45908,"href":"https:\/\/gazdasagportal.hu\/index.php\/wp-json\/wp\/v2\/posts\/45907\/revisions\/45908"}],"wp:attachment":[{"href":"https:\/\/gazdasagportal.hu\/index.php\/wp-json\/wp\/v2\/media?parent=45907"}],"wp:term":[{"taxonomy":"category","embeddable":true,"href":"https:\/\/gazdasagportal.hu\/index.php\/wp-json\/wp\/v2\/categories?post=45907"},{"taxonomy":"post_tag","embeddable":true,"href":"https:\/\/gazdasagportal.hu\/index.php\/wp-json\/wp\/v2\/tags?post=45907"}],"curies":[{"name":"wp","href":"https:\/\/api.w.org\/{rel}","templated":true}]}}