{"id":45905,"date":"2014-09-30T04:00:45","date_gmt":"2014-09-30T02:00:45","guid":{"rendered":"http:\/\/stockportal.hu\/?p=45905"},"modified":"2014-09-29T21:06:43","modified_gmt":"2014-09-29T19:06:43","slug":"devizahitelek-a-bankszovetseg-agressziv-nyomasgyakorlassal-probalkozik","status":"publish","type":"post","link":"https:\/\/gazdasagportal.hu\/index.php\/devizahitelek-a-bankszovetseg-agressziv-nyomasgyakorlassal-probalkozik\/","title":{"rendered":"Devizahitelek &#8211; A banksz\u00f6vets\u00e9g agressz\u00edv nyom\u00e1sgyakorl\u00e1ssal pr\u00f3b\u00e1lkozik"},"content":{"rendered":"<p><strong>A Fidesz frakci\u00f3vezet\u0151je elfogadhatatlannak nevezte, hogy a Magyar Banksz\u00f6vets\u00e9g egy h\u00e9tf\u0151i k\u00f6zlem\u00e9ny\u00e9vel &#8222;agressz\u00edv m\u00f3don pr\u00f3b\u00e1lt nyom\u00e1st gyakorolni a k\u00f6zt\u00e1rsas\u00e1gi eln\u00f6kre&#8221;.<\/strong><!--more--><br \/>\n<div class=\"ads-in-post1\"><div id=\"gazdasagportal.hu_fullbanner_wideboard\"><\/div>\r\n<\/div>\n<p><a href=\"http:\/\/stockportal.hu\/wp-content\/uploads\/2013\/01\/Fidesz.jpg\" target=\"_blank\" rel=\"noopener\"><img decoding=\"async\" loading=\"lazy\" class=\"alignleft size-medium wp-image-1033\" alt=\"Fidesz\" src=\"http:\/\/stockportal.hu\/wp-content\/uploads\/2013\/01\/Fidesz-300x187.jpg\" width=\"300\" height=\"187\" srcset=\"https:\/\/gazdasagportal.hu\/wp-content\/uploads\/2013\/01\/Fidesz-300x187.jpg 300w, https:\/\/gazdasagportal.hu\/wp-content\/uploads\/2013\/01\/Fidesz.jpg 480w\" sizes=\"(max-width: 300px) 100vw, 300px\" \/><\/a>Rog\u00e1n Antal az MTI-hez eljuttatott k\u00f6zlem\u00e9ny\u00e9ben azt \u00edrta: a bankok hossz\u00fa \u00e9veken kereszt\u00fcl 1,3 milli\u00f3 magyar csal\u00e1dot &#8222;k\u00e1ros\u00edtottak meg tisztess\u00e9gtelen eszk\u00f6z\u00f6kkel&#8221;, ez\u00e9rt van sz\u00fcks\u00e9g az elsz\u00e1moltat\u00e1sukra.<br \/>\nA bankoknak a K\u00faria \u00e1ltal tisztess\u00e9gtelennek \u00edt\u00e9lt \u00e1rfolyamr\u00e9ssel \u00e9s egyoldal\u00fa szerz\u0151d\u00e9sm\u00f3dos\u00edt\u00e1sokkal kell elsz\u00e1molniuk, \u00e9s az Orsz\u00e1ggy\u0171l\u00e9s ehhez kapcsol\u00f3d\u00f3 d\u00f6nt\u00e9se a K\u00faria \u00edt\u00e9let\u00e9n alapszik &#8211; hangs\u00falyozta.<br \/>\nA parlament d\u00f6nt\u00e9s\u00e9vel igazs\u00e1got szolg\u00e1ltattak a megk\u00e1ros\u00edtott deviza- \u00e9s forinthiteleseknek, \u00e9s egymilli\u00f3-h\u00e1romsz\u00e1zezer magyar csal\u00e1d \u00e9rdeke, hogy a bankok elsz\u00e1moltat\u00e1sa ne szenvedjen k\u00e9sedelmet &#8211; tette hozz\u00e1.<br \/>\nRog\u00e1n Antal azzal z\u00e1rta k\u00f6zlem\u00e9ny\u00e9t, hogy megk\u00e9ri \u00c1der J\u00e1nos k\u00f6zt\u00e1rsas\u00e1gi eln\u00f6k\u00f6t, &#8222;ne engedjen a bankok nyom\u00e1sgyakorl\u00e1s\u00e1nak, al\u00e1\u00edr\u00e1s\u00e1val hiteles\u00edtse a Magyar Orsz\u00e1ggy\u0171l\u00e9snek a K\u00faria \u00edt\u00e9let\u00e9n alapul\u00f3 d\u00f6nt\u00e9s\u00e9t&#8221;.<br \/>\nA Magyar Banksz\u00f6vets\u00e9g az MTI-hez eljuttatott h\u00e9tf\u0151i k\u00f6zlem\u00e9ny\u00e9ben azt \u00edrta, kezdem\u00e9nyezik, hogy a k\u00f6zt\u00e1rsas\u00e1gi eln\u00f6k ne \u00edrja al\u00e1 a fogyaszt\u00f3i k\u00f6lcs\u00f6nszerz\u0151d\u00e9sek elsz\u00e1mol\u00e1s\u00e1ra vonatkoz\u00f3 t\u00f6rv\u00e9nyt, hanem k\u00fcldje el az Alkotm\u00e1nyb\u00edr\u00f3s\u00e1gnak el\u0151zetes normakontrollra. A banksz\u00f6vets\u00e9g szerint a normakontroll sz\u00fcks\u00e9gess\u00e9g\u00e9t az is indokolja, hogy az elsz\u00e1mol\u00e1si t\u00f6rv\u00e9ny alapj\u00e1ul szolg\u00e1l\u00f3, j\u00faliusban elfogadott t\u00f6rv\u00e9nnyel kapcsolatban b\u00edr\u00f3i kezdem\u00e9nyez\u00e9sre alkotm\u00e1nyb\u00edr\u00f3s\u00e1gi elj\u00e1r\u00e1s van folyamatban, amelyt\u0151l a sz\u00f6vets\u00e9g szerint ez a t\u00f6rv\u00e9ny elv\u00e1laszthatatlan. A fogyaszt\u00f3i k\u00f6lcs\u00f6nszerz\u0151d\u00e9sek elsz\u00e1mol\u00e1s\u00e1ra vonatkoz\u00f3 t\u00f6rv\u00e9ny visszamen\u0151leges hat\u00e1llyal \u00e1llap\u00edt meg \u00faj szab\u00e1lyokat a lakoss\u00e1gi hitelez\u00e9sben \u00e9s r\u00f3 hatalmas terheket a bankszektorra &#8211; fogalmaztak.(MTI)<\/p>\n","protected":false},"excerpt":{"rendered":"<p>A Fidesz frakci\u00f3vezet\u0151je elfogadhatatlannak nevezte, hogy a Magyar Banksz\u00f6vets\u00e9g egy h\u00e9tf\u0151i k\u00f6zlem\u00e9ny\u00e9vel &#8222;agressz\u00edv m\u00f3don pr\u00f3b\u00e1lt nyom\u00e1st gyakorolni a k\u00f6zt\u00e1rsas\u00e1gi eln\u00f6kre&#8221;.<\/p>\n","protected":false},"author":1,"featured_media":0,"comment_status":"open","ping_status":"closed","sticky":false,"template":"","format":"standard","meta":[],"categories":[19],"tags":[],"_links":{"self":[{"href":"https:\/\/gazdasagportal.hu\/index.php\/wp-json\/wp\/v2\/posts\/45905"}],"collection":[{"href":"https:\/\/gazdasagportal.hu\/index.php\/wp-json\/wp\/v2\/posts"}],"about":[{"href":"https:\/\/gazdasagportal.hu\/index.php\/wp-json\/wp\/v2\/types\/post"}],"author":[{"embeddable":true,"href":"https:\/\/gazdasagportal.hu\/index.php\/wp-json\/wp\/v2\/users\/1"}],"replies":[{"embeddable":true,"href":"https:\/\/gazdasagportal.hu\/index.php\/wp-json\/wp\/v2\/comments?post=45905"}],"version-history":[{"count":1,"href":"https:\/\/gazdasagportal.hu\/index.php\/wp-json\/wp\/v2\/posts\/45905\/revisions"}],"predecessor-version":[{"id":45906,"href":"https:\/\/gazdasagportal.hu\/index.php\/wp-json\/wp\/v2\/posts\/45905\/revisions\/45906"}],"wp:attachment":[{"href":"https:\/\/gazdasagportal.hu\/index.php\/wp-json\/wp\/v2\/media?parent=45905"}],"wp:term":[{"taxonomy":"category","embeddable":true,"href":"https:\/\/gazdasagportal.hu\/index.php\/wp-json\/wp\/v2\/categories?post=45905"},{"taxonomy":"post_tag","embeddable":true,"href":"https:\/\/gazdasagportal.hu\/index.php\/wp-json\/wp\/v2\/tags?post=45905"}],"curies":[{"name":"wp","href":"https:\/\/api.w.org\/{rel}","templated":true}]}}