{"id":45901,"date":"2014-09-30T06:01:29","date_gmt":"2014-09-30T04:01:29","guid":{"rendered":"http:\/\/stockportal.hu\/?p=45901"},"modified":"2014-09-29T21:02:12","modified_gmt":"2014-09-29T19:02:12","slug":"szerbia-583-millio-eurora-szamit-a-kulfoldi-befektetesekbol","status":"publish","type":"post","link":"https:\/\/gazdasagportal.hu\/index.php\/szerbia-583-millio-eurora-szamit-a-kulfoldi-befektetesekbol\/","title":{"rendered":"Szerbia 583 milli\u00f3 eur\u00f3ra sz\u00e1m\u00edt a k\u00fclf\u00f6ldi befektet\u00e9sekb\u0151l"},"content":{"rendered":"<p><strong>A k\u00f6vetkez\u0151 h\u00e1rom \u00e9vben 583 milli\u00f3 eur\u00f3ra \u00e9s 21 ezer \u00faj munkahelyre sz\u00e1m\u00edt Szerbia a k\u00fclf\u00f6ldi befektet\u0151kt\u0151l &#8211; jelentette be Aleksandar Vucic szerb minisztereln\u00f6k.<\/strong><!--more--><br \/>\n<div class=\"ads-in-post1\"><div id=\"gazdasagportal.hu_fullbanner_wideboard\"><\/div>\r\n<\/div>\n<p>    A korm\u00e1nyf\u0151 a kelet-szerbiai Tekij\u00e1ban &#8211; azon a telep\u00fcl\u00e9sen, amelyet szeptember elej\u00e9n szinte teljesen elmosott az es\u0151z\u00e9s okozta \u00e1rad\u00e1s &#8211; kijelentette: 46 k\u00fclf\u00f6ldi v\u00e1llalattal folytat t\u00e1rgyal\u00e1sokat a szerb \u00e1llam. A francia, t\u00f6r\u00f6k, n\u00e9met, jap\u00e1n, olasz \u00e9s finn c\u00e9gekkel val\u00f3 megegyez\u00e9s t\u00f6bb mint f\u00e9lmilli\u00e1rd eur\u00f3nyi k\u00f6zvetlen befektet\u00e9st jelenthet az orsz\u00e1g sz\u00e1m\u00e1ra &#8211; hangs\u00falyozta Vucic.<br \/>\n    Rem\u00e9ny\u00e9t fejezte ki, hogy 2017-ig a legvesztes\u00e9gesebb \u00e1llami v\u00e1llalatok \u00fcgye is megold\u00f3dik, \u00edgy a Priboj g\u00e9pkocsigy\u00e1r, a pancsovai Petrohemija vegyi \u00fczem \u00e9s az Azotara m\u0171tr\u00e1gyagy\u00e1r helyzete is rendez\u0151dik. Egyebek mellett ezeket a privatiz\u00e1ci\u00f3ra v\u00e1r\u00f3, vesztes\u00e9ges v\u00e1llalatokat k\u00edn\u00e1lta elad\u00e1sra a szerb \u00e1llam.<br \/>\n    Kiemelte, hogy igen fontos megbesz\u00e9l\u00e9seket folytatott Clemens T\u00f6nniesszel, Eur\u00f3pa egyik legnagyobb h\u00fasipari v\u00e1llalata, a T\u00f6nnies csoport tulajdonos\u00e1val. A n\u00e9met c\u00e9ggel val\u00f3 egy\u00fcttm\u0171k\u00f6d\u00e9s hatalmas l\u00f6k\u00e9st adhatna a szerb mez\u0151gazdas\u00e1gnak, \u00e9s az \u00e1llat\u00e1llom\u00e1ny ut\u00f3bbi 14 \u00e9ves cs\u00f6kken\u00e9s\u00e9t k\u00e9t \u00e9v alatt siker\u00fclne p\u00f3tolni &#8211; fogalmazott Vucic. A t\u00f6bb mint 200 milli\u00f3 eur\u00f3s beruh\u00e1z\u00e1sb\u00f3l \u00f6sszesen m\u00e1sf\u00e9l milli\u00f3 sert\u00e9s felnevel\u00e9s\u00e9t, valamint 8 ezer munkahely l\u00e9trehoz\u00e1s\u00e1t rem\u00e9li a szerb korm\u00e1nyf\u0151.<br \/>\n    A hivatalos adatok szerint az \u00e9v els\u0151 h\u00e9t h\u00f3napj\u00e1ban mintegy 700 milli\u00f3 eur\u00f3nyi k\u00f6zvetlen k\u00fclf\u00f6ldi befektet\u00e9s \u00e9rkezett Szerbi\u00e1ba. A gazdas\u00e1g azonban a m\u00e1jusi katasztrof\u00e1lis \u00e1rvizek miatt a tervezett 1,5 sz\u00e1zal\u00e9kos n\u00f6veked\u00e9s helyett v\u00e1rhat\u00f3an 0,5 sz\u00e1zal\u00e9kkal zsugorodik.(MTI)<\/p>\n","protected":false},"excerpt":{"rendered":"<p>A k\u00f6vetkez\u0151 h\u00e1rom \u00e9vben 583 milli\u00f3 eur\u00f3ra \u00e9s 21 ezer \u00faj munkahelyre sz\u00e1m\u00edt Szerbia a k\u00fclf\u00f6ldi befektet\u0151kt\u0151l &#8211; jelentette be Aleksandar Vucic szerb minisztereln\u00f6k.<\/p>\n","protected":false},"author":1,"featured_media":0,"comment_status":"open","ping_status":"closed","sticky":false,"template":"","format":"standard","meta":[],"categories":[12],"tags":[],"_links":{"self":[{"href":"https:\/\/gazdasagportal.hu\/index.php\/wp-json\/wp\/v2\/posts\/45901"}],"collection":[{"href":"https:\/\/gazdasagportal.hu\/index.php\/wp-json\/wp\/v2\/posts"}],"about":[{"href":"https:\/\/gazdasagportal.hu\/index.php\/wp-json\/wp\/v2\/types\/post"}],"author":[{"embeddable":true,"href":"https:\/\/gazdasagportal.hu\/index.php\/wp-json\/wp\/v2\/users\/1"}],"replies":[{"embeddable":true,"href":"https:\/\/gazdasagportal.hu\/index.php\/wp-json\/wp\/v2\/comments?post=45901"}],"version-history":[{"count":1,"href":"https:\/\/gazdasagportal.hu\/index.php\/wp-json\/wp\/v2\/posts\/45901\/revisions"}],"predecessor-version":[{"id":45902,"href":"https:\/\/gazdasagportal.hu\/index.php\/wp-json\/wp\/v2\/posts\/45901\/revisions\/45902"}],"wp:attachment":[{"href":"https:\/\/gazdasagportal.hu\/index.php\/wp-json\/wp\/v2\/media?parent=45901"}],"wp:term":[{"taxonomy":"category","embeddable":true,"href":"https:\/\/gazdasagportal.hu\/index.php\/wp-json\/wp\/v2\/categories?post=45901"},{"taxonomy":"post_tag","embeddable":true,"href":"https:\/\/gazdasagportal.hu\/index.php\/wp-json\/wp\/v2\/tags?post=45901"}],"curies":[{"name":"wp","href":"https:\/\/api.w.org\/{rel}","templated":true}]}}