{"id":45897,"date":"2014-09-30T03:38:28","date_gmt":"2014-09-30T01:38:28","guid":{"rendered":"http:\/\/stockportal.hu\/?p=45897"},"modified":"2014-09-29T20:59:19","modified_gmt":"2014-09-29T18:59:19","slug":"ukran-valsag-moszkvaban-nepirtas-cimen-inditottak-eljarast","status":"publish","type":"post","link":"https:\/\/gazdasagportal.hu\/index.php\/ukran-valsag-moszkvaban-nepirtas-cimen-inditottak-eljarast\/","title":{"rendered":"Ukr\u00e1n v\u00e1ls\u00e1g &#8211; Moszkv\u00e1ban n\u00e9pirt\u00e1s c\u00edm\u00e9n ind\u00edtottak elj\u00e1r\u00e1st"},"content":{"rendered":"<p><strong>Az orosz Sz\u00f6vets\u00e9gi Nyomoz\u00f3 Bizotts\u00e1g n\u00e9pirt\u00e1s c\u00edm\u00e9n ind\u00edtott b\u0171nv\u00e1di elj\u00e1r\u00e1st a d\u00e9lkelet-ukrajnai fegyveres \u00f6sszecsap\u00e1sokban meghalt orosz anyanyelv\u0171 lakosok \u00fcgy\u00e9ben &#8211; t\u00e1j\u00e9koztatott a hat\u00f3s\u00e1g sz\u00f3viv\u0151je h\u00e9tf\u0151n.<\/strong><!--more--><br \/>\n<div class=\"ads-in-post1\"><div id=\"gazdasagportal.hu_fullbanner_wideboard\"><\/div>\r\n<\/div>\n<p>    Vagyimir Markin k\u00f6z\u00f6lte, hogy meg\u00e1llap\u00edt\u00e1suk szerint \u00e1prilis 12-\u00e9t\u0151l mostan\u00e1ig legal\u00e1bb 2,5 ezer orosz ajk\u00fa ukr\u00e1n vesztette \u00e9let\u00e9t a &#8222;donyecki \u00e9s luhanszki n\u00e9pk\u00f6zt\u00e1rsas\u00e1gokban&#8221;.<br \/>\n    Az orosz k\u00f6zponti nyomoz\u00f3hat\u00f3s\u00e1gn\u00e1l \u00fagy tartj\u00e1k, hogy az ukr\u00e1n politikai \u00e9s katonai vezet\u00e9s, az ukr\u00e1n fegyveres er\u0151k, a Nemzeti G\u00e1rda \u00e9s a radik\u00e1lis Jobboldali Szektor vezet\u00e9s\u00e9ben m\u0171k\u00f6d\u0151 emberek kimondottan a szakad\u00e1r d\u00e9lkelet-ukrajnai r\u00e9gi\u00f3kban \u00e9l\u0151 orosz anyanyelv\u0171 lakosok teljes kiirt\u00e1s\u00e1ra adtak ki parancsot.<br \/>\n    A szervezetn\u00e9l arra hivatkoznak, hogy a felel\u0151s ukr\u00e1n szem\u00e9lyek a Donyeck \u00e9s Luhanszk megyei lakott telep\u00fcl\u00e9sek t\u00fcz\u00e9rs\u00e9gi l\u00f6vet\u00e9s\u00e9vel megs\u00e9rtett\u00e9k a genoc\u00eddiumot el\u00edt\u00e9l\u0151 nemzetk\u00f6zi jogszab\u00e1lyokat. Ezek k\u00f6z\u00f6tt eml\u00edtik az ENSZ-ben 1948. december 9-\u00e9n a n\u00e9pirt\u00e1s b\u0171ntett\u00e9nek megel\u0151z\u00e9s\u00e9r\u0151l \u00e9s megb\u00fcntet\u00e9s\u00e9r\u0151l elfogadott, \u00fagynevezett genoc\u00eddium-egyezm\u00e9nyt.<br \/>\n    Az orosz nyomoz\u00f3k meg\u00e1llap\u00edt\u00e1sa szerint az ukr\u00e1n er\u0151k a d\u00e9lkelet-ukrajnai orosz anyanyelv\u0171 lakosok meg\u00f6l\u00e9s\u00e9hez Grad \u00e9s Uragan t\u00edpus\u00fa rak\u00e9ta-sorozatvet\u0151ket, kazett\u00e1s robban\u00f3t\u00f6ltet\u0171, leveg\u0151b\u0151l kil\u0151tt, ir\u00e1ny\u00edthatatlan rak\u00e9t\u00e1kat, \u00e9s Tocska-U (Nato-jelz\u00e9se: SS-21 Scarab A) rak\u00e9takomplexumokat, illetve m\u00e1s neh\u00e9zfegyverzetet alkalmaztak.<br \/>\n    Ezeknek a mintegy 2,5 ezer hal\u00e1los \u00e1ldozatot k\u00f6vetel\u0151 katonai m\u0171veleteknek a k\u00f6vetkezt\u00e9ben Donyeck \u00e9s Luhanszk megy\u00e9kben t\u00f6bb mint 500 lak\u00f3\u00e9p\u00fclet, kommun\u00e1lis, illetve l\u00e9tfenntart\u00f3 l\u00e9tes\u00edtm\u00e9ny, k\u00f3rh\u00e1z, iskola semmis\u00fclt meg, illetve szenvedett k\u00e1rokat. Emiatt t\u00f6bb mint 300 ezer embernek kellett elhagynia \u00e1llad\u00f3 lak\u00f3hely\u00e9t \u00e9s mened\u00e9ket keresnie az Oroszorsz\u00e1gi F\u00f6der\u00e1ci\u00f3 ter\u00fclet\u00e9n &#8211; mondta Vlagyimir Markin.<br \/>\n    Az orosz Sz\u00f6vets\u00e9gi Nyomoz\u00f3 Bizotts\u00e1g (SZK RF) j\u00faniusban b\u0171nv\u00e1di elj\u00e1r\u00e1st ind\u00edtott, majd a h\u00f3nap v\u00e9g\u00e9n nemzetk\u00f6zi k\u00f6r\u00f6z\u00e9st adott ki Ihor Kolomojszkij, a kelet-ukrajnai Dnyipropetrovszk megye korm\u00e1nyz\u00f3ja \u00e9s Arszen Avakov ukr\u00e1n bel\u00fcgyminiszter ellen az Ukrajna ter\u00fclet\u00e9n elk\u00f6vetett b\u0171ncselekm\u00e9nyek miatt. Az SZK indokl\u00e1sa szerint a szakad\u00e1r d\u00e9lkelet-ukrajnai ter\u00fclet visszaszerz\u00e9s\u00e9\u00e9rt ind\u00edtott, Kijevben terrorellenes m\u0171veletnek nevezett fegyveres akci\u00f3 &#8222;civilek sz\u00e1nd\u00e9kos meggyilkol\u00e1s\u00e1ra&#8221; ir\u00e1nyult, \u00e9s a k\u00e9t ukr\u00e1n vezet\u0151 m\u00e1s pontokban is megs\u00e9rtette a nemzetk\u00f6zi jogot.(MTI)<\/p>\n","protected":false},"excerpt":{"rendered":"<p>Az orosz Sz\u00f6vets\u00e9gi Nyomoz\u00f3 Bizotts\u00e1g n\u00e9pirt\u00e1s c\u00edm\u00e9n ind\u00edtott b\u0171nv\u00e1di elj\u00e1r\u00e1st a d\u00e9lkelet-ukrajnai fegyveres \u00f6sszecsap\u00e1sokban meghalt orosz anyanyelv\u0171 lakosok \u00fcgy\u00e9ben &#8211; t\u00e1j\u00e9koztatott a hat\u00f3s\u00e1g sz\u00f3viv\u0151je h\u00e9tf\u0151n.<\/p>\n","protected":false},"author":1,"featured_media":0,"comment_status":"open","ping_status":"closed","sticky":false,"template":"","format":"standard","meta":[],"categories":[139],"tags":[],"_links":{"self":[{"href":"https:\/\/gazdasagportal.hu\/index.php\/wp-json\/wp\/v2\/posts\/45897"}],"collection":[{"href":"https:\/\/gazdasagportal.hu\/index.php\/wp-json\/wp\/v2\/posts"}],"about":[{"href":"https:\/\/gazdasagportal.hu\/index.php\/wp-json\/wp\/v2\/types\/post"}],"author":[{"embeddable":true,"href":"https:\/\/gazdasagportal.hu\/index.php\/wp-json\/wp\/v2\/users\/1"}],"replies":[{"embeddable":true,"href":"https:\/\/gazdasagportal.hu\/index.php\/wp-json\/wp\/v2\/comments?post=45897"}],"version-history":[{"count":1,"href":"https:\/\/gazdasagportal.hu\/index.php\/wp-json\/wp\/v2\/posts\/45897\/revisions"}],"predecessor-version":[{"id":45898,"href":"https:\/\/gazdasagportal.hu\/index.php\/wp-json\/wp\/v2\/posts\/45897\/revisions\/45898"}],"wp:attachment":[{"href":"https:\/\/gazdasagportal.hu\/index.php\/wp-json\/wp\/v2\/media?parent=45897"}],"wp:term":[{"taxonomy":"category","embeddable":true,"href":"https:\/\/gazdasagportal.hu\/index.php\/wp-json\/wp\/v2\/categories?post=45897"},{"taxonomy":"post_tag","embeddable":true,"href":"https:\/\/gazdasagportal.hu\/index.php\/wp-json\/wp\/v2\/tags?post=45897"}],"curies":[{"name":"wp","href":"https:\/\/api.w.org\/{rel}","templated":true}]}}