{"id":45893,"date":"2014-09-30T02:56:01","date_gmt":"2014-09-30T00:56:01","guid":{"rendered":"http:\/\/stockportal.hu\/?p=45893"},"modified":"2014-09-29T20:56:58","modified_gmt":"2014-09-29T18:56:58","slug":"a-palesztinok-ismet-raketakat-inditananak-ha-nem-szunik-a-blokad","status":"publish","type":"post","link":"https:\/\/gazdasagportal.hu\/index.php\/a-palesztinok-ismet-raketakat-inditananak-ha-nem-szunik-a-blokad\/","title":{"rendered":"A palesztinok ism\u00e9t rak\u00e9t\u00e1kat ind\u00edtan\u00e1nak, ha nem sz\u0171nik a blok\u00e1d"},"content":{"rendered":"<p><strong>A palesztinok egyre jobban ki\u00e1br\u00e1ndulnak ugyan a Ham\u00e1szb\u00f3l, de ism\u00e9t rak\u00e9t\u00e1kkal l\u0151n\u00e9k Izraelt, ha nem sz\u0171nik meg a G\u00e1zai \u00f6vezet blok\u00e1dja &#8211; \u00e1ll\u00edtja egy h\u00e9tf\u0151n nyilv\u00e1noss\u00e1gra hozott k\u00f6zv\u00e9lem\u00e9ny-kutat\u00e1s. M\u00f3se Jaalon izraeli v\u00e9delmi miniszter szerint viszont a rak\u00e9t\u00e1ik nyolcvan sz\u00e1zal\u00e9ka megsemmis\u00fclt a ny\u00e1ri h\u00e1bor\u00faban.<\/strong><!--more--><br \/>\n<div class=\"ads-in-post1\"><div id=\"gazdasagportal.hu_fullbanner_wideboard\"><\/div>\r\n<\/div>\n<p>    A palesztinok az Er\u0151s Szikla hadm\u0171velet lez\u00e1r\u00e1sa \u00f3ta eltelt h\u00f3napban elfordultak a Ham\u00e1szt\u00f3l &#8211; \u00e1ll\u00edtja egy R\u00e1mall\u00e1hban m\u0171k\u00f6d\u0151 k\u00f6zv\u00e9lem\u00e9ny-kutat\u00f3 int\u00e9zet. Egy h\u00f3napja m\u00e9g tizen\u00f6t sz\u00e1zal\u00e9kos el\u0151nye volt a radik\u00e1lis iszlamista szervezetnek a m\u00e9rs\u00e9keltebb Fatahhal szemben, de ez a k\u00fcl\u00f6nbs\u00e9g szeptember v\u00e9g\u00e9re h\u00e1rom sz\u00e1zal\u00e9kra apadt.<br \/>\n    Augusztusban m\u00e9g negyvenhat sz\u00e1zal\u00e9k szavazott volna a Ham\u00e1szra egy esetleges v\u00e1laszt\u00e1son, de egy h\u00f3nap alatt ez az ar\u00e1ny harminckilenc sz\u00e1zal\u00e9kra cs\u00f6kkent, mik\u00f6zben a Fatah t\u00e1mogatotts\u00e1ga harmincegyr\u0151l harminchat sz\u00e1zal\u00e9kra n\u0151tt.<br \/>\n    A H\u00e1\u00e1rec c\u00edm\u0171 izraeli \u00fajs\u00e1g honlapj\u00e1n ismertetett felm\u00e9r\u00e9sb\u0151l az is kider\u00fcl, hogy a harcok ut\u00e1n a palesztinok hetvenkilenc sz\u00e1zal\u00e9k tartotta gy\u0151ztesnek a Ham\u00e1szt, de ma m\u00e1r csak a megk\u00e9rdezettek hatvankilenc sz\u00e1zal\u00e9ka v\u00e9lekedik \u00edgy. Ugyanakkor a Ciszjord\u00e1ni\u00e1ban \u00e9s G\u00e1z\u00e1ban \u00e9l\u0151k d\u00f6nt\u0151 t\u00f6bbs\u00e9ge, nyolcvan sz\u00e1zal\u00e9ka t\u00e1mogatja Izrael \u00fajabb l\u00f6vet\u00e9s\u00e9t az \u00f6vezetb\u0151l, ha nem oldj\u00e1k fel a G\u00e1z\u00e1t s\u00fajt\u00f3 z\u00e1rlatot.<br \/>\n    M\u00f3se Jaalon v\u00e9delmi miniszter a Bar Il\u00e1n egyetemen egy h\u00e9tf\u0151i konferenci\u00e1n azt mondta, hogy a milit\u00e1ns szervezetek jelenleg mind\u00f6ssze eredeti t\u00edzezres l\u00f6ved\u00e9k-arzen\u00e1ljuk \u00f6t\u00f6d\u00e9vel rendelkeznek, a ny\u00e1ri harcokban ugyanis felhaszn\u00e1lt\u00e1k a t\u00f6bbit, vagy megsemmis\u00edtette \u0151ket az izraeli katonas\u00e1g.<br \/>\n    Jaalon szerint az izraeli biztons\u00e1gi er\u0151k a Ham\u00e1sz negyven \u00e9s az Iszl\u00e1m Dzsih\u00e1d t\u00edz vezet\u0151 harcos\u00e1t \u00f6lt\u00e9k meg, \u00e9s a hadm\u0171veletek nyolcadik napj\u00e1n meghat\u00e1rozott c\u00e9lok szerint j\u00e1rtak el, s el is \u00e9rt\u00e9k azokat.<br \/>\n    \u201eSaj\u00e1t ir\u00e1nyt\u0171nk \u00e9s nem a k\u00edv\u00fcl kavarg\u00f3 heves indulatok alapj\u00e1n ir\u00e1ny\u00edtottuk a hadm\u0171veletet\u201d &#8211; v\u00e1laszolta a konferenci\u00e1n elhangz\u00f3 b\u00edr\u00e1latokra a v\u00e9delmi miniszter a Jedi\u00f3t Ahron\u00f3t c\u00edm\u0171 \u00fajs\u00e1g honlapja, az Ynet szerint.(MTI)<\/p>\n","protected":false},"excerpt":{"rendered":"<p>A palesztinok egyre jobban ki\u00e1br\u00e1ndulnak ugyan a Ham\u00e1szb\u00f3l, de ism\u00e9t rak\u00e9t\u00e1kkal l\u0151n\u00e9k Izraelt, ha nem sz\u0171nik meg a G\u00e1zai \u00f6vezet blok\u00e1dja &#8211; \u00e1ll\u00edtja egy h\u00e9tf\u0151n nyilv\u00e1noss\u00e1gra hozott k\u00f6zv\u00e9lem\u00e9ny-kutat\u00e1s. M\u00f3se Jaalon izraeli v\u00e9delmi miniszter szerint viszont a rak\u00e9t\u00e1ik nyolcvan sz\u00e1zal\u00e9ka megsemmis\u00fclt a ny\u00e1ri h\u00e1bor\u00faban.<\/p>\n","protected":false},"author":1,"featured_media":0,"comment_status":"open","ping_status":"closed","sticky":false,"template":"","format":"standard","meta":[],"categories":[16],"tags":[],"_links":{"self":[{"href":"https:\/\/gazdasagportal.hu\/index.php\/wp-json\/wp\/v2\/posts\/45893"}],"collection":[{"href":"https:\/\/gazdasagportal.hu\/index.php\/wp-json\/wp\/v2\/posts"}],"about":[{"href":"https:\/\/gazdasagportal.hu\/index.php\/wp-json\/wp\/v2\/types\/post"}],"author":[{"embeddable":true,"href":"https:\/\/gazdasagportal.hu\/index.php\/wp-json\/wp\/v2\/users\/1"}],"replies":[{"embeddable":true,"href":"https:\/\/gazdasagportal.hu\/index.php\/wp-json\/wp\/v2\/comments?post=45893"}],"version-history":[{"count":1,"href":"https:\/\/gazdasagportal.hu\/index.php\/wp-json\/wp\/v2\/posts\/45893\/revisions"}],"predecessor-version":[{"id":45894,"href":"https:\/\/gazdasagportal.hu\/index.php\/wp-json\/wp\/v2\/posts\/45893\/revisions\/45894"}],"wp:attachment":[{"href":"https:\/\/gazdasagportal.hu\/index.php\/wp-json\/wp\/v2\/media?parent=45893"}],"wp:term":[{"taxonomy":"category","embeddable":true,"href":"https:\/\/gazdasagportal.hu\/index.php\/wp-json\/wp\/v2\/categories?post=45893"},{"taxonomy":"post_tag","embeddable":true,"href":"https:\/\/gazdasagportal.hu\/index.php\/wp-json\/wp\/v2\/tags?post=45893"}],"curies":[{"name":"wp","href":"https:\/\/api.w.org\/{rel}","templated":true}]}}