{"id":45870,"date":"2014-09-30T04:04:56","date_gmt":"2014-09-30T02:04:56","guid":{"rendered":"http:\/\/stockportal.hu\/?p=45870"},"modified":"2014-09-29T17:03:37","modified_gmt":"2014-09-29T15:03:37","slug":"a-nagyhatalmak-hataroztak-meg-magyarorszag-20-szazadat","status":"publish","type":"post","link":"https:\/\/gazdasagportal.hu\/index.php\/a-nagyhatalmak-hataroztak-meg-magyarorszag-20-szazadat\/","title":{"rendered":"A nagyhatalmak hat\u00e1rozt\u00e1k meg Magyarorsz\u00e1g 20. sz\u00e1zad\u00e1t"},"content":{"rendered":"<p><strong>A nagyhatalmak hat\u00e1rozt\u00e1k meg Magyarorsz\u00e1g sors\u00e1t a 20. sz\u00e1zadban &#8211; mondta Romsics Ign\u00e1c t\u00f6rt\u00e9n\u00e9sz, akad\u00e9mikus a Megsz\u00e1ll\u00e1st\u00f3l megsz\u00e1ll\u00e1sig, Magyarorsz\u00e1g a nagyhatalmak szor\u00edt\u00e1s\u00e1ban 1944-1949 c\u00edm\u0171 konferenci\u00e1n a Parlamentben h\u00e9tf\u0151n.<\/strong><!--more--><br \/>\n<div class=\"ads-in-post1\"><div id=\"gazdasagportal.hu_fullbanner_wideboard\"><\/div>\r\n<\/div>\n<p>    A szakember kiemelte: a k\u00e9t vil\u00e1gh\u00e1bor\u00fa k\u00f6z\u00f6tti magyar politikai vezet\u0151k a t\u00f6rt\u00e9nelmi Magyarorsz\u00e1g helyre\u00e1ll\u00edt\u00e1s\u00e1t \u00e9s a K\u00e1rp\u00e1t-medencei magyar vezet\u0151 szerep vissza\u00e1ll\u00edt\u00e1s\u00e1t rem\u00e9lt\u00e9k a n\u00e9met sz\u00f6vets\u00e9gt\u0151l, \u00e1m ez a korabeli n\u00e9met forr\u00e1sok ismeret\u00e9ben teljesen megalapozatlan volt. A n\u00e9metek azt tervezt\u00e9k, hogy rem\u00e9lt vil\u00e1gh\u00e1bor\u00fas gy\u0151zelm\u00fck ut\u00e1n m\u00e9g az id\u0151k\u00f6zben Magyarorsz\u00e1ghoz visszacsatolt ter\u00fcletek egy r\u00e9sz\u00e9t is elveszik, \u00edgy p\u00e9ld\u00e1ul \u00c9szak-Erd\u00e9lyt, valamint B\u00e1cska, B\u00e1n\u00e1t \u00e9s Nyugat-Magyarorsz\u00e1g egyes r\u00e9szeit.<br \/>\n    A h\u00e1bor\u00fa ut\u00e1ni rendez\u00e9st illet\u0151en az antifasiszta sz\u00f6vets\u00e9gesek \u00e1ll\u00e1spontja elt\u00e9rt egym\u00e1st\u00f3l. Az Egyes\u00fclt \u00c1llamok a t\u00e9rs\u00e9g \u00e1llamainak a liber\u00e1lis demokr\u00e1ci\u00e1n alapul\u00f3 er\u0151s sz\u00f6vets\u00e9gbe t\u00f6m\u00f6r\u00fcl\u00e9s\u00e9t l\u00e1tta volna sz\u00edvesen. Kisebb m\u00f3dos\u00edt\u00e1sokat el tudott volna k\u00e9pzelni Magyarorsz\u00e1g jav\u00e1ra a trianoni hat\u00e1rokhoz k\u00e9pest, de ez j\u00f3val kevesebb volt ann\u00e1l, mint amit a n\u00e9metek \u00edg\u00e9rtek. Erd\u00e9ly az amerikai elk\u00e9pzel\u00e9sekben id\u0151nk\u00e9nt \u00f6n\u00e1ll\u00f3 \u00e1llamk\u00e9nt jelent meg, a kisebbs\u00e9gek pedig auton\u00f3mi\u00e1t kaptak volna &#8211; ismertette a szakember.<br \/>\n    Anglia konf\u00f6der\u00e1ci\u00f3ban, egyfajta eur\u00f3pai egyes\u00fclt \u00e1llamok r\u00e9szek\u00e9nt k\u00e9pzelte el a r\u00e9gi\u00f3 \u00e1llamait. \u00c1m a nyugati sz\u00f6vets\u00e9gesek \u00e1ll\u00e1spontja a h\u00e1bor\u00fa sor\u00e1n m\u00f3dosult, \u00e9s a v\u00e1ltoz\u00f3 er\u0151viszonyok f\u00fcggv\u00e9ny\u00e9ben egyre ink\u00e1bb elfogadt\u00e1k a szovjet elk\u00e9pzel\u00e9seket, amelyekben nem szerepelt semmif\u00e9le konf\u00f6der\u00e1ci\u00f3. A nagy keleti szomsz\u00e9d a r\u00e9gi\u00f3 sz\u00e9ttagolts\u00e1g\u00e1ban volt \u00e9rdekelt, Magyarorsz\u00e1gnak pedig a trianoni hat\u00e1rokat sz\u00e1nta, ami l\u00e9nyeg\u00e9ben be is k\u00f6vetkezett &#8211; fejtette ki Romsics Ign\u00e1c.<br \/>\n    Sz\u00e1mv\u00e9ber Norbert hadt\u00f6rt\u00e9n\u00e9sz Magyarorsz\u00e1g 1944. m\u00e1rcius 19-ei megsz\u00e1ll\u00e1s\u00e1nak katonai vonatkoz\u00e1sair\u00f3l sz\u00f3l\u00f3 el\u0151ad\u00e1s\u00e1ban kiemelte: a magyar kir\u00e1lyi honv\u00e9ds\u00e9g nem volt abban az \u00e1llapotban, hogy hat\u00e9kony ellen\u00e1ll\u00e1st fejtsen ki a bevonul\u00f3 n\u00e9metekkel szemben.<br \/>\n    A n\u00e9metek a r\u00e1juk jellemz\u0151 precizit\u00e1ssal szervezt\u00e9k meg az akci\u00f3t, a legkisebb es\u00e9lyt sem hagyva az ellen\u00e1ll\u00e1sra &#8211; mondta. Hozz\u00e1tette: nem \u00fagy b\u00e1ntak Magyarorsz\u00e1ggal mint sz\u00f6vets\u00e9gessel, hanem val\u00f3s\u00e1gos katonai hadm\u0171veletet hajtottak v\u00e9gre a korm\u00e1nyv\u00e1lt\u00e1s, a hinta-politik\u00e1t, titkos b\u00e9ket\u00e1rgyal\u00e1sokat folytat\u00f3 K\u00e1llay Mikl\u00f3s korm\u00e1ny\u00e1nak elmozd\u00edt\u00e1sa \u00e9rdek\u00e9ben.<br \/>\n    A korabeli forr\u00e1sok tan\u00fas\u00e1ga szerint a magyar lakoss\u00e1g fel sem fogta, hogy mi zajlik, nem sz\u00e1molt a megsz\u00e1ll\u00e1s k\u00f6vetkezm\u00e9nyeivel, puszt\u00e1n l\u00e1tv\u00e1nyoss\u00e1gnak tekintette a n\u00e9met hader\u0151 felvonul\u00e1s\u00e1t.<br \/>\n    Szak\u00e1ly S\u00e1ndor t\u00f6rt\u00e9n\u00e9sz, a Veritas f\u0151igazgat\u00f3ja el\u0151ad\u00e1s\u00e1ban besz\u00e9lt arr\u00f3l, hogy Horthy szerepe legfels\u0151bb had\u00fark\u00e9nt meghat\u00e1roz\u00f3 volt a hadseregben, katonai vezet\u0151 csak az lehetett, aki az \u0151 felt\u00e9tlen bizalm\u00e1t \u00e9lvezte, \u00e1m ez a helyzet a n\u00e9met megsz\u00e1ll\u00e1ssal megv\u00e1ltozott.<br \/>\n    Az 1944. okt\u00f3ber 15-ei kiugr\u00e1si k\u00eds\u00e9rlet a t\u00f6rt\u00e9n\u00e9sz szerint katonai er\u0151vel nem biztos\u00edtott, rosszul el\u0151k\u00e9sz\u00edtett akci\u00f3 volt.<br \/>\n    \u00dajv\u00e1ry G\u00e1bor, a Veritas kutat\u00f3csoport-vezet\u0151je a n\u00e9met megsz\u00e1ll\u00e1s hat\u00e1sait elemezve lesz\u00f6gezte: a megsz\u00e1ll\u00f3k egy\u00e9rtelm\u0171 c\u00e9lja az volt, hogy az orsz\u00e1g minden er\u0151forr\u00e1s\u00e1nak kihaszn\u00e1l\u00e1s\u00e1val tehermentes\u00edts\u00e9k a n\u00e9met hadsereget.<br \/>\n    A megsz\u00e1ll\u00e1s ut\u00e1n jelent\u0151s v\u00e1ltoz\u00e1sok voltak a katonai vezet\u00e9sben \u00e9s k\u00f6zigazgat\u00e1sban a korm\u00e1nyf\u0151t\u0151l a minisztereken \u00e9s a f\u0151isp\u00e1nokon \u00e1t sok m\u00e1s poz\u00edci\u00f3ig. Ezreknek kellett menek\u00fclni\u00fck a n\u00e9met hat\u00f3s\u00e1gok el\u0151l. K\u00e1llay Mikl\u00f3s minisztereln\u00f6k a t\u00f6r\u00f6k k\u00f6vets\u00e9gen tal\u00e1lt ideiglenes mened\u00e9ket, de v\u00e9g\u00fcl n\u00e9met koncentr\u00e1ci\u00f3s t\u00e1borba ker\u00fclt. Bujk\u00e1lnia kellett a n\u00e9metek el\u0151l Bethlen Istv\u00e1n volt minisztereln\u00f6knek csak\u00fagy, mint Szekf\u0171 Gyul\u00e1nak, a korszak vezet\u0151 politikus\u00e1nak. T\u00edzezres nagys\u00e1grendben voltak letart\u00f3ztat\u00e1sok. \u00dajs\u00e1g\u00edr\u00f3kat, m\u0171v\u00e9szeket, \u00fcgyv\u00e9deket, szakszervezeti vezet\u0151ket, lengyel menek\u00fclteket fogtak el, \u00e9s a letart\u00f3ztat\u00e1si hull\u00e1m az arisztokrat\u00e1kat is nagyon jelent\u0151sen s\u00fajtotta &#8211; fejtette ki a szakember.<br \/>\n    A n\u00e9met megsz\u00e1ll\u00e1s nyom\u00e1n p\u00e1rtokat tiltottak be, 130 \u00fajs\u00e1got sz\u00fcntettek meg, 1900 egyes\u00fcletet oszlattak fel. A magyar lakoss\u00e1g pedig mind a n\u00e9metellenes emberek letart\u00f3ztat\u00e1s\u00e1hoz, mind a k\u00e9s\u0151bbi deport\u00e1l\u00e1sokhoz passz\u00edvan viszonyult &#8211; tette hozz\u00e1.<br \/>\n    Horthy felel\u0151ss\u00e9g\u00e9r\u0151l sz\u00f3lva \u00dajv\u00e1ry G\u00e1bor kiemelte, hogy az \u00e1llamf\u0151 a hely\u00e9n marad\u00e1s\u00e1val legitim\u00e1lta a t\u00f6rt\u00e9nteket. A hagyom\u00e1nyos, 19. sz\u00e1zadi \u00fari becs\u00fcletk\u00f3dex jegy\u00e9ben a k\u00f6teless\u00e9g\u00e9rzett\u0151l vezettetve j\u00e1rt el, mik\u00f6zben a n\u00e9met politika csak saj\u00e1t \u00e9rdekeinek k\u00edm\u00e9letlen \u00e9rv\u00e9nyes\u00edt\u00e9s\u00e9re volt tekintettel.<br \/>\n    \u00dajv\u00e1ry G\u00e1bor lesz\u00f6gezte: elfogadhatatlan a deport\u00e1l\u00e1sokhoz vezet\u0151 korabeli hivatalos politika v\u00e9delme, menteget\u00e9se, de az is, ha valaki azt a kor\u00e1bbi magyar t\u00f6rt\u00e9nelem egyenes folytat\u00e1s\u00e1nak tekinti.<br \/>\n    Haraszti Gy\u00f6rgy t\u00f6rt\u00e9n\u00e9sz, egyetemi tan\u00e1r arr\u00f3l besz\u00e9lt, hogy 1941-t\u0151l az 1944 m\u00e1rciusi megsz\u00e1ll\u00e1sig a magyarorsz\u00e1gi zsid\u00f3s\u00e1g s\u00falyos vesztes\u00e9geket szenvedett, de a n\u00e9met \u00e9rdekszf\u00e9r\u00e1ban egyed\u00fclik\u00e9nt &#8222;intakt maradt&#8221;. A magyar zsid\u00f3s\u00e1g abban az id\u0151szakban mintegy f\u00e9lsz\u00e1zezres vesztes\u00e9get szenvedett: 13-14 ezer \u00e1ldozatuk volt a kamenyec-podolszki t\u00f6meggyilkoss\u00e1goknak, az 50 ezer munkaszolg\u00e1latosb\u00f3l mintegy 35 ezer nem t\u00e9rt vissza a frontr\u00f3l, az \u00fajvid\u00e9ki v\u00e9rengz\u00e9sekben pedig mintegy 1000 zsid\u00f3 halt meg &#8211; ismertette.<br \/>\n    Az 1944-es deport\u00e1l\u00e1soknak 430-440 ezer \u00e1ldozata volt, nagyobbr\u00e9szt a visszacsatolt orsz\u00e1gr\u00e9szeken, illetve vid\u00e9ken \u00e9l\u0151 zsid\u00f3s\u00e1got s\u00fajtotta, a trianoni Magyarorsz\u00e1gon \u00e9l\u0151 480 ezer zsid\u00f3b\u00f3l 190 ezer maradt &#8211; id\u00e9zte fel.<br \/>\n     Botos J\u00e1nos egyetemi tan\u00e1r a zsid\u00f3s\u00e1g vagyonveszt\u00e9s\u00e9r\u0151l sz\u00f3l\u00f3 el\u0151ad\u00e1s\u00e1ban egyebek mellett arr\u00f3l besz\u00e9lt, hogy a magyar \u00e1llam \u00e9s a n\u00e9metek \u00e1ltal elrabolt \u00e9rt\u00e9kekre vonatkoz\u00f3 nemzetk\u00f6zi el\u0151\u00edr\u00e1soknak a vil\u00e1gh\u00e1bor\u00fa ut\u00e1ni magyar korm\u00e1nyok csak formailag tettek eleget, val\u00f3j\u00e1ban azonban nem adt\u00e1k vissza a zsid\u00f3 vagyont jogos tulajdonosaiknak. (MTI)<\/p>\n","protected":false},"excerpt":{"rendered":"<p>A nagyhatalmak hat\u00e1rozt\u00e1k meg Magyarorsz\u00e1g sors\u00e1t a 20. sz\u00e1zadban &#8211; mondta Romsics Ign\u00e1c t\u00f6rt\u00e9n\u00e9sz, akad\u00e9mikus a Megsz\u00e1ll\u00e1st\u00f3l megsz\u00e1ll\u00e1sig, Magyarorsz\u00e1g a nagyhatalmak szor\u00edt\u00e1s\u00e1ban 1944-1949 c\u00edm\u0171 konferenci\u00e1n a Parlamentben h\u00e9tf\u0151n.<\/p>\n","protected":false},"author":1,"featured_media":0,"comment_status":"open","ping_status":"closed","sticky":false,"template":"","format":"standard","meta":[],"categories":[4],"tags":[],"_links":{"self":[{"href":"https:\/\/gazdasagportal.hu\/index.php\/wp-json\/wp\/v2\/posts\/45870"}],"collection":[{"href":"https:\/\/gazdasagportal.hu\/index.php\/wp-json\/wp\/v2\/posts"}],"about":[{"href":"https:\/\/gazdasagportal.hu\/index.php\/wp-json\/wp\/v2\/types\/post"}],"author":[{"embeddable":true,"href":"https:\/\/gazdasagportal.hu\/index.php\/wp-json\/wp\/v2\/users\/1"}],"replies":[{"embeddable":true,"href":"https:\/\/gazdasagportal.hu\/index.php\/wp-json\/wp\/v2\/comments?post=45870"}],"version-history":[{"count":1,"href":"https:\/\/gazdasagportal.hu\/index.php\/wp-json\/wp\/v2\/posts\/45870\/revisions"}],"predecessor-version":[{"id":45871,"href":"https:\/\/gazdasagportal.hu\/index.php\/wp-json\/wp\/v2\/posts\/45870\/revisions\/45871"}],"wp:attachment":[{"href":"https:\/\/gazdasagportal.hu\/index.php\/wp-json\/wp\/v2\/media?parent=45870"}],"wp:term":[{"taxonomy":"category","embeddable":true,"href":"https:\/\/gazdasagportal.hu\/index.php\/wp-json\/wp\/v2\/categories?post=45870"},{"taxonomy":"post_tag","embeddable":true,"href":"https:\/\/gazdasagportal.hu\/index.php\/wp-json\/wp\/v2\/tags?post=45870"}],"curies":[{"name":"wp","href":"https:\/\/api.w.org\/{rel}","templated":true}]}}