{"id":45719,"date":"2014-09-27T15:12:01","date_gmt":"2014-09-27T13:12:01","guid":{"rendered":"http:\/\/stockportal.hu\/?p=45719"},"modified":"2014-09-27T15:12:01","modified_gmt":"2014-09-27T13:12:01","slug":"iszlam-allam-megkezdte-a-brit-legiero-a-harci-beveteseket","status":"publish","type":"post","link":"https:\/\/gazdasagportal.hu\/index.php\/iszlam-allam-megkezdte-a-brit-legiero-a-harci-beveteseket\/","title":{"rendered":"Iszl\u00e1m \u00c1llam &#8211; Megkezdte a brit l\u00e9gier\u0151 a harci bevet\u00e9seket"},"content":{"rendered":"<p><strong>Megkezdte szombaton a brit kir\u00e1lyi l\u00e9gier\u0151 (RAF) a harci bevet\u00e9seket az Iszl\u00e1m \u00c1llam nev\u0171 sz\u00e9ls\u0151s\u00e9ges dzsihadista mil\u00edcia iraki \u00e1ll\u00e1sai ellen.<\/strong><!--more--><br \/>\n<div class=\"ads-in-post1\"><div id=\"gazdasagportal.hu_fullbanner_wideboard\"><\/div>\r\n<\/div>\n<p>    A brit v\u00e9delmi miniszt\u00e9rium szombat d\u00e9lut\u00e1n Londonban bejelentette, hogy az RAF ciprusi t\u00e1maszpontj\u00e1r\u00f3l k\u00e9t Tornado GR4 t\u00edpus\u00fa harci rep\u00fcl\u0151g\u00e9p sz\u00e1llt fel.<br \/>\n    A t\u00e1rca m\u0171veleti biztons\u00e1gi okokra hivatkozva nem szolg\u00e1lt r\u00e9szletekkel a bevet\u00e9sr\u0151l, de a k\u00f6zlem\u00e9nyben szerepel, hogy az RAF g\u00e9pei az eddig is v\u00e9gzett felder\u00edt\u0151 tev\u00e9kenys\u00e9g mellett m\u00e1r t\u00e1mad\u00f3 feladatokra haszn\u00e1lhat\u00f3k, &#8222;ha megfelel\u0151 c\u00e9lpontokat siker\u00fcl azonos\u00edtani&#8221;.<br \/>\n    A brit parlament el\u0151z\u0151 esti rendk\u00edv\u00fcli \u00fcl\u00e9s\u00e9n adta hozz\u00e1j\u00e1rul\u00e1s\u00e1t Nagy-Britannia bekapcsol\u00f3d\u00e1s\u00e1hoz az Iszl\u00e1m \u00c1llam ellen amerikai vezet\u00e9ssel m\u00e1r foly\u00f3 l\u00e9gi hadm\u0171veletekbe.(MTI)<\/p>\n","protected":false},"excerpt":{"rendered":"<p>Megkezdte szombaton a brit kir\u00e1lyi l\u00e9gier\u0151 (RAF) a harci bevet\u00e9seket az Iszl\u00e1m \u00c1llam nev\u0171 sz\u00e9ls\u0151s\u00e9ges dzsihadista mil\u00edcia iraki \u00e1ll\u00e1sai ellen.<\/p>\n","protected":false},"author":1,"featured_media":0,"comment_status":"open","ping_status":"closed","sticky":false,"template":"","format":"standard","meta":[],"categories":[16],"tags":[],"_links":{"self":[{"href":"https:\/\/gazdasagportal.hu\/index.php\/wp-json\/wp\/v2\/posts\/45719"}],"collection":[{"href":"https:\/\/gazdasagportal.hu\/index.php\/wp-json\/wp\/v2\/posts"}],"about":[{"href":"https:\/\/gazdasagportal.hu\/index.php\/wp-json\/wp\/v2\/types\/post"}],"author":[{"embeddable":true,"href":"https:\/\/gazdasagportal.hu\/index.php\/wp-json\/wp\/v2\/users\/1"}],"replies":[{"embeddable":true,"href":"https:\/\/gazdasagportal.hu\/index.php\/wp-json\/wp\/v2\/comments?post=45719"}],"version-history":[{"count":1,"href":"https:\/\/gazdasagportal.hu\/index.php\/wp-json\/wp\/v2\/posts\/45719\/revisions"}],"predecessor-version":[{"id":45720,"href":"https:\/\/gazdasagportal.hu\/index.php\/wp-json\/wp\/v2\/posts\/45719\/revisions\/45720"}],"wp:attachment":[{"href":"https:\/\/gazdasagportal.hu\/index.php\/wp-json\/wp\/v2\/media?parent=45719"}],"wp:term":[{"taxonomy":"category","embeddable":true,"href":"https:\/\/gazdasagportal.hu\/index.php\/wp-json\/wp\/v2\/categories?post=45719"},{"taxonomy":"post_tag","embeddable":true,"href":"https:\/\/gazdasagportal.hu\/index.php\/wp-json\/wp\/v2\/tags?post=45719"}],"curies":[{"name":"wp","href":"https:\/\/api.w.org\/{rel}","templated":true}]}}