{"id":45717,"date":"2014-09-27T14:06:40","date_gmt":"2014-09-27T12:06:40","guid":{"rendered":"http:\/\/stockportal.hu\/?p=45717"},"modified":"2014-09-27T14:06:40","modified_gmt":"2014-09-27T12:06:40","slug":"foldomlas-pilisvorosvaron-helyreallt-a-vasuti-kozlekedes-a-pilisvorosvar-esztergom-vonalon","status":"publish","type":"post","link":"https:\/\/gazdasagportal.hu\/index.php\/foldomlas-pilisvorosvaron-helyreallt-a-vasuti-kozlekedes-a-pilisvorosvar-esztergom-vonalon\/","title":{"rendered":"F\u00f6ldoml\u00e1s Pilisv\u00f6r\u00f6sv\u00e1ron &#8211; Helyre\u00e1llt a vas\u00fati k\u00f6zleked\u00e9s a Pilisv\u00f6r\u00f6sv\u00e1r-Esztergom vonalon"},"content":{"rendered":"<p><strong>Helyre\u00e1llt a vas\u00fati k\u00f6zleked\u00e9s a Pilisv\u00f6r\u00f6sv\u00e1r &#8211; Esztergom vonalon, ahol kor\u00e1bban f\u00f6ldoml\u00e1s miatt sz\u00fcnetelt a vonatforgalom &#8211; t\u00e1j\u00e9koztatta a M\u00e1vinform sajt\u00f3\u00fcgyeletese szombaton az MTI-t.<\/strong><!--more--><br \/>\n<div class=\"ads-in-post1\"><div id=\"gazdasagportal.hu_fullbanner_wideboard\"><\/div>\r\n<\/div>\n<p>    Both Ferenc elmondta, hogy a f\u00f6ldoml\u00e1s melletti szakaszon 5 kilom\u00e9teres, cs\u00f6kkentett sebess\u00e9ggel k\u00f6zlekedhetnek a szerelv\u00e9nyek, azonban ez nem okoz k\u00e9s\u00e9seket.<br \/>\n    A menetrend helyre\u00e1llt \u00e9s m\u00e1r nem kell az utasoknak buszra \u00e1tsz\u00e1llniuk Pilisv\u00f6r\u00f6sv\u00e1r \u00e9s Piliscsaba k\u00f6z\u00f6tt &#8211; mondta a sajt\u00f3\u00fcgyeletes.<br \/>\n    A vas\u00fati \u00e9s a k\u00f6z\u00fati forgalmat szombaton hajnalban \u00e1ll\u00edtott\u00e1k le Pilisv\u00f6r\u00f6sv\u00e1ron, miut\u00e1n az \u00e9p\u00fcl\u0151 vas\u00fati csom\u00f3pont ter\u00fclet\u00e9n, a 10-es f\u0151\u00fat szomsz\u00e9ds\u00e1g\u00e1ban beomlott egy t\u00e1mfal.<br \/>\n    A hat\u00f3s\u00e1gok azt k\u00f6z\u00f6lt\u00e9k, hogy v\u00e1rhat\u00f3an h\u00e1rom napig le lesz z\u00e1rva a 10-es f\u0151\u00fat \u00e9rintett szakasza \u00e9s a Vol\u00e1n- buszok is ker\u00fcl\u0151 \u00faton k\u00f6zlekednek.(MTI)<\/p>\n","protected":false},"excerpt":{"rendered":"<p>Helyre\u00e1llt a vas\u00fati k\u00f6zleked\u00e9s a Pilisv\u00f6r\u00f6sv\u00e1r &#8211; Esztergom vonalon, ahol kor\u00e1bban f\u00f6ldoml\u00e1s miatt sz\u00fcnetelt a vonatforgalom &#8211; t\u00e1j\u00e9koztatta a M\u00e1vinform sajt\u00f3\u00fcgyeletese szombaton az MTI-t.<\/p>\n","protected":false},"author":1,"featured_media":0,"comment_status":"open","ping_status":"closed","sticky":false,"template":"","format":"standard","meta":[],"categories":[4],"tags":[],"_links":{"self":[{"href":"https:\/\/gazdasagportal.hu\/index.php\/wp-json\/wp\/v2\/posts\/45717"}],"collection":[{"href":"https:\/\/gazdasagportal.hu\/index.php\/wp-json\/wp\/v2\/posts"}],"about":[{"href":"https:\/\/gazdasagportal.hu\/index.php\/wp-json\/wp\/v2\/types\/post"}],"author":[{"embeddable":true,"href":"https:\/\/gazdasagportal.hu\/index.php\/wp-json\/wp\/v2\/users\/1"}],"replies":[{"embeddable":true,"href":"https:\/\/gazdasagportal.hu\/index.php\/wp-json\/wp\/v2\/comments?post=45717"}],"version-history":[{"count":1,"href":"https:\/\/gazdasagportal.hu\/index.php\/wp-json\/wp\/v2\/posts\/45717\/revisions"}],"predecessor-version":[{"id":45718,"href":"https:\/\/gazdasagportal.hu\/index.php\/wp-json\/wp\/v2\/posts\/45717\/revisions\/45718"}],"wp:attachment":[{"href":"https:\/\/gazdasagportal.hu\/index.php\/wp-json\/wp\/v2\/media?parent=45717"}],"wp:term":[{"taxonomy":"category","embeddable":true,"href":"https:\/\/gazdasagportal.hu\/index.php\/wp-json\/wp\/v2\/categories?post=45717"},{"taxonomy":"post_tag","embeddable":true,"href":"https:\/\/gazdasagportal.hu\/index.php\/wp-json\/wp\/v2\/tags?post=45717"}],"curies":[{"name":"wp","href":"https:\/\/api.w.org\/{rel}","templated":true}]}}