{"id":45691,"date":"2014-09-27T03:47:57","date_gmt":"2014-09-27T01:47:57","guid":{"rendered":"http:\/\/stockportal.hu\/?p=45691"},"modified":"2014-09-26T21:50:02","modified_gmt":"2014-09-26T19:50:02","slug":"bar-volt-vita-de-nagy-britannia-akkor-is-bombazni-fog","status":"publish","type":"post","link":"https:\/\/gazdasagportal.hu\/index.php\/bar-volt-vita-de-nagy-britannia-akkor-is-bombazni-fog\/","title":{"rendered":"B\u00e1r volt vita, de Nagy-Britannia akkor is bomb\u00e1zni fog"},"content":{"rendered":"<p><strong>T\u00f6bb\u00f3r\u00e1s vita ut\u00e1n, nagy t\u00f6bbs\u00e9ggel j\u00f3v\u00e1hagyta a brit parlament p\u00e9nteken Nagy-Britannia bekapcsol\u00f3d\u00e1s\u00e1t az Iszl\u00e1m \u00c1llam nev\u0171 sz\u00e9ls\u0151s\u00e9ges dzsih\u00e1dista mil\u00edcia iraki \u00e1ll\u00e1sai elleni l\u00e9gi hadm\u0171veletekbe.<\/strong><!--more--><br \/>\n<div class=\"ads-in-post1\"><div id=\"gazdasagportal.hu_fullbanner_wideboard\"><\/div>\r\n<\/div>\n<p>    A londoni als\u00f3h\u00e1z p\u00e9ntek esti szavaz\u00e1s\u00e1n 524 k\u00e9pvisel\u0151 voksolt a brit r\u00e9szv\u00e9tel mellett; 43-an elvetett\u00e9k a konzervat\u00edv-liber\u00e1lis korm\u00e1nykoal\u00edci\u00f3 ind\u00edtv\u00e1ny\u00e1t. A korm\u00e1nyzati beterjeszt\u00e9st hivatalosan az ellenz\u00e9ki Munk\u00e1sp\u00e1rt is t\u00e1mogatta, b\u00e1r k\u00e9ttucatnyi Labour-k\u00e9pvisel\u0151 az ind\u00edtv\u00e1ny ellen szavazott.<br \/>\n    A parlamenti j\u00f3v\u00e1hagy\u00e1s azt jelenti, hogy a brit kir\u00e1lyi l\u00e9gier\u0151 (RAF) r\u00f6vid id\u0151n bel\u00fcl &#8211; ak\u00e1r m\u00e1r a h\u00e9tv\u00e9g\u00e9n &#8211; megkezdheti az Iszl\u00e1m \u00c1llam elleni t\u00e1mad\u00e1sokat iraki ter\u00fcleten.<br \/>\n    A felhatalmaz\u00e1s sz\u00edriai bevet\u00e9sekre nem terjed ki.<br \/>\n    Az RAF hat Tornado t\u00edpus\u00fa harci rep\u00fcl\u0151g\u00e9pe \u00e1llom\u00e1sozik Cipruson; val\u00f3sz\u00edn\u0171leg ez az egys\u00e9g fog bekapcsol\u00f3dni els\u0151k\u00e9nt az iraki l\u00e9gi hadm\u0171veletekbe.<br \/>\n    Az als\u00f3h\u00e1z, amely a parlamenti p\u00e1rtok ilyenkor esed\u00e9kes \u00e9ves kongresszusai miatt jelenleg sz\u00fcnet\u00e9t t\u00f6lti, a korm\u00e1ny k\u00e9r\u00e9s\u00e9re tartott rendk\u00edv\u00fcli \u00fcl\u00e9st p\u00e9nteken, hogy megvitassa a brit l\u00e9gier\u0151 bekapcsol\u00f3d\u00e1s\u00e1t az Iszl\u00e1m \u00c1llam elleni, amerikai vezet\u00e9ssel m\u00e1r megkezd\u0151d\u00f6tt hadm\u0171veletekbe.<br \/>\n    David Cameron minisztereln\u00f6k a korm\u00e1ny ind\u00edtv\u00e1ny\u00e1t beterjeszt\u0151 felsz\u00f3lal\u00e1s\u00e1ban hangs\u00falyozta: a hadm\u0171veletek &#8222;nem is h\u00f3napokig, hanem \u00e9vekig tartanak&#8221; majd, \u00e9s Nagy-Britanni\u00e1nak fel kell k\u00e9sz\u00fclnie e hossz\u00fa t\u00e1v\u00fa k\u00f6telezetts\u00e9gv\u00e1llal\u00e1sra.<br \/>\n    A korm\u00e1nyf\u0151 a fegyveres fell\u00e9p\u00e9s indokolts\u00e1g\u00e1t illusztr\u00e1land\u00f3 ugyanakkor kijelentette: az Iszl\u00e1m \u00c1llam \u00e1ltal &#8222;inspir\u00e1lt&#8221; els\u0151 eur\u00f3pai terrorcselekm\u00e9ny &#8211; a br\u00fcsszeli zsid\u00f3 m\u00fazeum elleni tavaszi t\u00e1mad\u00e1s, amelyben n\u00e9gyen vesztett\u00e9k \u00e9let\u00fcket &#8211; m\u00e1r megt\u00f6rt\u00e9nt, \u00e9s az eur\u00f3pai biztons\u00e1gi szolg\u00e1latok az\u00f3ta hat, az ausztr\u00e1l hat\u00f3s\u00e1gok pedig egy tov\u00e1bbi hasonl\u00f3 mer\u00e9nyletet meghi\u00fas\u00edtottak.<br \/>\n    Cameron ezeket nem r\u00e9szletezte, csak annyit mondott, hogy az ausztr\u00e1liai terrort\u00e1mad\u00e1si k\u00eds\u00e9rlet kifejezetten civilek, k\u00f6zt\u00fck brit \u00e9s amerikai turist\u00e1k ellen ir\u00e1nyult volna.<br \/>\n    A brit minisztereln\u00f6k szerint az Iszl\u00e1m \u00c1llam olyan terrorszervezet, amilyennel a vil\u00e1gnak m\u00e9g nem akadt dolga. A csoport brutalit\u00e1sa &#8222;megd\u00f6bbent\u0151&#8221;: a lefejez\u00e9sek mellett keresztre fesz\u00edt\u00e9sek, a foglyok szem\u00e9nek kiv\u00e1j\u00e1sa, a fegyverk\u00e9nt haszn\u00e1lt nemi er\u0151szak \u00e9s gyermekek lem\u00e9sz\u00e1rl\u00e1sa is a m\u00f3dszerei k\u00f6z\u00f6tt szerepel &#8211; hangs\u00falyozta.<br \/>\n    Cameron az Iszl\u00e1m \u00c1llamot &#8222;pszichopata terrorist\u00e1k gy\u00fclekezet\u00e9nek&#8221; nevezte.<br \/>\n    A brit korm\u00e1ny el\u0151z\u0151 nap \u00e1ll\u00edtotta \u00f6ssze az als\u00f3h\u00e1z el\u00e9 terjesztett ind\u00edtv\u00e1ny\u00e1t a brit l\u00e9gier\u0151 bekapcsol\u00f3d\u00e1s\u00e1r\u00f3l az Iszl\u00e1m \u00c1llam iraki \u00e1ll\u00e1sai elleni hadm\u0171veletekbe.<br \/>\n    A p\u00e9nteken j\u00f3v\u00e1hagyott el\u0151terjeszt\u00e9s meg\u00e1llap\u00edtja, hogy j\u00f3llehet a katonai er\u0151 alkalmaz\u00e1sa a nemzetk\u00f6zi kapcsolatokban a nemzetk\u00f6zi jog alapj\u00e1n alapesetben tilos, \u00e1m ez a tilalom nem \u00e9rv\u00e9nyes\u00fcl, ha a fegyveres beavatkoz\u00e1st egy m\u00e1sik \u00e1llam saj\u00e1t ter\u00fclet\u00e9re vonatkoz\u00f3an maga k\u00e9ri. Az iraki korm\u00e1ny hivatalosan k\u00e9rte Nagy-Britannia bekapcsol\u00f3d\u00e1s\u00e1t az Iszl\u00e1m \u00c1llam elleni l\u00e9gi hadm\u0171veletekbe, \u00e9s ez megteremti az iraki brit hadm\u0171veletek egy\u00e9rtelm\u0171 t\u00f6rv\u00e9nyess\u00e9gi alapj\u00e1t &#8211; \u00e1ll beterjeszt\u00e9sben. A korm\u00e1ny ennek figyelembe v\u00e9tel\u00e9vel k\u00e9rte a parlament t\u00e1mogat\u00e1s\u00e1t a brit l\u00e9gi hadm\u0171veletek elkezd\u00e9s\u00e9hez.<br \/>\n    Egyel\u0151re nincs sz\u00f3 arr\u00f3l, hogy Nagy-Britannia a sz\u00e9ls\u0151s\u00e9ges mil\u00edcia sz\u00edriai \u00e1ll\u00e1sai elleni t\u00e1mad\u00e1sokba is bekapcsol\u00f3djon; a brit korm\u00e1ny \u00e1ll\u00e1spontja szerint ha ez sz\u00fcks\u00e9gess\u00e9 v\u00e1lik, arr\u00f3l k\u00fcl\u00f6n parlamenti szavaz\u00e1son kell d\u00f6nteni.<br \/>\n    Michael Fallon brit v\u00e9delmi miniszter ugyanakkor m\u00e1r egyenes utal\u00e1st tett arra, hogy ha Nagy-Britannia bekapcsol\u00f3dik az Iszl\u00e1m \u00c1llam elleni l\u00e9gi hadm\u0171veletekbe, akkor sz\u00edriai c\u00e9lpontokra is csap\u00e1st m\u00e9rhet. Fallon a The Spectator c\u00edm\u0171, a korm\u00e1nyz\u00f3 brit Konzervat\u00edv P\u00e1rthoz k\u00f6zel\u00e1ll\u00f3 foly\u00f3irat e h\u00e9ten megjelent kiad\u00e1s\u00e1nak nyilatkozva \u00edgy fogalmazott: Irakot nemcsak hat\u00e1rain bel\u00fclr\u0151l t\u00e1madj\u00e1k a terrorist\u00e1k, hanem Sz\u00edria \u00e9szaki t\u00e9rs\u00e9geib\u0151l is, \u00e9s ha Sz\u00edria nem hajland\u00f3 vagy nem k\u00e9pes szembesz\u00e1llni az Iszl\u00e1m \u00c1llammal, akkor &#8222;legal\u00e1bbis k\u00e9rd\u00e9sk\u00e9nt felmer\u00fcl&#8221;, hogy ne Nagy-Britannia tegye-e ezt meg, Irakot seg\u00edtend\u0151.(MTI)<\/p>\n","protected":false},"excerpt":{"rendered":"<p>T\u00f6bb\u00f3r\u00e1s vita ut\u00e1n, nagy t\u00f6bbs\u00e9ggel j\u00f3v\u00e1hagyta a brit parlament p\u00e9nteken Nagy-Britannia bekapcsol\u00f3d\u00e1s\u00e1t az Iszl\u00e1m \u00c1llam nev\u0171 sz\u00e9ls\u0151s\u00e9ges dzsih\u00e1dista mil\u00edcia iraki \u00e1ll\u00e1sai elleni l\u00e9gi hadm\u0171veletekbe.<\/p>\n","protected":false},"author":1,"featured_media":0,"comment_status":"open","ping_status":"closed","sticky":false,"template":"","format":"standard","meta":[],"categories":[16],"tags":[],"_links":{"self":[{"href":"https:\/\/gazdasagportal.hu\/index.php\/wp-json\/wp\/v2\/posts\/45691"}],"collection":[{"href":"https:\/\/gazdasagportal.hu\/index.php\/wp-json\/wp\/v2\/posts"}],"about":[{"href":"https:\/\/gazdasagportal.hu\/index.php\/wp-json\/wp\/v2\/types\/post"}],"author":[{"embeddable":true,"href":"https:\/\/gazdasagportal.hu\/index.php\/wp-json\/wp\/v2\/users\/1"}],"replies":[{"embeddable":true,"href":"https:\/\/gazdasagportal.hu\/index.php\/wp-json\/wp\/v2\/comments?post=45691"}],"version-history":[{"count":1,"href":"https:\/\/gazdasagportal.hu\/index.php\/wp-json\/wp\/v2\/posts\/45691\/revisions"}],"predecessor-version":[{"id":45692,"href":"https:\/\/gazdasagportal.hu\/index.php\/wp-json\/wp\/v2\/posts\/45691\/revisions\/45692"}],"wp:attachment":[{"href":"https:\/\/gazdasagportal.hu\/index.php\/wp-json\/wp\/v2\/media?parent=45691"}],"wp:term":[{"taxonomy":"category","embeddable":true,"href":"https:\/\/gazdasagportal.hu\/index.php\/wp-json\/wp\/v2\/categories?post=45691"},{"taxonomy":"post_tag","embeddable":true,"href":"https:\/\/gazdasagportal.hu\/index.php\/wp-json\/wp\/v2\/tags?post=45691"}],"curies":[{"name":"wp","href":"https:\/\/api.w.org\/{rel}","templated":true}]}}