{"id":45581,"date":"2014-09-26T08:35:13","date_gmt":"2014-09-26T06:35:13","guid":{"rendered":"http:\/\/stockportal.hu\/?p=45581"},"modified":"2014-09-26T09:21:46","modified_gmt":"2014-09-26T07:21:46","slug":"elzartuk-a-gazcsapot-ukrajna-fele","status":"publish","type":"post","link":"https:\/\/gazdasagportal.hu\/index.php\/elzartuk-a-gazcsapot-ukrajna-fele\/","title":{"rendered":"K\u00e9sz, v\u00e9ge, elz\u00e1rtuk a g\u00e1zcsapot Ukrajna fel\u00e9"},"content":{"rendered":"<p><strong>A Naftogaz ukr\u00e1n g\u00e1zszolg\u00e1ltat\u00f3t v\u00e1ratlanul \u00e9rte az, hogy az FGSZ F\u00f6ldg\u00e1zsz\u00e1ll\u00edt\u00f3 Zrt. cs\u00fct\u00f6rt\u00f6k d\u00e9lut\u00e1n hat\u00e1rozatlan id\u0151re megszak\u00edtotta a Testv\u00e9ris\u00e9g vezet\u00e9kt\u0151l f\u00fcggetlen t\u00e1vvezet\u00e9ken kereszt\u00fcl t\u00f6rt\u00e9n\u0151 f\u00f6ldg\u00e1zsz\u00e1ll\u00edt\u00e1st Ukrajna fel\u00e9.<\/strong><!--more--><br \/>\n<div class=\"ads-in-post1\"><div id=\"gazdasagportal.hu_fullbanner_wideboard\"><\/div>\r\n<\/div>\n<p><a href=\"http:\/\/stockportal.hu\/wp-content\/uploads\/2014\/09\/gazcsap.jpg\" target=\"_blank\" rel=\"noopener\"><img decoding=\"async\" loading=\"lazy\" class=\"alignleft size-medium wp-image-45590\" alt=\"gazcsap\" src=\"http:\/\/stockportal.hu\/wp-content\/uploads\/2014\/09\/gazcsap-300x199.jpg\" width=\"300\" height=\"199\" srcset=\"https:\/\/gazdasagportal.hu\/wp-content\/uploads\/2014\/09\/gazcsap-300x199.jpg 300w, https:\/\/gazdasagportal.hu\/wp-content\/uploads\/2014\/09\/gazcsap.jpg 772w\" sizes=\"(max-width: 300px) 100vw, 300px\" \/><\/a>Az ukr\u00e1n v\u00e1llalat az MTI-nek k\u00fcld\u00f6tt k\u00f6zlem\u00e9ny\u00e9ben azt \u00edrta: nem tudta el\u00e9rni a magyar g\u00e1zsz\u00e1ll\u00edt\u00f3t, hogy t\u00e1j\u00e9koztat\u00e1st kapjon t\u0151le a g\u00e1zsz\u00e1ll\u00edt\u00e1s le\u00e1ll\u00e1s\u00e1nak okair\u00f3l \u00e9s id\u0151tartam\u00e1r\u00f3l, \u00e9s tudom\u00e1suk szerint a nyugat-eur\u00f3pai g\u00e1zszolg\u00e1ltat\u00f3k sem kaptak az FGSZ-t\u0151l semmilyen &#8222;meggy\u0151z\u0151&#8221; magyar\u00e1zatot az int\u00e9zked\u00e9sre.<br \/>\nA Naftogaz sajn\u00e1lat\u00e1t fejezte ki az FGSZ d\u00f6nt\u00e9se miatt, \u00e9s felsz\u00f3l\u00edtotta a magyar partnerv\u00e1llalatot, hogy tartsa tiszteletben a szerz\u0151d\u00e9sb\u0151l fakad\u00f3 k\u00f6telezetts\u00e9geit, illetve az uni\u00f3s jogszab\u00e1lyokat. Szerint\u00fck a d\u00f6nt\u00e9s ellent\u00e9tben \u00e1ll az Eur\u00f3pai Uni\u00f3 egys\u00e9ges energiapiaci alapelveivel.<br \/>\nAz ukr\u00e1n c\u00e9g k\u00f6zlem\u00e9ny\u00e9ben eml\u00e9keztet arra, hogy a le\u00e1ll\u00e1s n\u00e9h\u00e1ny nappal Orb\u00e1n Viktor magyar minisztereln\u00f6k \u00e9s Alekszej Miller, a Gazprom vez\u00e9rigazgat\u00f3j\u00e1nak h\u00e9tf\u0151i budapesti t\u00e1rgyal\u00e1sa ut\u00e1n, illetve n\u00e9h\u00e1ny \u00f3r\u00e1val a h\u00e1romoldal\u00fa ukr\u00e1n-orosz-EU g\u00e1zt\u00e1rgyal\u00e1sok \u00fajabb berlini fordul\u00f3ja el\u0151tt t\u00f6rt\u00e9nt.<br \/>\n&#8222;Sem az EU-tagorsz\u00e1gok, sem Ukrajna nem helyezhet\u0151 politikai nyom\u00e1sgyakorl\u00e1s al\u00e1 energi\u00e1val val\u00f3 zsarol\u00e1s r\u00e9v\u00e9n&#8221; &#8211; sz\u00f6gezt\u00e9k le ezzel kapcsolatban, rem\u00e9ny\u00fcket fejezve ki egyben: a hirtelen le\u00e1ll\u00e1snak nem lesznek v\u00e1ratlan hat\u00e1sai az ukr\u00e1n g\u00e1ztranzitrendszer stabilit\u00e1s\u00e1ra.<br \/>\nAz FGSZ F\u00f6ldg\u00e1zsz\u00e1ll\u00edt\u00f3 Zrt. cs\u00fct\u00f6rt\u00f6k este k\u00f6z\u00f6lte az MTI-vel, hogy hat\u00e1rozatlan id\u0151re megszak\u00edtotta az Ukrajna fel\u00e9, a Testv\u00e9ris\u00e9g vezet\u00e9kt\u0151l f\u00fcggetlen t\u00e1vvezet\u00e9ken kereszt\u00fcl t\u00f6rt\u00e9n\u0151 f\u00f6ldg\u00e1zsz\u00e1ll\u00edt\u00e1st aznap d\u00e9lut\u00e1n, a sz\u00e1ll\u00edt\u00e1s szeptember 25-\u00e9n 18 \u00f3r\u00e1t\u00f3l le\u00e1llt.<br \/>\nA k\u00f6zlem\u00e9ny szerint az elrendelt megszak\u00edt\u00e1s oka, hogy a rendszerhaszn\u00e1l\u00f3k \u00e9rtes\u00edt\u00e9se szerint a szeptember 26-i g\u00e1znapt\u00f3l kezd\u0151d\u0151en jelent\u0151sen megn\u0151 a besz\u00e1ll\u00edt\u00e1si ig\u00e9ny. Az ell\u00e1t\u00e1sbiztons\u00e1g \u00e9s a h\u00e1l\u00f3zati egyens\u00faly fenntart\u00e1sa \u00e9rdek\u00e9ben a beregdar\u00f3ci csom\u00f3pont kapcsol\u00e1s\u00e1t \u00e1t kell alak\u00edtani olyan m\u00f3don, hogy a csom\u00f3ponthoz kapcsol\u00f3d\u00f3 valamennyi t\u00e1vvezet\u00e9k az orsz\u00e1g belseje fel\u00e9 t\u00f6rt\u00e9n\u0151 sz\u00e1ll\u00edt\u00e1sra legyen alkalmas.<br \/>\nAz FGSZ F\u00f6ldg\u00e1zsz\u00e1ll\u00edt\u00f3 Zrt. felh\u00edvta a figyelmet arra, hogy 2013 m\u00e1rciusa \u00f3ta az Ukrajn\u00e1ba ir\u00e1nyul\u00f3 sz\u00e1ll\u00edt\u00e1shoz rendelkez\u00e9sre \u00e1ll\u00f3, \u00e9ves szinten 6,1 milli\u00e1rd k\u00f6bm\u00e9ter &#8211; napi szinten 16,8 milli\u00f3 k\u00f6bm\u00e9ter &#8211; mennyis\u00e9g\u0171 f\u00f6ldg\u00e1z kisz\u00e1ll\u00edt\u00e1s\u00e1t lehet\u0151v\u00e9 t\u00e9v\u0151 kapacit\u00e1st a mindenkori technikai \u00e9s kereskedelmi felt\u00e9telek f\u00fcggv\u00e9ny\u00e9ben, megszak\u00edthat\u00f3 m\u00f3don, teh\u00e1t nem garant\u00e1ltan biztos\u00edtotta.<br \/>\nA Nemzeti Fejleszt\u00e9si Miniszt\u00e9rium (NFM) ugyancsak cs\u00fct\u00f6rt\u00f6k este k\u00f6z\u00f6lte az MTI-vel: a korm\u00e1ny tov\u00e1bbi int\u00e9zked\u00e9seket tesz a magyar lakoss\u00e1g biztons\u00e1gos g\u00e1zell\u00e1t\u00e1sa \u00e9rdek\u00e9ben, p\u00e9ntekt\u0151l tov\u00e1bb n\u00f6veli a Magyarorsz\u00e1gra ir\u00e1nyul\u00f3 g\u00e1z besz\u00e1ll\u00edt\u00e1s\u00e1t, hogy felgyors\u00edtsa a t\u00e9lre val\u00f3 felk\u00e9sz\u00fcl\u00e9st.<br \/>\nA k\u00f6zlem\u00e9ny szerint a magyar g\u00e1zt\u00e1rol\u00f3k felt\u00f6lt\u00e9se az els\u0151dleges, mindent megel\u0151z\u0151 c\u00e9l.<br \/>\nHangs\u00falyozz\u00e1k, hogy a f\u00f6ldg\u00e1zsz\u00e1ll\u00edt\u00e1s az orosz-ukr\u00e1n konfliktus ellen\u00e9re zavartalan. Az orsz\u00e1g g\u00e1zell\u00e1t\u00e1sa biztos\u00edtott, a biztons\u00e1gi g\u00e1zk\u00e9szlet nagys\u00e1ga az el\u0151\u00edr\u00e1soknak megfelel\u0151, a t\u00e1rol\u00f3k t\u00f6lt\u00f6tts\u00e9gi szintje jelenleg 56,6 sz\u00e1zal\u00e9kon \u00e1ll \u00e9s a bet\u00e1rol\u00e1s mostant\u00f3l felgyorsul.(MTI)<\/p>\n","protected":false},"excerpt":{"rendered":"<p>A Naftogaz ukr\u00e1n g\u00e1zszolg\u00e1ltat\u00f3t v\u00e1ratlanul \u00e9rte az, hogy az FGSZ F\u00f6ldg\u00e1zsz\u00e1ll\u00edt\u00f3 Zrt. cs\u00fct\u00f6rt\u00f6k d\u00e9lut\u00e1n hat\u00e1rozatlan id\u0151re megszak\u00edtotta a Testv\u00e9ris\u00e9g vezet\u00e9kt\u0151l f\u00fcggetlen t\u00e1vvezet\u00e9ken kereszt\u00fcl t\u00f6rt\u00e9n\u0151 f\u00f6ldg\u00e1zsz\u00e1ll\u00edt\u00e1st Ukrajna fel\u00e9.<\/p>\n","protected":false},"author":1,"featured_media":45590,"comment_status":"open","ping_status":"closed","sticky":false,"template":"","format":"standard","meta":[],"categories":[19],"tags":[],"_links":{"self":[{"href":"https:\/\/gazdasagportal.hu\/index.php\/wp-json\/wp\/v2\/posts\/45581"}],"collection":[{"href":"https:\/\/gazdasagportal.hu\/index.php\/wp-json\/wp\/v2\/posts"}],"about":[{"href":"https:\/\/gazdasagportal.hu\/index.php\/wp-json\/wp\/v2\/types\/post"}],"author":[{"embeddable":true,"href":"https:\/\/gazdasagportal.hu\/index.php\/wp-json\/wp\/v2\/users\/1"}],"replies":[{"embeddable":true,"href":"https:\/\/gazdasagportal.hu\/index.php\/wp-json\/wp\/v2\/comments?post=45581"}],"version-history":[{"count":4,"href":"https:\/\/gazdasagportal.hu\/index.php\/wp-json\/wp\/v2\/posts\/45581\/revisions"}],"predecessor-version":[{"id":45593,"href":"https:\/\/gazdasagportal.hu\/index.php\/wp-json\/wp\/v2\/posts\/45581\/revisions\/45593"}],"wp:featuredmedia":[{"embeddable":true,"href":"https:\/\/gazdasagportal.hu\/index.php\/wp-json\/wp\/v2\/media\/45590"}],"wp:attachment":[{"href":"https:\/\/gazdasagportal.hu\/index.php\/wp-json\/wp\/v2\/media?parent=45581"}],"wp:term":[{"taxonomy":"category","embeddable":true,"href":"https:\/\/gazdasagportal.hu\/index.php\/wp-json\/wp\/v2\/categories?post=45581"},{"taxonomy":"post_tag","embeddable":true,"href":"https:\/\/gazdasagportal.hu\/index.php\/wp-json\/wp\/v2\/tags?post=45581"}],"curies":[{"name":"wp","href":"https:\/\/api.w.org\/{rel}","templated":true}]}}