{"id":45577,"date":"2014-09-26T08:29:11","date_gmt":"2014-09-26T06:29:11","guid":{"rendered":"http:\/\/stockportal.hu\/?p=45577"},"modified":"2014-09-26T08:29:51","modified_gmt":"2014-09-26T06:29:51","slug":"terrorizmus-tobb-mint-50-halottja-volt-egy-robbantas-sorozatnak","status":"publish","type":"post","link":"https:\/\/gazdasagportal.hu\/index.php\/terrorizmus-tobb-mint-50-halottja-volt-egy-robbantas-sorozatnak\/","title":{"rendered":"Terrorizmus -T\u00f6bb mint 50 halottja van a robbant\u00e1s-sorozatnak"},"content":{"rendered":"<p><strong>T\u00f6bb mint 50 ember, k\u00f6zt\u00fck negyven l\u00e1zad\u00f3 halt meg az \u00e9szaknyugat-k\u00ednai Hszincsiangban elk\u00f6vetett robbant\u00e1sok, illetve a rend\u0151rs\u00e9g fell\u00e9p\u00e9se k\u00f6vetkezt\u00e9ben, a s\u00e9r\u00fcltek sz\u00e1ma ugyancsak meghaladja a f\u00e9lsz\u00e1zat &#8211; t\u00e1j\u00e9koztatott a k\u00ednai \u00e1llami m\u00e9dia p\u00e9nteken.<\/strong><!--more--><br \/>\n<div class=\"ads-in-post1\"><div id=\"gazdasagportal.hu_fullbanner_wideboard\"><\/div>\r\n<\/div>\n<p>    A Hszinhua h\u00edr\u00fcgyn\u00f6ks\u00e9g a Tianshan nev\u0171 hszincsiangi h\u00edrport\u00e1lra hivatkozva arr\u00f3l sz\u00e1molt be, hogy m\u00e9g vas\u00e1rnap d\u00e9lut\u00e1n Luntaj megy\u00e9ben \u00f6t \u00f3ra k\u00f6r\u00fcl n\u00e9gy robban\u00e1s t\u00f6rt\u00e9nt: egy \u00fczlethelyis\u00e9gben, egy szabadt\u00e9ri piacon \u00e9s k\u00e9t rend\u0151r\u0151sn\u00e9l. Az \u00e1ldozatok k\u00f6z\u00f6tt hat polg\u00e1ri szem\u00e9ly, k\u00e9t rend\u0151r \u00e9s k\u00e9t seg\u00e9drend\u0151r is volt. Az 54 sebes\u00fcltb\u0151l 32-en ujgur nemzetis\u00e9g\u0171ek. K\u00e9t t\u00e1mad\u00f3t elfogtak.<br \/>\n    A helyi rend\u0151rs\u00e9g k\u00f6zl\u00e9se szerint &#8222;szervezett, s\u00falyos&#8221; terrort\u00e1mad\u00e1sokr\u00f3l volt sz\u00f3. Az eddigi nyomoz\u00e1s azt \u00e1llap\u00edtotta meg, hogy a csoport vezet\u0151je, Mamat Turszun, aki az \u00f6sszecsap\u00e1sban meghalt, 2003 \u00f3ta ismert sz\u00e9ls\u0151s\u00e9ges viselked\u00e9s\u00e9r\u0151l \u00e9s egy \u00e9p\u00edtkez\u00e9sen toborozta csoportj\u00e1ba az embereket.<br \/>\n    K\u00edn\u00e1ban \u00e9s k\u00fcl\u00f6n\u00f6sen Hszincsiangban az elm\u00falt h\u00f3napokban terrorcselekm\u00e9nyek sor\u00e1t k\u00f6vett\u00e9k el, amelyeknek nagy sz\u00e1mban voltak civil \u00e1ldozatai. A hat\u00f3s\u00e1gok \u00e1ll\u00edt\u00e1sa szerint a t\u00e1mad\u00f3k helyi szakad\u00e1rok, vall\u00e1si sz\u00e9ls\u0151s\u00e9gesek.<br \/>\n    A rend\u0151rs\u00e9g a k\u00f6zelm\u00faltban a terrorellenes kamp\u00e1ny jegy\u00e9ben t\u00f6bb alkalommal is jelent\u0151s mennyis\u00e9g\u0171 robban\u00f3szert foglalt le, sz\u00e1zakat vettek \u0151rizetbe, a b\u00edr\u00f3s\u00e1gok gyors\u00edtott elj\u00e1r\u00e1sban hozz\u00e1k meg nem ritk\u00e1n igen s\u00falyos \u00edt\u00e9leteiket &#8222;terrorizmussal kapcsolatos \u00fcgyekben&#8221;. A helyi vezet\u00e9s \u00e9s Peking a n\u00f6vekv\u0151 sz\u00e1m\u00fa fegyveres akci\u00f3k\u00e9rt iszl\u00e1m sz\u00e9ls\u0151s\u00e9geseket, a ter\u00fclet elszakad\u00e1s\u00e1t hirdet\u0151 k\u00fclf\u00f6ldi er\u0151ket tesz felel\u0151ss\u00e9.<br \/>\n    A t\u00f6r\u00f6kkel rokon nyelvet besz\u00e9l\u0151 ujgur n\u00e9pcsoport tagjai, a t\u00e9rs\u00e9g \u0151slakosai a k\u00f6r\u00fclbel\u00fcl 22 milli\u00f3s, nagyr\u00e9szt elmaradott Hszincsiang n\u00e9pess\u00e9g\u00e9nek megk\u00f6zel\u00edt\u0151en 45-50 sz\u00e1zal\u00e9k\u00e1t adj\u00e1k. Az \u00e9szaknyugat-k\u00ednai r\u00e9gi\u00f3 K\u00edna ter\u00fclet\u00e9nek k\u00f6r\u00fclbel\u00fcl egy hatod\u00e1t teszi ki, \u00e9s nyolc orsz\u00e1ggal, k\u00f6zt\u00fck Pakiszt\u00e1nnal \u00e9s Afganiszt\u00e1nnal hat\u00e1ros.(MTI)<\/p>\n","protected":false},"excerpt":{"rendered":"<p>T\u00f6bb mint 50 ember, k\u00f6zt\u00fck negyven l\u00e1zad\u00f3 halt meg az \u00e9szaknyugat-k\u00ednai Hszincsiangban elk\u00f6vetett robbant\u00e1sok, illetve a rend\u0151rs\u00e9g fell\u00e9p\u00e9se k\u00f6vetkezt\u00e9ben, a s\u00e9r\u00fcltek sz\u00e1ma ugyancsak meghaladja a f\u00e9lsz\u00e1zat &#8211; t\u00e1j\u00e9koztatott a k\u00ednai \u00e1llami m\u00e9dia p\u00e9nteken.<\/p>\n","protected":false},"author":1,"featured_media":0,"comment_status":"open","ping_status":"closed","sticky":false,"template":"","format":"standard","meta":[],"categories":[14],"tags":[],"_links":{"self":[{"href":"https:\/\/gazdasagportal.hu\/index.php\/wp-json\/wp\/v2\/posts\/45577"}],"collection":[{"href":"https:\/\/gazdasagportal.hu\/index.php\/wp-json\/wp\/v2\/posts"}],"about":[{"href":"https:\/\/gazdasagportal.hu\/index.php\/wp-json\/wp\/v2\/types\/post"}],"author":[{"embeddable":true,"href":"https:\/\/gazdasagportal.hu\/index.php\/wp-json\/wp\/v2\/users\/1"}],"replies":[{"embeddable":true,"href":"https:\/\/gazdasagportal.hu\/index.php\/wp-json\/wp\/v2\/comments?post=45577"}],"version-history":[{"count":3,"href":"https:\/\/gazdasagportal.hu\/index.php\/wp-json\/wp\/v2\/posts\/45577\/revisions"}],"predecessor-version":[{"id":45580,"href":"https:\/\/gazdasagportal.hu\/index.php\/wp-json\/wp\/v2\/posts\/45577\/revisions\/45580"}],"wp:attachment":[{"href":"https:\/\/gazdasagportal.hu\/index.php\/wp-json\/wp\/v2\/media?parent=45577"}],"wp:term":[{"taxonomy":"category","embeddable":true,"href":"https:\/\/gazdasagportal.hu\/index.php\/wp-json\/wp\/v2\/categories?post=45577"},{"taxonomy":"post_tag","embeddable":true,"href":"https:\/\/gazdasagportal.hu\/index.php\/wp-json\/wp\/v2\/tags?post=45577"}],"curies":[{"name":"wp","href":"https:\/\/api.w.org\/{rel}","templated":true}]}}