{"id":45569,"date":"2014-09-26T08:16:23","date_gmt":"2014-09-26T06:16:23","guid":{"rendered":"http:\/\/stockportal.hu\/?p=45569"},"modified":"2014-09-25T23:37:16","modified_gmt":"2014-09-25T21:37:16","slug":"ey-az-iden-tobb-mint-3-szazalekkal-bovulhet-a-magyar-gdp","status":"publish","type":"post","link":"https:\/\/gazdasagportal.hu\/index.php\/ey-az-iden-tobb-mint-3-szazalekkal-bovulhet-a-magyar-gdp\/","title":{"rendered":"EY: az id\u00e9n t\u00f6bb mint 3 sz\u00e1zal\u00e9kkal b\u0151v\u00fclhet a magyar GDP"},"content":{"rendered":"<p><strong>Tov\u00e1bb javultak a gazdas\u00e1gi kil\u00e1t\u00e1sok Magyarorsz\u00e1gon, a GDP-n\u00f6veked\u00e9se a h\u00e1rom sz\u00e1zal\u00e9kot is meghaladhatja id\u00e9n, az eur\u00f3z\u00f3n\u00e1ban ugyanakkor lass\u00fabb felfut\u00e1s v\u00e1rhat\u00f3, 2014-ben egy sz\u00e1zal\u00e9k alatt marad az \u00e9ves b\u0151v\u00fcl\u00e9s &#8211; der\u00fcl ki az EY legfrissebb negyed\u00e9ves Eur\u00f3z\u00f3na El\u0151rejelz\u00e9s\u00e9b\u0151l.<\/strong><!--more--><br \/>\n<div class=\"ads-in-post1\"><div id=\"gazdasagportal.hu_fullbanner_wideboard\"><\/div>\r\n<\/div>\n<p>    Havas Istv\u00e1n az EY vez\u00e9rigazgat\u00f3ja a c\u00e9g k\u00f6zlem\u00e9ny\u00e9ben kifejtette: m\u00e1r a c\u00e9g el\u0151z\u0151 k\u00e9t negyed\u00e9ves el\u0151rejelz\u00e9se is r\u00e1mutatott, hogy id\u00e9n nagyon dinamikusan n\u00f6vekszik a magyar gazdas\u00e1g. Legfrissebb progn\u00f3zisukban a ny\u00e1ri 2,9 sz\u00e1zal\u00e9kos n\u00f6veked\u00e9si kil\u00e1t\u00e1st 3,3 sz\u00e1zal\u00e9kra m\u00f3dos\u00edtott\u00e1k, amely 2006 \u00f3ta az eddigi legjobb teljes\u00edtm\u00e9nynek sz\u00e1m\u00edt.<br \/>\n    A felfut\u00e1s alapj\u00e1t egyebek mellett a kedvez\u0151 monet\u00e1ris politika, a pozit\u00edv vil\u00e1ggazdas\u00e1gi kil\u00e1t\u00e1sok \u00e9s a b\u0151v\u00fcl\u0151 lakoss\u00e1gi fogyaszt\u00e1s adja. A kock\u00e1zatok k\u00f6z\u00f6tt a gyenge forintot, a korm\u00e1nyzati fisk\u00e1lis szigor\u00edt\u00e1sok kil\u00e1t\u00e1sba helyez\u00e9s\u00e9t valamint a vil\u00e1gpolitikai t\u00e9nyez\u0151k gazdas\u00e1gra gyakorolt hat\u00e1sait eml\u00edti az el\u0151rejelz\u00e9s.<br \/>\n    A jelent\u00e9s r\u00e1mutat arra, hogy a magyar gazdas\u00e1g teljes\u00edtm\u00e9nye a k\u00f6vetkez\u0151 k\u00e9t \u00e9vben is az \u00e1tlagosn\u00e1l jobb lesz, a gazdas\u00e1gi n\u00f6veked\u00e9s azonban az idei rekord\u00e9vhez k\u00e9pest alacsonyabb m\u00e9rt\u00e9k\u0171, 2,2 sz\u00e1zal\u00e9kos lehet.<br \/>\n    Az eur\u00f3z\u00f3n\u00e1ban a kor\u00e1bbin\u00e1l lassabb GDP-b\u0151v\u00fcl\u00e9sre lehet sz\u00e1m\u00edtani az EY el\u0151rejelz\u00e9se szerint, 2014-ben 0,9 sz\u00e1zal\u00e9k, j\u00f6v\u0151re azonban m\u00e1r 1,5, 2016-ban pedig 1,7 sz\u00e1zal\u00e9kos b\u0151v\u00fcl\u00e9ssel sz\u00e1mol a jelent\u00e9s. A n\u00f6veked\u00e9s alapj\u00e1t a beruh\u00e1z\u00e1sok felfut\u00e1sa, a k\u00fcls\u0151 kereslet b\u0151v\u00fcl\u00e9se \u00e9s a gyenge eur\u00f3 k\u00edn\u00e1lta versenyel\u0151ny adhatja.<br \/>\n    Pozit\u00edv fordulat, hogy a munkan\u00e9lk\u00fcliek ar\u00e1ny\u00e1nak n\u00f6veked\u00e9se meg\u00e1llt az eur\u00f3z\u00f3n\u00e1ban. Az \u00e1ll\u00e1skeres\u0151k sz\u00e1ma azonban csak lassan fog cs\u00f6kkeni a k\u00f6vetkez\u0151 \u00e9vekben, ar\u00e1nyuk 2016 v\u00e9g\u00e9re is csak 10,6 sz\u00e1zal\u00e9kra m\u00e9rs\u00e9kl\u0151dhet. Szint\u00e9n bizalomra ad okot, hogy visszafogottan, de folyamatosan b\u0151v\u00fcl a lakoss\u00e1gi fogyaszt\u00e1s: id\u00e9n 0,8 sz\u00e1zal\u00e9k, 2015-ben 1 sz\u00e1zal\u00e9k, 2016-ban 1,4 sz\u00e1zal\u00e9k lehet a n\u00f6veked\u00e9s m\u00e9rt\u00e9ke &#8211; mutat r\u00e1 a jelent\u00e9s.<br \/>\n    A legnagyobb m\u00e9rt\u00e9k\u0171, 1,4 sz\u00e1zal\u00e9kos b\u0151v\u00fcl\u00e9sre a kommunik\u00e1ci\u00f3s szektorban lehet sz\u00e1m\u00edtani id\u00e9n. Ezt k\u00f6veti az \u00e9p\u00edt\u0151ipar 1,1 sz\u00e1zal\u00e9kos, majd a feldolgoz\u00f3ipar \u00e9s a p\u00e9nz\u00fcgyi szektor 1-1 sz\u00e1zal\u00e9kos felfut\u00e1ssal.<br \/>\n    A negyed\u00e9vente k\u00f6zz\u00e9tett EY Eur\u00f3z\u00f3na El\u0151rejelz\u00e9s az Oxford Economics-szal egy\u00fcttm\u0171k\u00f6d\u00e9sben k\u00e9sz\u00fclt, az Eur\u00f3pai K\u00f6zponti Bank modelljein alapul\u00f3 jelent\u00e9s.(MTI)<\/p>\n","protected":false},"excerpt":{"rendered":"<p>Tov\u00e1bb javultak a gazdas\u00e1gi kil\u00e1t\u00e1sok Magyarorsz\u00e1gon, a GDP-n\u00f6veked\u00e9se a h\u00e1rom sz\u00e1zal\u00e9kot is meghaladhatja id\u00e9n, az eur\u00f3z\u00f3n\u00e1ban ugyanakkor lass\u00fabb felfut\u00e1s v\u00e1rhat\u00f3, 2014-ben egy sz\u00e1zal\u00e9k alatt marad az \u00e9ves b\u0151v\u00fcl\u00e9s &#8211; der\u00fcl ki az EY legfrissebb negyed\u00e9ves Eur\u00f3z\u00f3na El\u0151rejelz\u00e9s\u00e9b\u0151l.<\/p>\n","protected":false},"author":1,"featured_media":19066,"comment_status":"open","ping_status":"closed","sticky":false,"template":"","format":"standard","meta":[],"categories":[146,19],"tags":[],"_links":{"self":[{"href":"https:\/\/gazdasagportal.hu\/index.php\/wp-json\/wp\/v2\/posts\/45569"}],"collection":[{"href":"https:\/\/gazdasagportal.hu\/index.php\/wp-json\/wp\/v2\/posts"}],"about":[{"href":"https:\/\/gazdasagportal.hu\/index.php\/wp-json\/wp\/v2\/types\/post"}],"author":[{"embeddable":true,"href":"https:\/\/gazdasagportal.hu\/index.php\/wp-json\/wp\/v2\/users\/1"}],"replies":[{"embeddable":true,"href":"https:\/\/gazdasagportal.hu\/index.php\/wp-json\/wp\/v2\/comments?post=45569"}],"version-history":[{"count":1,"href":"https:\/\/gazdasagportal.hu\/index.php\/wp-json\/wp\/v2\/posts\/45569\/revisions"}],"predecessor-version":[{"id":45570,"href":"https:\/\/gazdasagportal.hu\/index.php\/wp-json\/wp\/v2\/posts\/45569\/revisions\/45570"}],"wp:featuredmedia":[{"embeddable":true,"href":"https:\/\/gazdasagportal.hu\/index.php\/wp-json\/wp\/v2\/media\/19066"}],"wp:attachment":[{"href":"https:\/\/gazdasagportal.hu\/index.php\/wp-json\/wp\/v2\/media?parent=45569"}],"wp:term":[{"taxonomy":"category","embeddable":true,"href":"https:\/\/gazdasagportal.hu\/index.php\/wp-json\/wp\/v2\/categories?post=45569"},{"taxonomy":"post_tag","embeddable":true,"href":"https:\/\/gazdasagportal.hu\/index.php\/wp-json\/wp\/v2\/tags?post=45569"}],"curies":[{"name":"wp","href":"https:\/\/api.w.org\/{rel}","templated":true}]}}