{"id":45533,"date":"2014-09-26T03:44:14","date_gmt":"2014-09-26T01:44:14","guid":{"rendered":"http:\/\/stockportal.hu\/?p=45533"},"modified":"2014-09-25T23:14:03","modified_gmt":"2014-09-25T21:14:03","slug":"iszlam-allam-london-szerint-torvenyes-lenne-a-brit-katonai-beavatkozas-irakban","status":"publish","type":"post","link":"https:\/\/gazdasagportal.hu\/index.php\/iszlam-allam-london-szerint-torvenyes-lenne-a-brit-katonai-beavatkozas-irakban\/","title":{"rendered":"Iszl\u00e1m \u00c1llam &#8211; London szerint t\u00f6rv\u00e9nyes lenne a brit katonai beavatkoz\u00e1s Irakban"},"content":{"rendered":"<p><strong>T\u00f6rv\u00e9nyes lenne Nagy-Britannia bekapcsol\u00f3d\u00e1sa az Iszl\u00e1m \u00c1llam nev\u0171 sz\u00e9ls\u0151s\u00e9ges szervezet elleni nemzetk\u00f6zi hadm\u0171veletbe &#8211; erre a meg\u00e1llap\u00edt\u00e1sra jutott cs\u00fct\u00f6rt\u00f6k esti \u00fcl\u00e9s\u00e9n a brit korm\u00e1ny bels\u0151 kabinetje.<\/strong><!--more--><br \/>\n<div class=\"ads-in-post1\"><div id=\"gazdasagportal.hu_fullbanner_wideboard\"><\/div>\r\n<\/div>\n<p>    A korm\u00e1ny\u00fcl\u00e9sen, amelyen r\u00e9szt vett Sir Nicholas Houghton t\u00e1bornok, a brit fegyveres er\u0151k vez\u00e9rkari f\u0151n\u00f6ke is, azt az ind\u00edtv\u00e1nyt \u00e1ll\u00edtott\u00e1k \u00f6ssze, amelyet a kabinet a londoni als\u00f3h\u00e1z p\u00e9ntekre ez \u00fcgyben \u00f6sszeh\u00edvott rendk\u00edv\u00fcli \u00fcl\u00e9s\u00e9re terjeszt be, k\u00e9rve a t\u00f6rv\u00e9nyhoz\u00e1s hozz\u00e1j\u00e1rul\u00e1s\u00e1t az iraki brit l\u00e9gi hadm\u0171veletek elkezd\u00e9s\u00e9hez.<br \/>\n    A javaslat lesz\u00f6gezi, hogy a brit katonai beavatkoz\u00e1s nem terjedne ki az Iszl\u00e1m \u00c1llam sz\u00edriai \u00e1ll\u00e1saira; ha a korm\u00e1ny r\u00e9sz\u00e9r\u0151l ilyen ind\u00edtv\u00e1ny \u00e9rkezne, annak j\u00f3v\u00e1hagy\u00e1s\u00e1hoz \u00fajabb parlamenti szavaz\u00e1sra lenne sz\u00fcks\u00e9g.<br \/>\n    A kabinet \u00e1ll\u00e1sfoglal\u00e1sa hangs\u00falyozza azt is, hogy Nagy-Britannia nem vetne be sz\u00e1razf\u00f6ldi egys\u00e9geket az iraki harci m\u0171veletekben.<br \/>\n    Az ind\u00edtv\u00e1ny sz\u00f6vege szerint a katonai er\u0151 alkalmaz\u00e1sa a nemzetk\u00f6zi kapcsolatokban a nemzetk\u00f6zi jog alapj\u00e1n alapesetben tilos, \u00e1m ez a tilalom nem \u00e9rv\u00e9nyes\u00fcl, ha a fegyveres beavatkoz\u00e1st egy m\u00e1sik \u00e1llam saj\u00e1t ter\u00fclet\u00e9re vonatkoz\u00f3an maga k\u00e9ri.<br \/>\n    A brit korm\u00e1ny beterjeszt\u00e9se szerint az iraki korm\u00e1ny ilyen ir\u00e1ny\u00fa k\u00e9r\u00e9se megteremti az iraki brit hadm\u0171veletek egy\u00e9rtelm\u0171 t\u00f6rv\u00e9nyess\u00e9gi alapj\u00e1t. Ennek figyelembe v\u00e9tel\u00e9vel a korm\u00e1ny k\u00e9ri a parlament t\u00e1mogat\u00e1s\u00e1t a brit l\u00e9gi m\u0171veletek elkezd\u00e9s\u00e9hez.<br \/>\n    David Cameron brit minisztereln\u00f6k m\u00e1r el\u0151z\u0151 este kijelentette a BBC-nek, hogy London hivatalos felk\u00e9r\u00e9st kapott Irakt\u00f3l a seg\u00edts\u00e9gny\u00fajt\u00e1sra, \u00e9s ennek alapj\u00e1n \u0151 k\u00e9rte a p\u00e9nteki rendk\u00edv\u00fcli parlamenti \u00fcl\u00e9s \u00f6sszeh\u00edv\u00e1s\u00e1t annak \u00e9rdek\u00e9ben, hogy Nagy-Britannia bekapcsol\u00f3dhasson a katonai m\u0171veletekbe. Cameron is hangs\u00falyozta ugyanakkor, hogy brit sz\u00e1razf\u00f6ldi alakulatok iraki bevet\u00e9s\u00e9r\u0151l nincs sz\u00f3.<br \/>\n    Nagy-Britannia eddig nem vett r\u00e9szt a Sz\u00edri\u00e1ban \u00e9s Irakban el\u0151ret\u00f6r\u0151 dzsih\u00e1dista szervezet ellen amerikai vezet\u00e9ssel m\u00e1r megindult l\u00e9gi hadm\u0171veletekben.<br \/>\n    A brit parlament jelenleg sz\u00fcnet\u00e9t t\u00f6lti, tekintettel a parlamenti p\u00e1rtok ilyenkor esed\u00e9kes \u00e9ves kongresszusi szezonj\u00e1ra.<br \/>\n    Cameron is lesz\u00f6gezte, hogy a p\u00e9nteki parlamenti vita \u00e9s szavaz\u00e1s egyel\u0151re az iraki hadm\u0171veleti r\u00e9szv\u00e9telr\u0151l sz\u00f3l, \u00e9s ha felmer\u00fcl az a k\u00e9rd\u00e9s, hogy Nagy-Britannia r\u00e9szt vegyen-e a sz\u00edriai c\u00e9lpontok elleni t\u00e1mad\u00e1sokban, arr\u00f3l k\u00fcl\u00f6n parlamenti vit\u00e1t \u00e9s szavaz\u00e1st kell majd tartani.<br \/>\n    Michael Fallon brit v\u00e9delmi miniszter ugyanakkor m\u00e1r egyenes utal\u00e1st tett arra, hogy ha Nagy-Britannia bekapcsol\u00f3dik az Iszl\u00e1m \u00c1llam elleni l\u00e9gi hadm\u0171veletekbe, akkor sz\u00edriai c\u00e9lpontokra is csap\u00e1st m\u00e9rhet. Fallon a The Spectator c\u00edm\u0171, a korm\u00e1nyz\u00f3 brit Konzervat\u00edv P\u00e1rthoz k\u00f6zel\u00e1ll\u00f3 foly\u00f3irat e h\u00e9ten megjelent kiad\u00e1s\u00e1nak nyilatkozva \u00fagy fogalmazott: Irakot nemcsak hat\u00e1rain bel\u00fclr\u0151l t\u00e1madj\u00e1k a terrorist\u00e1k, hanem Sz\u00edria \u00e9szaki t\u00e9rs\u00e9geib\u0151l is, \u00e9s ha Sz\u00edria nem hajland\u00f3 vagy nem k\u00e9pes szembesz\u00e1llni az Iszl\u00e1m \u00c1llammal, akkor &#8222;legal\u00e1bbis k\u00e9rd\u00e9sk\u00e9nt felmer\u00fcl&#8221;, hogy ne Nagy-Britannia tegye-e ezt meg, Irakot seg\u00edtend\u0151.(MTI)<\/p>\n","protected":false},"excerpt":{"rendered":"<p>T\u00f6rv\u00e9nyes lenne Nagy-Britannia bekapcsol\u00f3d\u00e1sa az Iszl\u00e1m \u00c1llam nev\u0171 sz\u00e9ls\u0151s\u00e9ges szervezet elleni nemzetk\u00f6zi hadm\u0171veletbe &#8211; erre a meg\u00e1llap\u00edt\u00e1sra jutott cs\u00fct\u00f6rt\u00f6k esti \u00fcl\u00e9s\u00e9n a brit korm\u00e1ny bels\u0151 kabinetje.<\/p>\n","protected":false},"author":1,"featured_media":0,"comment_status":"open","ping_status":"closed","sticky":false,"template":"","format":"standard","meta":[],"categories":[16],"tags":[],"_links":{"self":[{"href":"https:\/\/gazdasagportal.hu\/index.php\/wp-json\/wp\/v2\/posts\/45533"}],"collection":[{"href":"https:\/\/gazdasagportal.hu\/index.php\/wp-json\/wp\/v2\/posts"}],"about":[{"href":"https:\/\/gazdasagportal.hu\/index.php\/wp-json\/wp\/v2\/types\/post"}],"author":[{"embeddable":true,"href":"https:\/\/gazdasagportal.hu\/index.php\/wp-json\/wp\/v2\/users\/1"}],"replies":[{"embeddable":true,"href":"https:\/\/gazdasagportal.hu\/index.php\/wp-json\/wp\/v2\/comments?post=45533"}],"version-history":[{"count":1,"href":"https:\/\/gazdasagportal.hu\/index.php\/wp-json\/wp\/v2\/posts\/45533\/revisions"}],"predecessor-version":[{"id":45534,"href":"https:\/\/gazdasagportal.hu\/index.php\/wp-json\/wp\/v2\/posts\/45533\/revisions\/45534"}],"wp:attachment":[{"href":"https:\/\/gazdasagportal.hu\/index.php\/wp-json\/wp\/v2\/media?parent=45533"}],"wp:term":[{"taxonomy":"category","embeddable":true,"href":"https:\/\/gazdasagportal.hu\/index.php\/wp-json\/wp\/v2\/categories?post=45533"},{"taxonomy":"post_tag","embeddable":true,"href":"https:\/\/gazdasagportal.hu\/index.php\/wp-json\/wp\/v2\/tags?post=45533"}],"curies":[{"name":"wp","href":"https:\/\/api.w.org\/{rel}","templated":true}]}}