{"id":45529,"date":"2014-09-23T03:11:27","date_gmt":"2014-09-23T01:11:27","guid":{"rendered":"http:\/\/stockportal.hu\/?p=45529"},"modified":"2014-09-25T23:12:07","modified_gmt":"2014-09-25T21:12:07","slug":"a-kormany-tovabb-noveli-a-gazellatas-biztonsagat","status":"publish","type":"post","link":"https:\/\/gazdasagportal.hu\/index.php\/a-kormany-tovabb-noveli-a-gazellatas-biztonsagat\/","title":{"rendered":"A korm\u00e1ny tov\u00e1bb n\u00f6veli a g\u00e1zell\u00e1t\u00e1s biztons\u00e1g\u00e1t"},"content":{"rendered":"<p><strong>A korm\u00e1ny tov\u00e1bbi int\u00e9zked\u00e9seket tesz a magyar lakoss\u00e1g biztons\u00e1gos g\u00e1zell\u00e1t\u00e1sa \u00e9rdek\u00e9ben: p\u00e9ntekt\u0151l tov\u00e1bb n\u00f6veli a Magyarorsz\u00e1gra ir\u00e1nyul\u00f3 g\u00e1z besz\u00e1ll\u00edt\u00e1s\u00e1t, hogy felgyors\u00edtsa a t\u00e9lre val\u00f3 felk\u00e9sz\u00fcl\u00e9st &#8211; k\u00f6z\u00f6lte a Nemzeti Fejleszt\u00e9si Miniszt\u00e9rium (NFM) cs\u00fct\u00f6rt\u00f6k este az MTI-vel.<\/strong><!--more--><br \/>\n<div class=\"ads-in-post1\"><div id=\"gazdasagportal.hu_fullbanner_wideboard\"><\/div>\r\n<\/div>\n<p>    K\u00f6zlem\u00e9ny\u00fck szerint a magyar g\u00e1zt\u00e1rol\u00f3k felt\u00f6lt\u00e9se az els\u0151dleges, mindent megel\u0151z\u0151 c\u00e9l.<br \/>\n    Hangs\u00falyozz\u00e1k, hogy a f\u00f6ldg\u00e1zsz\u00e1ll\u00edt\u00e1s az orosz-ukr\u00e1n konfliktus ellen\u00e9re zavartalan. Az orsz\u00e1g g\u00e1zell\u00e1t\u00e1sa biztos\u00edtott, a biztons\u00e1gi g\u00e1zk\u00e9szlet nagys\u00e1ga az el\u0151\u00edr\u00e1soknak megfelel\u0151, a t\u00e1rol\u00f3k t\u00f6lt\u00f6tts\u00e9gi szintje jelenleg 56,6 sz\u00e1zal\u00e9kon \u00e1ll \u00e9s a bet\u00e1rol\u00e1s mostant\u00f3l felgyorsul &#8211; olvashat\u00f3 a k\u00f6zlem\u00e9nyben.<br \/>\n    El\u0151z\u0151leg az FGSZ F\u00f6ldg\u00e1zsz\u00e1ll\u00edt\u00f3 Zrt. k\u00f6z\u00f6lte, hat\u00e1rozatlan id\u0151re megszak\u00edtotta az Ukrajna fel\u00e9, a Testv\u00e9ris\u00e9g vezet\u00e9kt\u0151l f\u00fcggetlen t\u00e1vvezet\u00e9ken kereszt\u00fcl t\u00f6rt\u00e9n\u0151 f\u00f6ldg\u00e1zsz\u00e1ll\u00edt\u00e1st cs\u00fct\u00f6rt\u00f6k\u00f6n d\u00e9lut\u00e1n. A t\u00e1j\u00e9koztat\u00e1s szerint az int\u00e9zked\u00e9s oka, hogy a rendszerhaszn\u00e1l\u00f3k \u00e9rtes\u00edt\u00e9se szerint szeptember 26-\u00e1t\u00f3l n\u0151 a besz\u00e1ll\u00edt\u00e1si ig\u00e9ny.(MTI)<\/p>\n","protected":false},"excerpt":{"rendered":"<p>A korm\u00e1ny tov\u00e1bbi int\u00e9zked\u00e9seket tesz a magyar lakoss\u00e1g biztons\u00e1gos g\u00e1zell\u00e1t\u00e1sa \u00e9rdek\u00e9ben: p\u00e9ntekt\u0151l tov\u00e1bb n\u00f6veli a Magyarorsz\u00e1gra ir\u00e1nyul\u00f3 g\u00e1z besz\u00e1ll\u00edt\u00e1s\u00e1t, hogy felgyors\u00edtsa a t\u00e9lre val\u00f3 felk\u00e9sz\u00fcl\u00e9st &#8211; k\u00f6z\u00f6lte a Nemzeti Fejleszt\u00e9si Miniszt\u00e9rium (NFM) cs\u00fct\u00f6rt\u00f6k este az MTI-vel.<\/p>\n","protected":false},"author":1,"featured_media":0,"comment_status":"open","ping_status":"closed","sticky":false,"template":"","format":"standard","meta":[],"categories":[19],"tags":[],"_links":{"self":[{"href":"https:\/\/gazdasagportal.hu\/index.php\/wp-json\/wp\/v2\/posts\/45529"}],"collection":[{"href":"https:\/\/gazdasagportal.hu\/index.php\/wp-json\/wp\/v2\/posts"}],"about":[{"href":"https:\/\/gazdasagportal.hu\/index.php\/wp-json\/wp\/v2\/types\/post"}],"author":[{"embeddable":true,"href":"https:\/\/gazdasagportal.hu\/index.php\/wp-json\/wp\/v2\/users\/1"}],"replies":[{"embeddable":true,"href":"https:\/\/gazdasagportal.hu\/index.php\/wp-json\/wp\/v2\/comments?post=45529"}],"version-history":[{"count":1,"href":"https:\/\/gazdasagportal.hu\/index.php\/wp-json\/wp\/v2\/posts\/45529\/revisions"}],"predecessor-version":[{"id":45530,"href":"https:\/\/gazdasagportal.hu\/index.php\/wp-json\/wp\/v2\/posts\/45529\/revisions\/45530"}],"wp:attachment":[{"href":"https:\/\/gazdasagportal.hu\/index.php\/wp-json\/wp\/v2\/media?parent=45529"}],"wp:term":[{"taxonomy":"category","embeddable":true,"href":"https:\/\/gazdasagportal.hu\/index.php\/wp-json\/wp\/v2\/categories?post=45529"},{"taxonomy":"post_tag","embeddable":true,"href":"https:\/\/gazdasagportal.hu\/index.php\/wp-json\/wp\/v2\/tags?post=45529"}],"curies":[{"name":"wp","href":"https:\/\/api.w.org\/{rel}","templated":true}]}}