{"id":45494,"date":"2014-09-25T11:46:37","date_gmt":"2014-09-25T09:46:37","guid":{"rendered":"http:\/\/stockportal.hu\/?p=45494"},"modified":"2014-09-25T11:46:37","modified_gmt":"2014-09-25T09:46:37","slug":"kulfoldi-sajto-magyarorszagrol-orban-viktorral-foglalkozott-a-deutschlandradio-kultur","status":"publish","type":"post","link":"https:\/\/gazdasagportal.hu\/index.php\/kulfoldi-sajto-magyarorszagrol-orban-viktorral-foglalkozott-a-deutschlandradio-kultur\/","title":{"rendered":"K\u00fclf\u00f6ldi sajt\u00f3 Magyarorsz\u00e1gr\u00f3l &#8211; Orb\u00e1n Viktorral foglalkozott a Deutschlandradio Kultur"},"content":{"rendered":"<p><strong>A Deutschlandradio Kultur n\u00e9met orsz\u00e1gos k\u00f6zszolg\u00e1lati r\u00e1di\u00f3 Orb\u00e1n Viktor korm\u00e1nyf\u0151 politikai tev\u00e9kenys\u00e9g\u00e9r\u0151l k\u00f6z\u00f6lt \u00f6ssze\u00e1ll\u00edt\u00e1st.<\/strong><!--more--><br \/>\n<div class=\"ads-in-post1\"><div id=\"gazdasagportal.hu_fullbanner_wideboard\"><\/div>\r\n<\/div>\n<p>A r\u00e1di\u00f3 Politikai t\u00e1rca c\u00edm\u0171 m\u0171sor\u00e1ban Orb\u00e1n Viktor permanens forradalma c\u00edmmel sug\u00e1rzott anyag szerz\u0151je, Krisztina Koenen kiemelte: kevesen \u00e9rtik a korm\u00e1nyf\u0151n\u00e9l jobban a magyarokra jellemz\u0151 \u00e9rz\u00e9svil\u00e1got, amelyben a magyars\u00e1g a nyelv\u00e9ben egyed\u00fcl, ellens\u00e9gekt\u0151l k\u00f6r\u00fclv\u00e9ve \u00e1ll\u00f3, az idegen uralom ellen \u00e9vsz\u00e1zadok \u00f3ta szabads\u00e1gharcot folytat\u00f3 \u00e1ldozatk\u00e9nt, de ugyanakkor a t\u00e9rs\u00e9g m\u00e1s n\u00e9peivel szemben f\u00f6l\u00e9nyben l\u00e9v\u0151 nemzetk\u00e9nt mutatkozik meg.<br \/>\nEbben a vil\u00e1gk\u00e9pben a kudarc\u00e9rt mindig valaki m\u00e1s felel\u0151s, a menekv\u00e9s pedig az er\u0151s \u00e1llamt\u00f3l rem\u00e9lhet\u0151, \u00e9s Orb\u00e1n Viktor mindezt meger\u0151s\u00edti szavaz\u00f3iban, amivel azt a j\u00f3les\u0151 \u00e9rz\u00e9st k\u00f6zvet\u00edti, hogy k\u00f6z\u00fcl\u00fck val\u00f3 &#8211; fejtette ki Krisztina Koenen. (MTI)<br \/>\n<strong><a title=\"Hely megnyit\u00e1sa\" href=\"http:\/\/www.deutschlandradiokultur.de\/ungarn-die-permanente-revolution-des-viktor-orban.1005.de.html?dram:article_id=298488\" target=\"_blank\" rel=\"noopener\">http:\/\/www.deutschlandradiokultur.de\/ungarn-die-permanente-revolution-des-viktor-orban.1005.de.html?dram:article_id=298488<\/a><\/strong><\/p>\n","protected":false},"excerpt":{"rendered":"<p>A Deutschlandradio Kultur n\u00e9met orsz\u00e1gos k\u00f6zszolg\u00e1lati r\u00e1di\u00f3 Orb\u00e1n Viktor korm\u00e1nyf\u0151 politikai tev\u00e9kenys\u00e9g\u00e9r\u0151l k\u00f6z\u00f6lt \u00f6ssze\u00e1ll\u00edt\u00e1st.<\/p>\n","protected":false},"author":1,"featured_media":0,"comment_status":"open","ping_status":"closed","sticky":false,"template":"","format":"standard","meta":[],"categories":[18],"tags":[],"_links":{"self":[{"href":"https:\/\/gazdasagportal.hu\/index.php\/wp-json\/wp\/v2\/posts\/45494"}],"collection":[{"href":"https:\/\/gazdasagportal.hu\/index.php\/wp-json\/wp\/v2\/posts"}],"about":[{"href":"https:\/\/gazdasagportal.hu\/index.php\/wp-json\/wp\/v2\/types\/post"}],"author":[{"embeddable":true,"href":"https:\/\/gazdasagportal.hu\/index.php\/wp-json\/wp\/v2\/users\/1"}],"replies":[{"embeddable":true,"href":"https:\/\/gazdasagportal.hu\/index.php\/wp-json\/wp\/v2\/comments?post=45494"}],"version-history":[{"count":1,"href":"https:\/\/gazdasagportal.hu\/index.php\/wp-json\/wp\/v2\/posts\/45494\/revisions"}],"predecessor-version":[{"id":45495,"href":"https:\/\/gazdasagportal.hu\/index.php\/wp-json\/wp\/v2\/posts\/45494\/revisions\/45495"}],"wp:attachment":[{"href":"https:\/\/gazdasagportal.hu\/index.php\/wp-json\/wp\/v2\/media?parent=45494"}],"wp:term":[{"taxonomy":"category","embeddable":true,"href":"https:\/\/gazdasagportal.hu\/index.php\/wp-json\/wp\/v2\/categories?post=45494"},{"taxonomy":"post_tag","embeddable":true,"href":"https:\/\/gazdasagportal.hu\/index.php\/wp-json\/wp\/v2\/tags?post=45494"}],"curies":[{"name":"wp","href":"https:\/\/api.w.org\/{rel}","templated":true}]}}