{"id":45455,"date":"2014-09-25T03:55:24","date_gmt":"2014-09-25T01:55:24","guid":{"rendered":"http:\/\/stockportal.hu\/?p=45455"},"modified":"2014-09-24T21:36:49","modified_gmt":"2014-09-24T19:36:49","slug":"terrorimus-obama-az-iszlam-allamot-meg-kell-semmisiteni","status":"publish","type":"post","link":"https:\/\/gazdasagportal.hu\/index.php\/terrorimus-obama-az-iszlam-allamot-meg-kell-semmisiteni\/","title":{"rendered":"Terrorimus &#8211; Obama: az Iszl\u00e1m \u00c1llamot meg kell semmis\u00edteni"},"content":{"rendered":"<p><strong>Az Iszl\u00e1m \u00c1llam (I\u00c1) elnevez\u00e9s\u0171 terrorszervezetet meg kell semmis\u00edteni &#8211; hangoztatta Barack Obama amerikai eln\u00f6k szerd\u00e1n az ENSZ K\u00f6zgy\u0171l\u00e9s \u00fcl\u00e9sszak\u00e1nak \u00e1ltal\u00e1nos vit\u00e1j\u00e1ban.<\/strong><!--more--><br \/>\n<div class=\"ads-in-post1\"><div id=\"gazdasagportal.hu_fullbanner_wideboard\"><\/div>\r\n<\/div>\n<p>Obama utas\u00edt\u00e1s\u00e1ra k\u00e9t nappal ezel\u0151tt az I\u00c1 elleni amerikai l\u00e9gicsap\u00e1sokat, arab orsz\u00e1gok l\u00e9giereje \u00e1ltal is t\u00e1mogatva, Sz\u00edria ter\u00fclet\u00e9re is kiterjesztett\u00e9k. Az eln\u00f6k besz\u00e9d\u00e9ben felsz\u00f3l\u00edtotta a vil\u00e1gszervezet tag\u00e1llamait, hogy csatlakozzanak az Egyes\u00fclt \u00c1llamok vezet\u00e9s\u00e9vel a terrorist\u00e1k &#8222;hal\u00e1lh\u00e1l\u00f3zat\u00e1nak&#8221; lebont\u00e1s\u00e1ra alakul\u00f3 koal\u00edci\u00f3hoz, mert az egyetlen nyelv, amelyet a gyilkosok meg\u00e9rtenek, az az er\u0151szak nyelve.<br \/>\nFelsz\u00f3l\u00edtotta mindazokat, akik csatlakoztak a terrorszervezethez, hogy t\u00e1vozzanak a csatat\u00e9rr\u0151l, am\u00edg ezt megtehetik. Az amerikai eln\u00f6k ugyanakkor hangs\u00falyozta, hogy az Egyes\u00fclt \u00c1llamok nem az iszl\u00e1mmal \u00e1ll h\u00e1bor\u00faban. Kijelentette, ahogy Amerika &#8222;tiszteletteljes \u00e9s konstrukt\u00edv partner&#8221; lesz az I\u00c1 elleni fell\u00e9p\u00e9sben, ugyanakkor s\u00fcrgette, hogy a K\u00f6zel-Kelet muszlimjai utas\u00edts\u00e1k el a sz\u00e9ls\u0151s\u00e9ges csoportok szellemi t\u00e1ptalaj\u00e1ul szolg\u00e1l\u00f3 ideol\u00f3gi\u00e1t \u00e9s hagyjanak fel az ilyen szervezetek finansz\u00edroz\u00e1s\u00e1val.<br \/>\n&#8222;V\u00e9geredm\u00e9nyben a szekt\u00e1ss\u00e1g \u00e9s a sz\u00e9ls\u0151s\u00e9gess\u00e9g elutas\u00edt\u00e1sa egy nemzed\u00e9ki feladat &#8211; feladat k\u00f6zvetlen\u00fcl a k\u00f6zel-keletiek sz\u00e1m\u00e1ra&#8221; &#8211; hangs\u00falyozta az amerikai eln\u00f6k.<br \/>\n&#8222;Egyetlen k\u00fcls\u0151 hatalom sem k\u00e9pes v\u00e1ltoz\u00e1st el\u0151id\u00e9zni a sz\u00edvekben \u00e9s a fejekben&#8221; &#8211; tette hozz\u00e1.<br \/>\nObama lesz\u00f6gezte: az Egyes\u00fclt \u00c1llamok nem fogja elt\u0171rni, hogy a terrorist\u00e1k biztos mened\u00e9keket hozzanak l\u00e9tre maguknak, de nem l\u00e9p fel megsz\u00e1ll\u00f3 hatalomk\u00e9nt.<br \/>\nS\u00fcrgette a sz\u00edriai polg\u00e1rh\u00e1bor\u00fa lez\u00e1r\u00e1s\u00e1t \u00e9s azt, hogy a t\u00e9rs\u00e9g hatalmai k\u00f6zvetlen\u00fcl \u00e9s b\u00e9k\u00e9s \u00faton t\u00e1rgyaljanak egym\u00e1ssal, ne pedig a felfegyverzett helyi &#8222;helyetteseik&#8221; r\u00e9v\u00e9n \u00e9rintkezzenek egym\u00e1ssal.<br \/>\nAz amerikai eln\u00f6k ism\u00e9telten el\u00edt\u00e9lte az Eur\u00f3p\u00e1ban elk\u00f6vetett orosz &#8222;agresszi\u00f3t&#8221; \u00e9s kijelentette, hogy Amerika szemben \u00e1ll az olyan vil\u00e1gszeml\u00e9lettel, amely szerint az er\u0151 alak\u00edtja ki a szab\u00e1lyokat. Ugyanakkor kijelentette: ha Oroszorsz\u00e1g a b\u00e9ke \u00e9s a diplom\u00e1cia \u00fatj\u00e1t v\u00e1lasztja Ukrajn\u00e1val szemben, akkor az Egyes\u00fclt \u00c1llamok k\u00e9sz megsz\u00fcntetni az ellene \u00e9letbe l\u00e9ptetett gazdas\u00e1gi szankci\u00f3kat, \u00e9s hajland\u00f3 visszat\u00e9rni egy olyan diplom\u00e1ci\u00e1hoz, amely a m\u00faltban elvezetett az amerikai \u00e9s az orosz nukle\u00e1ris fegyverk\u00e9szletek cs\u00f6kkent\u00e9s\u00e9hez, \u00e9s amelynek seg\u00edts\u00e9g\u00e9vel siker\u00fclt r\u00e1venni Sz\u00edri\u00e1t nukle\u00e1ris fegyverk\u00e9szleteinek felad\u00e1s\u00e1ra.<br \/>\n&#8222;K\u00e9szek vagyunk az ilyen egy\u00fcttm\u0171k\u00f6d\u00e9sre, ha Oroszorsz\u00e1g ir\u00e1nyt v\u00e1lt&#8221; &#8211; mondta.<br \/>\nObama fenntarthatatlannak nevezte a G\u00e1z\u00e1ban \u00e9s Ciszjord\u00e1ni\u00e1ban kialakult helyzetet \u00e9s kijelentette, hogy Washington az izraeli-palesztin t\u00e1rgyal\u00e1sok \u00f6sszeoml\u00e1sa ellen\u00e9re sohasem adja fel b\u00e9ket\u00f6rekv\u00e9seit. Teher\u00e1nt arra figyelmeztette, hogy ne hagyja szertefoszlani az ir\u00e1ni nukle\u00e1ris atomprogramr\u00f3l t\u00f6rt\u00e9n\u0151 meg\u00e1llapod\u00e1s lehet\u0151s\u00e9g\u00e9t, amely egyszerre biztos\u00edtan\u00e1 annak b\u00e9k\u00e9s term\u00e9szet\u00e9t \u00e9s az iszl\u00e1m k\u00f6zt\u00e1rsas\u00e1g energiaig\u00e9ny\u00e9t. Diplom\u00e1ciai k\u00f6r\u00f6kben ugyanakkor egyre er\u0151sebb a k\u00e9tely, hogy a november 24-i hat\u00e1rid\u0151re siker\u00fcl tet\u0151 al\u00e1 hozni a megegyez\u00e9st.<br \/>\nObama szerint a vil\u00e1g a h\u00e1bor\u00fa \u00e9s a b\u00e9ke, a k\u00e1osz \u00e9s az integr\u00e1ci\u00f3, a f\u00e9lelem \u00e9s a rem\u00e9ny kereszt\u00fatj\u00e1n \u00e1ll. Az amerikai eln\u00f6k nemzetk\u00f6zi egy\u00fcttm\u0171k\u00f6d\u00e9st s\u00fcrgetett a terrorizmus, az agresszi\u00f3k, a kl\u00edmav\u00e1ltoz\u00e1s, az Ebola ellen \u00e9s m\u00e1s, hat\u00e1rokon \u00e1t\u00edvel\u0151 probl\u00e9m\u00e1k megold\u00e1sa \u00e9rdek\u00e9ben.<br \/>\n&#8222;Meg\u00faj\u00edthatjuk a nemzetk\u00f6zi rendszert, amely jelent\u0151s halad\u00e1st tett lehet\u0151v\u00e9, vagy hagyjuk, hogy az instabilit\u00e1s sodra visszah\u00fazzon benn\u00fcnket&#8221; &#8211; mondta, \u00e9s a nemzetk\u00f6zi norm\u00e1k fokozott betart\u00e1s\u00e1t s\u00fcrgette.(MTI)<\/p>\n","protected":false},"excerpt":{"rendered":"<p>Az Iszl\u00e1m \u00c1llam (I\u00c1) elnevez\u00e9s\u0171 terrorszervezetet meg kell semmis\u00edteni &#8211; hangoztatta Barack Obama amerikai eln\u00f6k szerd\u00e1n az ENSZ K\u00f6zgy\u0171l\u00e9s \u00fcl\u00e9sszak\u00e1nak \u00e1ltal\u00e1nos vit\u00e1j\u00e1ban.<\/p>\n","protected":false},"author":1,"featured_media":0,"comment_status":"open","ping_status":"closed","sticky":false,"template":"","format":"standard","meta":[],"categories":[16],"tags":[],"_links":{"self":[{"href":"https:\/\/gazdasagportal.hu\/index.php\/wp-json\/wp\/v2\/posts\/45455"}],"collection":[{"href":"https:\/\/gazdasagportal.hu\/index.php\/wp-json\/wp\/v2\/posts"}],"about":[{"href":"https:\/\/gazdasagportal.hu\/index.php\/wp-json\/wp\/v2\/types\/post"}],"author":[{"embeddable":true,"href":"https:\/\/gazdasagportal.hu\/index.php\/wp-json\/wp\/v2\/users\/1"}],"replies":[{"embeddable":true,"href":"https:\/\/gazdasagportal.hu\/index.php\/wp-json\/wp\/v2\/comments?post=45455"}],"version-history":[{"count":1,"href":"https:\/\/gazdasagportal.hu\/index.php\/wp-json\/wp\/v2\/posts\/45455\/revisions"}],"predecessor-version":[{"id":45457,"href":"https:\/\/gazdasagportal.hu\/index.php\/wp-json\/wp\/v2\/posts\/45455\/revisions\/45457"}],"wp:attachment":[{"href":"https:\/\/gazdasagportal.hu\/index.php\/wp-json\/wp\/v2\/media?parent=45455"}],"wp:term":[{"taxonomy":"category","embeddable":true,"href":"https:\/\/gazdasagportal.hu\/index.php\/wp-json\/wp\/v2\/categories?post=45455"},{"taxonomy":"post_tag","embeddable":true,"href":"https:\/\/gazdasagportal.hu\/index.php\/wp-json\/wp\/v2\/tags?post=45455"}],"curies":[{"name":"wp","href":"https:\/\/api.w.org\/{rel}","templated":true}]}}