{"id":45282,"date":"2014-09-23T11:27:57","date_gmt":"2014-09-23T09:27:57","guid":{"rendered":"http:\/\/stockportal.hu\/?p=45282"},"modified":"2014-09-23T11:27:57","modified_gmt":"2014-09-23T09:27:57","slug":"tobb-mint-hatezer-ember-fertozodott-meg-dengue-virussal-del-kinaban","status":"publish","type":"post","link":"https:\/\/gazdasagportal.hu\/index.php\/tobb-mint-hatezer-ember-fertozodott-meg-dengue-virussal-del-kinaban\/","title":{"rendered":"T\u00f6bb mint hatezer ember fert\u0151z\u0151d\u00f6tt meg dengue-v\u00edrussal D\u00e9l-K\u00edn\u00e1ban"},"content":{"rendered":"<p><strong>M\u00e1jus \u00f3ta csaknem 6100 embert vettek nyilv\u00e1ntart\u00e1sba, akik dengue-v\u00edrussal fert\u0151z\u0151dtek meg, a d\u00e9l-k\u00ednai Kuangtung tartom\u00e1nyban, t\u00falnyom\u00f3 r\u00e9sz\u00fcket a tartom\u00e1nyi sz\u00e9khelyen, Kantonban kezelik &#8211; jelentette a k\u00ednai m\u00e9dia kedden.<!--more--><\/strong><br \/>\n<div class=\"ads-in-post1\"><div id=\"gazdasagportal.hu_fullbanner_wideboard\"><\/div>\r\n<\/div>\n<p>Eddig k\u00e9t hal\u00e1los esetet jelentettek, a m\u00e1sodik legfert\u0151z\u00f6ttebb v\u00e1ros Fosan, ahol 622 regisztr\u00e1lt betegr\u0151l tudnak. Ugyanakkor Csungsan, Csiangmen \u00e9s Csuhaj k\u00f3rh\u00e1zaiban is van bel\u0151l\u00fck. K\u00f6r\u00fclbel\u00fcl harmincnak v\u00e1ls\u00e1gos az \u00e1llapota.<br \/>\nA sz\u00fanyogok \u00e1ltal terjesztett betegs\u00e9g ellen m\u00e9g nincs v\u00e9d\u0151olt\u00e1s, a betegs\u00e9g t\u00fcnetei \u00e9s k\u00f6vetkezm\u00e9nyei is s\u00falyosak lehetnek. A fert\u0151z\u00e9sek n\u00f6vekv\u0151 sz\u00e1m\u00e1t a helyi szakemberek egyr\u00e9szt a magas h\u0151m\u00e9rs\u00e9klettel \u00e9s a csapad\u00e9kosabb id\u0151j\u00e1r\u00e1ssal magyar\u00e1zz\u00e1k. Ennek k\u00f6vetkezt\u00e9ben ugyanis a sz\u00fanyogok sz\u00e1ma a norm\u00e1lishoz k\u00e9pest mintegy meg\u00f6tsz\u00f6r\u00f6z\u0151d\u00f6tt a r\u00e9gi\u00f3ban.<br \/>\nJang Cse-cung, a kantoni betegs\u00e9gmegel\u0151z\u0151 k\u00f6zpont igazgat\u00f3helyettese nyilatkozat\u00e1ban elmondta, hogy a betegs\u00e9g terjed\u00e9se k\u00f6zben ugyanakkor elhanyagolj\u00e1k a sz\u00fanyogirt\u00e1st. Azt is megjegyezte, hogy sokan k\u00fclf\u00f6ld\u00f6n fert\u0151z\u0151dtek meg. A szakember szerint a szeptember \u00e9s november k\u00f6z\u00f6tti id\u0151szakban lesznek a legvesz\u00e9lyeztetettebbek az emberek.<br \/>\nA k\u00f6zpont a k\u00f6zelg\u0151 okt\u00f3ber elsejei nemzeti \u00fcnnephez kapcsol\u00f3d\u00f3 szabads\u00e1gok idej\u00e9n nagyobb \u00f3vatoss\u00e1gra, a megel\u0151z\u0151 v\u00e9dekez\u00e9sre h\u00edvta fel a lakoss\u00e1g figyelm\u00e9t. A &#8222;csontt\u00f6r\u0151 l\u00e1zk\u00e9nt&#8221; is ismert dengue-l\u00e1z els\u0151sorban a tr\u00f3pusi, szubtr\u00f3pusi vid\u00e9keken \u00e9vente 50-100 milli\u00f3 embert beteg\u00edt meg a vil\u00e1gon.(MTI)<\/p>\n","protected":false},"excerpt":{"rendered":"<p>M\u00e1jus \u00f3ta csaknem 6100 embert vettek nyilv\u00e1ntart\u00e1sba, akik dengue-v\u00edrussal fert\u0151z\u0151dtek meg, a d\u00e9l-k\u00ednai Kuangtung tartom\u00e1nyban, t\u00falnyom\u00f3 r\u00e9sz\u00fcket a tartom\u00e1nyi sz\u00e9khelyen, Kantonban kezelik &#8211; jelentette a k\u00ednai m\u00e9dia kedden.<\/p>\n","protected":false},"author":1,"featured_media":0,"comment_status":"open","ping_status":"closed","sticky":false,"template":"","format":"standard","meta":[],"categories":[14],"tags":[],"_links":{"self":[{"href":"https:\/\/gazdasagportal.hu\/index.php\/wp-json\/wp\/v2\/posts\/45282"}],"collection":[{"href":"https:\/\/gazdasagportal.hu\/index.php\/wp-json\/wp\/v2\/posts"}],"about":[{"href":"https:\/\/gazdasagportal.hu\/index.php\/wp-json\/wp\/v2\/types\/post"}],"author":[{"embeddable":true,"href":"https:\/\/gazdasagportal.hu\/index.php\/wp-json\/wp\/v2\/users\/1"}],"replies":[{"embeddable":true,"href":"https:\/\/gazdasagportal.hu\/index.php\/wp-json\/wp\/v2\/comments?post=45282"}],"version-history":[{"count":1,"href":"https:\/\/gazdasagportal.hu\/index.php\/wp-json\/wp\/v2\/posts\/45282\/revisions"}],"predecessor-version":[{"id":45283,"href":"https:\/\/gazdasagportal.hu\/index.php\/wp-json\/wp\/v2\/posts\/45282\/revisions\/45283"}],"wp:attachment":[{"href":"https:\/\/gazdasagportal.hu\/index.php\/wp-json\/wp\/v2\/media?parent=45282"}],"wp:term":[{"taxonomy":"category","embeddable":true,"href":"https:\/\/gazdasagportal.hu\/index.php\/wp-json\/wp\/v2\/categories?post=45282"},{"taxonomy":"post_tag","embeddable":true,"href":"https:\/\/gazdasagportal.hu\/index.php\/wp-json\/wp\/v2\/tags?post=45282"}],"curies":[{"name":"wp","href":"https:\/\/api.w.org\/{rel}","templated":true}]}}