{"id":45276,"date":"2014-09-23T11:03:24","date_gmt":"2014-09-23T09:03:24","guid":{"rendered":"http:\/\/stockportal.hu\/?p=45276"},"modified":"2014-09-23T11:03:24","modified_gmt":"2014-09-23T09:03:24","slug":"varga-vissza-kell-szoritani-a-feketegazdasagot-es-boviteni-a-hitelezest","status":"publish","type":"post","link":"https:\/\/gazdasagportal.hu\/index.php\/varga-vissza-kell-szoritani-a-feketegazdasagot-es-boviteni-a-hitelezest\/","title":{"rendered":"Varga: vissza kell szor\u00edtani a feketegazdas\u00e1got \u00e9s b\u0151v\u00edteni a hitelez\u00e9st"},"content":{"rendered":"<p><strong>A feketegazdas\u00e1g tov\u00e1bbi visszaszor\u00edt\u00e1s\u00e1t, a foglalkoztat\u00e1s \u00e9s a hitelez\u00e9s b\u0151v\u00edt\u00e9s\u00e9t, valamint a demogr\u00e1fiai kih\u00edv\u00e1sokra val\u00f3 reag\u00e1l\u00e1st, a gyermekv\u00e1llal\u00e1st \u00f6szt\u00f6nz\u0151 int\u00e9zked\u00e9seket nevezte a k\u00f6vetkez\u0151 id\u0151szak f\u0151 gazdas\u00e1gpolitikai teend\u0151inek Varga Mih\u00e1ly.<\/strong><!--more--><br \/>\n<div class=\"ads-in-post1\"><div id=\"gazdasagportal.hu_fullbanner_wideboard\"><\/div>\r\n<\/div>\n<p>    A nemzetgazdas\u00e1gi miniszter a Napi Gazdas\u00e1g v\u00e1llalati finansz\u00edroz\u00e1st k\u00f6rbej\u00e1r\u00f3 keddi, budapesti konferenci\u00e1j\u00e1n kiemelte, hogy a korm\u00e1ny c\u00e9lja a fenntarthat\u00f3 n\u00f6veked\u00e9s \u00fctem\u00e9nek folyamatos emel\u00e9se, ezzel p\u00e1rhuzamosan pedig a fisk\u00e1lis fegyelem, azaz a ciklus eg\u00e9sz\u00e9ben a brutt\u00f3 hazai term\u00e9k (GDP) 3 sz\u00e1zal\u00e9ka alatt l\u00e9v\u0151 \u00e1llamh\u00e1ztart\u00e1si deficit fenntart\u00e1sa.<br \/>\n    Varga Mih\u00e1ly elmondta, hogy a j\u00f6v\u0151 \u00e9vi k\u00f6lts\u00e9gvet\u00e9s tervez\u00e9se m\u00e1r folyamatban van. A tervez\u00e9skor figyelembe veszik, hogy a korm\u00e1ny v\u00e1rakoz\u00e1sai szerint csak n\u00e9mileg javul a nemzetk\u00f6zi gazdas\u00e1gi k\u00f6rnyezet, az Eur\u00f3pai Uni\u00f3ban tov\u00e1bbra sem v\u00e1rhat\u00f3 mark\u00e1ns n\u00f6veked\u00e9s, annak h\u00faz\u00f3ereje ink\u00e1bb az Egyes\u00fclt \u00c1llamok \u00e9s K\u00edna lesz.<br \/>\n    A miniszter a hazai gazdas\u00e1gpolitikai teend\u0151ket r\u00e9szletezve elmondta: az ut\u00f3bbi \u00e9vekben sz\u0171k\u00fclt a feketegazdas\u00e1g, t\u00f6bbek k\u00f6z\u00f6tt az online p\u00e9nzt\u00e1rg\u00e9peknek k\u00f6sz\u00f6nhet\u0151en. Kifejtette, hogy m\u00e1r t\u00f6bb mint 170 ezer online p\u00e9nzt\u00e1rg\u00e9p m\u0171k\u00f6dik az orsz\u00e1gban, \u00e9s arra sz\u00e1m\u00edt a korm\u00e1ny, hogy m\u00e9g kar\u00e1csony el\u0151tt lesz egy nagy &#8222;hull\u00e1m&#8221;, hiszen a csak szezon\u00e1lisan m\u0171k\u00f6d\u0151 egys\u00e9gek november-decemberben k\u00f6tik be az online p\u00e9nzt\u00e1rg\u00e9peket.<br \/>\n    Varga Mih\u00e1ly kiemelte: m\u00e1r t\u00f6bb mint 4 milli\u00f3an dolgoznak, ami nagy eredm\u00e9ny. Magyarorsz\u00e1g \u00e9len j\u00e1r az uni\u00f3ban a foglalkoztat\u00e1s b\u0151v\u00edt\u00e9s\u00e9ben, azonban a foglalkoztatottak sz\u00e1ma m\u00e9g mindig elmarad a Magyarorsz\u00e1ghoz hasonl\u00f3 n\u00e9pess\u00e9gsz\u00e1m\u00fa orsz\u00e1gokban, p\u00e9ld\u00e1ul a Sv\u00e9dorsz\u00e1gban, Portug\u00e1li\u00e1ban vagy Csehorsz\u00e1gban m\u00e9rtt\u0151l.<br \/>\n    Elmondta, tov\u00e1bbra is c\u00e9l a munkahelyek megtart\u00e1sa a j\u00e1rul\u00e9kkedvezm\u00e9nyeken kereszt\u00fcl a munkahelyv\u00e9delmi akci\u00f3 keret\u00e9ben, a k\u00f6zfoglalkoztat\u00e1sra pedig tov\u00e1bbra is \u00e1tmeneti eszk\u00f6zk\u00e9nt tekint a korm\u00e1ny. Fontos, hogy az \u00e9rintettek es\u00e9lyt kapjanak a munkaer\u0151-piacra val\u00f3 visszaker\u00fcl\u00e9sre. Jelenleg a k\u00f6zfoglalkoztatottak 8 sz\u00e1zal\u00e9ka tal\u00e1l munk\u00e1t az els\u0151dleges munkaer\u0151-piacon &#8211; fejtette ki Varga Mih\u00e1ly. Hozz\u00e1f\u0171zte: a k\u00f6zfoglalkoztat\u00e1shoz az eddigin\u00e9l is hat\u00e9konyabb k\u00e9pz\u00e9st szeretn\u00e9nek kapcsolni.<br \/>\n    El\u0151ad\u00e1s\u00e1ban kiemelte: hitelez\u00e9s n\u00e9lk\u00fcl nincs beruh\u00e1z\u00e1s, an\u00e9lk\u00fcl pedig nincs \u00faj munkahely. Felh\u00edvta a figyelmet arra, hogy a nemzetk\u00f6zi nagybankok hitelez\u00e9si aktivit\u00e1sa 2008 \u0151sze \u00f3ta cs\u00f6kkent, m\u00edg a kisebb bankok, a hazai nagybankok, \u00e9s a takar\u00e9ksz\u00f6vetkezetek hitelez\u00e9si aktivit\u00e1sa b\u0151v\u00fclni tudott. &#8222;M\u00e9giscsak van jelent\u0151s\u00e9ge, hogy Magyarorsz\u00e1gon hazai tulajdon\u00fa bankok vannak, vagy pedig k\u00fclf\u00f6ldi tulajdon\u00fa bankok le\u00e1nyv\u00e1llalatai&#8221; &#8211; fogalmazott Varga Mih\u00e1ly.<br \/>\n    Varga Mih\u00e1ly jelezte: a korm\u00e1ny szeretn\u00e9, ha a hazai kis- \u00e9s k\u00f6zepes v\u00e1llalkoz\u00e1sok t\u00f6bb hitellehet\u0151s\u00e9ghez jutn\u00e1nak.<br \/>\n    \u00c1tmenetileg az \u00e1llami int\u00e9zm\u00e9nyeken kereszt\u00fcl b\u0151v\u00edtett\u00e9k a hitellehet\u0151s\u00e9geket, illetve elindult a Magyar Nemzeti Bank n\u00f6veked\u00e9si hitelprogramja, de a hossz\u00fa t\u00e1v\u00fa c\u00e9l az, hogy a kereskedelmi bankok hitelezzenek.<br \/>\n    A miniszter megjegyezte, hogy a korm\u00e1ny a Magyar Banksz\u00f6vets\u00e9ggel \u00e9s a bankokkal folyamatosan t\u00e1rgyal ennek \u00e9rdek\u00e9ben. Varga Mih\u00e1ly hozz\u00e1tette: a takar\u00e9ksz\u00f6vetkezeti integr\u00e1ci\u00f3 azt mutatja, hogy van m\u00e9g lehet\u0151s\u00e9g a hitelez\u00e9s b\u0151v\u00edt\u00e9s\u00e9re.<br \/>\n    Kiemelte: a korm\u00e1ny az ad\u00f3ss\u00e1gprobl\u00e9ma megold\u00e1sa ut\u00e1n gazdas\u00e1gfejleszt\u00e9si, beruh\u00e1z\u00e1si \u00e9s munkahelyteremt\u0151 programokat v\u00e1r az \u00f6nkorm\u00e1nyzatokt\u00f3l, s ezekhez, ha sz\u00fcks\u00e9ges, seg\u00edts\u00e9get ad.<br \/>\n    Varga Mih\u00e1ly sz\u00f3lt arr\u00f3l is, hogy fokozatosan cs\u00f6kkenteni kell &#8211; 45 sz\u00e1zal\u00e9kra &#8211; az \u00e1llamh\u00e1ztart\u00e1s kiad\u00e1si oldal\u00e1t, illetve sz\u0171k\u00edteni az \u00fajraeloszt\u00e1s m\u00e9rt\u00e9k\u00e9t. Emellett folyamatosan m\u00e9rs\u00e9kelni kell az \u00e9v v\u00e9gi \u00e1llamad\u00f3ss\u00e1got. K\u00f6z\u00f6lte, rugalmasnak kell lennie a korm\u00e1nynak: ha olyan vonz\u00f3 kamat\u00edg\u00e9ret van, amely hossz\u00fa t\u00e1von lehet\u0151v\u00e9 teszi a k\u00f6tv\u00e9nykibocs\u00e1t\u00e1st, akkor azt ki kell haszn\u00e1lni.<br \/>\n    A miniszter a c\u00e9lok k\u00f6z\u00f6tt eml\u00edtette a beruh\u00e1z\u00e1si r\u00e1ta 20 sz\u00e1zal\u00e9k f\u00f6l\u00e9 emel\u00e9s\u00e9t, amihez v\u00e9lem\u00e9nye szerint jelent\u0151s seg\u00edts\u00e9get ad az uni\u00f3s t\u00e1mogat\u00e1sok \u00e1tszervez\u00e9se, \u00e9s az, hogy a k\u00f6vetkez\u0151 7 \u00e9ves id\u0151szakban rendelkez\u00e9sre \u00e1ll\u00f3 forr\u00e1sok 60 sz\u00e1zal\u00e9k\u00e1t k\u00f6zvetlen\u00fcl gazdas\u00e1gfejleszt\u00e9sre ford\u00edtj\u00e1k majd. Elmondta azt is, hogy sok visszat\u00e9r\u00edtend\u0151 t\u00e1mogat\u00e1s\u00fa programot szeretn\u00e9nek ki\u00edrni.<br \/>\n    Varga Mih\u00e1ly elmondta: az \u00fajraiparos\u00edt\u00e1s tov\u00e1bbra is kiemelt szerepet t\u00f6lt be a korm\u00e1ny gazdas\u00e1gpolitik\u00e1j\u00e1ban. Els\u0151sorban az eg\u00e9szs\u00e9gipar, az elektronika, a logisztika, az \u00e9lelmiszeripar, \u00e9s a j\u00e1rm\u0171ipar, ezen bel\u00fcl az elektromobilit\u00e1s er\u0151s\u00edt\u00e9se ter\u00fclet\u00e9n szeretn\u00e9nek olyan munkahelyeket Magyarorsz\u00e1gra vonzani, amelyek tart\u00f3san itt is maradnak.(MTI)<\/p>\n","protected":false},"excerpt":{"rendered":"<p>A feketegazdas\u00e1g tov\u00e1bbi visszaszor\u00edt\u00e1s\u00e1t, a foglalkoztat\u00e1s \u00e9s a hitelez\u00e9s b\u0151v\u00edt\u00e9s\u00e9t, valamint a demogr\u00e1fiai kih\u00edv\u00e1sokra val\u00f3 reag\u00e1l\u00e1st, a gyermekv\u00e1llal\u00e1st \u00f6szt\u00f6nz\u0151 int\u00e9zked\u00e9seket nevezte a k\u00f6vetkez\u0151 id\u0151szak f\u0151 gazdas\u00e1gpolitikai teend\u0151inek Varga Mih\u00e1ly.<\/p>\n","protected":false},"author":1,"featured_media":0,"comment_status":"open","ping_status":"closed","sticky":false,"template":"","format":"standard","meta":[],"categories":[19],"tags":[],"_links":{"self":[{"href":"https:\/\/gazdasagportal.hu\/index.php\/wp-json\/wp\/v2\/posts\/45276"}],"collection":[{"href":"https:\/\/gazdasagportal.hu\/index.php\/wp-json\/wp\/v2\/posts"}],"about":[{"href":"https:\/\/gazdasagportal.hu\/index.php\/wp-json\/wp\/v2\/types\/post"}],"author":[{"embeddable":true,"href":"https:\/\/gazdasagportal.hu\/index.php\/wp-json\/wp\/v2\/users\/1"}],"replies":[{"embeddable":true,"href":"https:\/\/gazdasagportal.hu\/index.php\/wp-json\/wp\/v2\/comments?post=45276"}],"version-history":[{"count":1,"href":"https:\/\/gazdasagportal.hu\/index.php\/wp-json\/wp\/v2\/posts\/45276\/revisions"}],"predecessor-version":[{"id":45277,"href":"https:\/\/gazdasagportal.hu\/index.php\/wp-json\/wp\/v2\/posts\/45276\/revisions\/45277"}],"wp:attachment":[{"href":"https:\/\/gazdasagportal.hu\/index.php\/wp-json\/wp\/v2\/media?parent=45276"}],"wp:term":[{"taxonomy":"category","embeddable":true,"href":"https:\/\/gazdasagportal.hu\/index.php\/wp-json\/wp\/v2\/categories?post=45276"},{"taxonomy":"post_tag","embeddable":true,"href":"https:\/\/gazdasagportal.hu\/index.php\/wp-json\/wp\/v2\/tags?post=45276"}],"curies":[{"name":"wp","href":"https:\/\/api.w.org\/{rel}","templated":true}]}}