{"id":45272,"date":"2014-09-23T10:09:37","date_gmt":"2014-09-23T08:09:37","guid":{"rendered":"http:\/\/stockportal.hu\/?p=45272"},"modified":"2014-09-23T10:09:37","modified_gmt":"2014-09-23T08:09:37","slug":"az-ev-elso-het-honapjaban-tobb-gyermek-szuletett-csokkent-a-halalozasok-szama","status":"publish","type":"post","link":"https:\/\/gazdasagportal.hu\/index.php\/az-ev-elso-het-honapjaban-tobb-gyermek-szuletett-csokkent-a-halalozasok-szama\/","title":{"rendered":"Az \u00e9v els\u0151 h\u00e9t h\u00f3napj\u00e1ban t\u00f6bb gyermek sz\u00fcletett, cs\u00f6kkent a hal\u00e1loz\u00e1sok sz\u00e1ma"},"content":{"rendered":"<p><strong>Az \u00e9v els\u0151 h\u00e9t h\u00f3napj\u00e1ban t\u00f6bb gyermek sz\u00fcletett, cs\u00f6kkent a hal\u00e1loz\u00e1sok sz\u00e1ma, \u00edgy m\u00e9rs\u00e9kl\u0151d\u00f6tt a term\u00e9szetes fogy\u00e1s az el\u0151z\u0151 \u00e9v azonos id\u0151szak\u00e1hoz k\u00e9pest &#8211; k\u00f6z\u00f6lte a K\u00f6zponti Statisztikai Hivatal kedden az MTI-vel.<\/strong><!--more--><br \/>\n<div class=\"ads-in-post1\"><div id=\"gazdasagportal.hu_fullbanner_wideboard\"><\/div>\r\n<\/div>\n<p>    Az el\u0151zetes adatok szerint 2014 els\u0151 h\u00e9t h\u00f3napj\u00e1ban 51 605 gyermek sz\u00fcletett, ami 2,9 sz\u00e1zal\u00e9kkal, vagyis 1475-tel t\u00f6bb, mint az el\u0151z\u0151 \u00e9v janu\u00e1rja \u00e9s j\u00faliusa k\u00f6z\u00f6tt. A sz\u00fclet\u00e9ssz\u00e1m az \u00e9v hat h\u00f3napj\u00e1ban emelkedett, csak febru\u00e1rban volt enyhe cs\u00f6kken\u00e9s az egy \u00e9vvel kor\u00e1bbihoz k\u00e9pest.<br \/>\n    A gyorsjelent\u00e9s szerint a hal\u00e1loz\u00e1sok sz\u00e1ma 72 517 volt, amely 2445-tel, 3,3 sz\u00e1zal\u00e9kkal kevesebb, mint 2013. janu\u00e1r-j\u00falius\u00e1ban. A hal\u00e1loz\u00e1sok sz\u00e1ma az \u00e9v hat h\u00f3napj\u00e1ban kevesebb, m\u00e1jusban viszont 5,5 sz\u00e1zal\u00e9kkal t\u00f6bb volt, mint 2013 megfelel\u0151 id\u0151szak\u00e1ban.<br \/>\n    A term\u00e9szetes fogy\u00e1s 20 912 f\u0151 volt, 3920-szal kevesebb az egy \u00e9vvel kor\u00e1bbin\u00e1l, \u00f6sszess\u00e9g\u00e9ben 4,3 ezrel\u00e9kr\u0151l 3,6 ezrel\u00e9kre cs\u00f6kkent.<br \/>\n    Id\u00e9n janu\u00e1r \u00e9s j\u00falius k\u00f6z\u00f6tt t\u00f6bben k\u00f6t\u00f6ttek h\u00e1zass\u00e1got, mint egy \u00e9vvel kor\u00e1bban. Az \u00e9v els\u0151 h\u00e9t h\u00f3napj\u00e1ban anyak\u00f6nyvezett 20 377 h\u00e1zass\u00e1gk\u00f6t\u00e9s 4,7 sz\u00e1zal\u00e9kkal, vagyis 914-gyel haladta meg a b\u00e1zisid\u0151szaki \u00e9rt\u00e9ket.<br \/>\n    Ezer lakosra 9 \u00e9lvesz\u00fclet\u00e9s \u00e9s 12,7 hal\u00e1loz\u00e1s jutott. Az el\u0151bbi \u00e9rt\u00e9ke 0,3 ezrel\u00e9kponttal magasabb, az ut\u00f3bbi 0,3 ezrel\u00e9kponttal alacsonyabb volt 2013. janu\u00e1r-j\u00faliushoz viszony\u00edtva. Az \u00e9v els\u0151 h\u00e9t h\u00f3napj\u00e1ban ezer \u00e9lvesz\u00fclet\u00e9sre 4,6 csecsem\u0151hal\u00e1loz\u00e1s jutott, ami 0,7 ezrel\u00e9kpontos cs\u00f6kken\u00e9st jelentett az egy \u00e9vvel kor\u00e1bbihoz k\u00e9pest. A h\u00e1zass\u00e1gk\u00f6t\u00e9si ar\u00e1nysz\u00e1m 3,6 ezrel\u00e9kes \u00e9rt\u00e9ke 0,2 ezrel\u00e9kponttal volt magasabb az el\u0151z\u0151 \u00e9v janu\u00e1r-j\u00faliusin\u00e1l &#8211; k\u00f6z\u00f6lt\u00e9k.(MTI)<\/p>\n","protected":false},"excerpt":{"rendered":"<p>Az \u00e9v els\u0151 h\u00e9t h\u00f3napj\u00e1ban t\u00f6bb gyermek sz\u00fcletett, cs\u00f6kkent a hal\u00e1loz\u00e1sok sz\u00e1ma, \u00edgy m\u00e9rs\u00e9kl\u0151d\u00f6tt a term\u00e9szetes fogy\u00e1s az el\u0151z\u0151 \u00e9v azonos id\u0151szak\u00e1hoz k\u00e9pest &#8211; k\u00f6z\u00f6lte a K\u00f6zponti Statisztikai Hivatal kedden az MTI-vel.<\/p>\n","protected":false},"author":1,"featured_media":0,"comment_status":"open","ping_status":"closed","sticky":false,"template":"","format":"standard","meta":[],"categories":[4],"tags":[],"_links":{"self":[{"href":"https:\/\/gazdasagportal.hu\/index.php\/wp-json\/wp\/v2\/posts\/45272"}],"collection":[{"href":"https:\/\/gazdasagportal.hu\/index.php\/wp-json\/wp\/v2\/posts"}],"about":[{"href":"https:\/\/gazdasagportal.hu\/index.php\/wp-json\/wp\/v2\/types\/post"}],"author":[{"embeddable":true,"href":"https:\/\/gazdasagportal.hu\/index.php\/wp-json\/wp\/v2\/users\/1"}],"replies":[{"embeddable":true,"href":"https:\/\/gazdasagportal.hu\/index.php\/wp-json\/wp\/v2\/comments?post=45272"}],"version-history":[{"count":1,"href":"https:\/\/gazdasagportal.hu\/index.php\/wp-json\/wp\/v2\/posts\/45272\/revisions"}],"predecessor-version":[{"id":45273,"href":"https:\/\/gazdasagportal.hu\/index.php\/wp-json\/wp\/v2\/posts\/45272\/revisions\/45273"}],"wp:attachment":[{"href":"https:\/\/gazdasagportal.hu\/index.php\/wp-json\/wp\/v2\/media?parent=45272"}],"wp:term":[{"taxonomy":"category","embeddable":true,"href":"https:\/\/gazdasagportal.hu\/index.php\/wp-json\/wp\/v2\/categories?post=45272"},{"taxonomy":"post_tag","embeddable":true,"href":"https:\/\/gazdasagportal.hu\/index.php\/wp-json\/wp\/v2\/tags?post=45272"}],"curies":[{"name":"wp","href":"https:\/\/api.w.org\/{rel}","templated":true}]}}