{"id":45270,"date":"2014-09-23T09:59:49","date_gmt":"2014-09-23T07:59:49","guid":{"rendered":"http:\/\/stockportal.hu\/?p=45270"},"modified":"2014-09-23T09:59:49","modified_gmt":"2014-09-23T07:59:49","slug":"az-izraeli-legiero-lelott-egy-sziriai-gepet-a-golan-fennsik-felett","status":"publish","type":"post","link":"https:\/\/gazdasagportal.hu\/index.php\/az-izraeli-legiero-lelott-egy-sziriai-gepet-a-golan-fennsik-felett\/","title":{"rendered":"Az izraeli l\u00e9gier\u0151 lel\u0151tt egy sz\u00edriai g\u00e9pet a Gol\u00e1n-fenns\u00edk felett"},"content":{"rendered":"<p><strong>Az izraeli l\u00e9gier\u0151 lel\u0151tt egy Sz\u00edri\u00e1b\u00f3l Izrael fel\u00e9 tart\u00f3 rep\u00fcl\u0151g\u00e9pet a Gol\u00e1n\u2013fenns\u00edkon, k\u00f6z\u00f6lte kedd reggel a Jedi\u00f3t Ahron\u00f3t c\u00edm\u0171 \u00fajs\u00e1g honlapja, az Ynet.<\/strong><!--more--><br \/>\n<div class=\"ads-in-post1\"><div id=\"gazdasagportal.hu_fullbanner_wideboard\"><\/div>\r\n<\/div>\n<p>    A Gol\u00e1n-fenns\u00edkon, m\u00e9g sziriai ter\u00fclet felett az izraeli hadsereg egy azonos\u00edtatlan rep\u00fcl\u0151g\u00e9pet \u00e9szlelt, melyet m\u00e9g az elv\u00e1laszt\u00f3 vonal f\u00f6l\u00f6tt val\u00f3 \u00e1trep\u00fcl\u00e9se el\u0151tt lel\u0151ttek kedden egy Patriot f\u00f6ld-leveg\u0151 rak\u00e9t\u00e1val.<br \/>\n    Val\u00f3sz\u00edn\u0171leg egy Damaszkuszb\u00f3l, a korm\u00e1nyzati er\u0151kt\u0151l a felkel\u0151k bomb\u00e1z\u00e1s\u00e1ra k\u00fcld\u00f6tt MIG 21-es t\u00edpus\u00fa sz\u00edriai harci rep\u00fcl\u0151g\u00e9p t\u00e9vedt a k\u00f6rzetbe. Az izraeli katonai szak\u00e9rt\u0151k kiz\u00e1rt\u00e1k, hogy pil\u00f3ta n\u00e9lk\u00fcli rep\u00fcl\u0151t l\u0151ttek volna le.<br \/>\n    Nem el\u0151sz\u00f6r \u00e9rintik Izrael ter\u00fclet\u00e9t a szomsz\u00e9dos Sz\u00edri\u00e1ban foly\u00f3 polg\u00e1rh\u00e1bor\u00fas \u00f6sszecsap\u00e1sok, a hat\u00e1ron l\u00e9v\u0151 Kuneitra tartom\u00e1nyban d\u00fal\u00f3 heves harcok. A ter\u00fclet t\u00f6bbsz\u00f6r is gazd\u00e1t cser\u00e9lt az ut\u00f3bbi h\u00f3napokban, jelenleg a Bass\u00e1r el-Aszad ellen harcol\u00f3 csapatok &#8211; k\u00f6zt\u00fck az al-Kaida nemzetk\u00f6zi terrorszervezethez k\u00f6t\u0151d\u0151 iszlamista an-Nuszra Front &#8211; kez\u00e9n van a Gol\u00e1n-fenns\u00edk sz\u00edriai ellen\u0151rz\u00e9s alatt \u00e1ll\u00f3 r\u00e9sze.<br \/>\n    Augusztus v\u00e9g\u00e9n Izrael fel\u00e9 tartott ebben a t\u00e9rs\u00e9gben egy dr\u00f3n, amely ellen szint\u00e9n Patriot rak\u00e9t\u00e1t ind\u00edtott az izraeli hadsereg.(MTI)<\/p>\n","protected":false},"excerpt":{"rendered":"<p>Az izraeli l\u00e9gier\u0151 lel\u0151tt egy Sz\u00edri\u00e1b\u00f3l Izrael fel\u00e9 tart\u00f3 rep\u00fcl\u0151g\u00e9pet a Gol\u00e1n\u2013fenns\u00edkon, k\u00f6z\u00f6lte kedd reggel a Jedi\u00f3t Ahron\u00f3t c\u00edm\u0171 \u00fajs\u00e1g honlapja, az Ynet.<\/p>\n","protected":false},"author":1,"featured_media":0,"comment_status":"open","ping_status":"closed","sticky":false,"template":"","format":"standard","meta":[],"categories":[16],"tags":[],"_links":{"self":[{"href":"https:\/\/gazdasagportal.hu\/index.php\/wp-json\/wp\/v2\/posts\/45270"}],"collection":[{"href":"https:\/\/gazdasagportal.hu\/index.php\/wp-json\/wp\/v2\/posts"}],"about":[{"href":"https:\/\/gazdasagportal.hu\/index.php\/wp-json\/wp\/v2\/types\/post"}],"author":[{"embeddable":true,"href":"https:\/\/gazdasagportal.hu\/index.php\/wp-json\/wp\/v2\/users\/1"}],"replies":[{"embeddable":true,"href":"https:\/\/gazdasagportal.hu\/index.php\/wp-json\/wp\/v2\/comments?post=45270"}],"version-history":[{"count":1,"href":"https:\/\/gazdasagportal.hu\/index.php\/wp-json\/wp\/v2\/posts\/45270\/revisions"}],"predecessor-version":[{"id":45271,"href":"https:\/\/gazdasagportal.hu\/index.php\/wp-json\/wp\/v2\/posts\/45270\/revisions\/45271"}],"wp:attachment":[{"href":"https:\/\/gazdasagportal.hu\/index.php\/wp-json\/wp\/v2\/media?parent=45270"}],"wp:term":[{"taxonomy":"category","embeddable":true,"href":"https:\/\/gazdasagportal.hu\/index.php\/wp-json\/wp\/v2\/categories?post=45270"},{"taxonomy":"post_tag","embeddable":true,"href":"https:\/\/gazdasagportal.hu\/index.php\/wp-json\/wp\/v2\/tags?post=45270"}],"curies":[{"name":"wp","href":"https:\/\/api.w.org\/{rel}","templated":true}]}}