{"id":45207,"date":"2014-09-22T16:41:32","date_gmt":"2014-09-22T14:41:32","guid":{"rendered":"http:\/\/stockportal.hu\/?p=45207"},"modified":"2014-09-22T16:41:32","modified_gmt":"2014-09-22T14:41:32","slug":"megkezdodott-a-xi-biztositasszakmai-konferencia-es-kiallitas-siofokon","status":"publish","type":"post","link":"https:\/\/gazdasagportal.hu\/index.php\/megkezdodott-a-xi-biztositasszakmai-konferencia-es-kiallitas-siofokon\/","title":{"rendered":"Megkezd\u0151d\u00f6tt a XI. biztos\u00edt\u00e1sszakmai konferencia \u00e9s ki\u00e1ll\u00edt\u00e1s Si\u00f3fokon"},"content":{"rendered":"<p><strong>M\u00e1r l\u00e1tszanak az eredm\u00e9nyei a v\u00e1ls\u00e1g ut\u00e1ni orsz\u00e1g p\u00e9nz\u00fcgyi helyzet\u00e9t stabiliz\u00e1lni k\u00edv\u00e1n\u00f3 gazdas\u00e1gpolitik\u00e1nak, t\u00f6bbek k\u00f6zt a javul\u00f3 foglalkoztat\u00e1si adatokban, valamint a h\u00e1ztart\u00e1sok ad\u00f3terheinek cs\u00f6kken\u00e9s\u00e9ben, ami pozit\u00edvan hatott a megtakar\u00edt\u00e1si hajland\u00f3s\u00e1gra &#8211; mondta Pankucsi Zolt\u00e1n, a Nemzetgazdas\u00e1gi Miniszt\u00e9rium ad\u00f3z\u00e1s\u00e9rt \u00e9s sz\u00e1mvitel\u00e9rt felel\u0151s helyettes \u00e1llamtitk\u00e1ra egy biztos\u00edt\u00e1si konferenci\u00e1n h\u00e9tf\u0151n Si\u00f3fokon.<br \/>\n<\/strong><!--more--><br \/>\n<div class=\"ads-in-post1\"><div id=\"gazdasagportal.hu_fullbanner_wideboard\"><\/div>\r\n<\/div>\n    A helyettes \u00e1llamtitk\u00e1r a keddig tart\u00f3, t\u00f6bb mint 700 r\u00e9sztvev\u0151t regisztr\u00e1l\u00f3 XI. biztos\u00edt\u00e1sszakmai konferenci\u00e1n \u00e9s ki\u00e1ll\u00edt\u00e1son besz\u00e9lt arr\u00f3l is, hogy a foglalkoztat\u00e1si adatok javul\u00e1s\u00e1hoz hozz\u00e1j\u00e1rultak a korm\u00e1ny ad\u00f3politikai l\u00e9p\u00e9sei is, egyebek k\u00f6zt a munkahelyv\u00e9delmi akci\u00f3, amelynek k\u00f6sz\u00f6nhet\u0151en mintegy 110 milli\u00e1rd forinttal v\u00e1lt olcs\u00f3bb\u00e1 a munk\u00e1ltat\u00f3k sz\u00e1m\u00e1ra a foglalkoztat\u00e1s. Az akci\u00f3val hozz\u00e1vet\u0151legesen 800 ezer munkav\u00e1llal\u00f3nak siker\u00fclt a r\u00e9gi munkahely\u00e9t megv\u00e9deni, illetve \u00faj \u00e1ll\u00e1st szereznie.<br \/>\n    Pankucsi Zolt\u00e1n sz\u00f3lt arr\u00f3l is, hogy a szem\u00e9lyi j\u00f6vedelemad\u00f3 rendszer \u00e1talak\u00edt\u00e1s\u00e1val \u00e9ves szinten k\u00f6r\u00fclbel\u00fcl 500 milli\u00e1rd forinttal t\u00f6bb p\u00e9nz maradt a csal\u00e1dokn\u00e1l. A lakoss\u00e1g j\u00f6vedelm\u00e9nek n\u00f6veked\u00e9se nemcsak a javul\u00f3 bels\u0151 piaci fogyaszt\u00e1sban, hanem az \u00f6ngondoskod\u00e1sra val\u00f3 hajlam n\u00f6veked\u00e9s\u00e9ben is megmutatkozott. A biztos\u00edt\u00e1si szektor n\u00f6vekv\u0151 jelent\u0151s\u00e9g\u00e9t mutatja, hogy m\u00edg 2012-ben 768 milli\u00e1rd forintos d\u00edjbev\u00e9tel mellett 13 milli\u00e1rd forint volt az ad\u00f3zott eredm\u00e9nye, tavaly m\u00e1r 810 milli\u00e1rd forintos d\u00edjbev\u00e9tel mellett 27,5 milli\u00e1rd forint ad\u00f3zott eredm\u00e9nyt produk\u00e1lt. A magas, 200 sz\u00e1zal\u00e9kos t\u0151ke-ell\u00e1totts\u00e1g\u00fa szektor n\u00f6veked\u00e9se 2014-ben is tov\u00e1bb tart az eddigi adatok szerint &#8211; mondta a helyettes \u00e1llamtitk\u00e1r.<br \/>\n    Bethlendi Andr\u00e1s, az Magyar Nemzeti Bank (MNB) fogyaszt\u00f3v\u00e9delem\u00e9rt \u00e9s piacfel\u00fcgyelet\u00e9rt felel\u0151s \u00fcgyvezet\u0151 igazgat\u00f3ja egyebek k\u00f6zt arr\u00f3l besz\u00e9lt, milyen el\u0151ny\u00f6kkel j\u00e1rt, hogy 2013. okt\u00f3ber 1-j\u00e9t\u0151l az MNB l\u00e1tja el a p\u00e9nz\u00fcgyi k\u00f6zvet\u00edt\u0151rendszer fel\u00fcgyelet\u00e9t. Az alkuszokkal kapcsolatban hangs\u00falyozta, a j\u00f3l m\u0171k\u00f6d\u0151 k\u00f6zvet\u00edt\u0151 a fogyaszt\u00f3i \u00e9rdekek k\u00e9pvisel\u0151je. A piacfel\u00fcgyeleti elj\u00e1r\u00e1sokr\u00f3l sz\u00f3lva elmondta, hogy az MNB piacfel\u00fcgyeleti elj\u00e1r\u00e1sa k\u00e9t biztos\u00edt\u00e1sk\u00f6zvet\u00edt\u0151i enged\u00e9llyel rendelkez\u0151 t\u00e1rsas\u00e1got \u00e9rintett eddig. A Civis Glob\u00e1l Br\u00f3kerh\u00e1z Zrt.-t enged\u00e9ly n\u00e9lk\u00fcli befektet\u00e9si szolg\u00e1ltat\u00e1si tev\u00e9kenys\u00e9g v\u00e9gz\u00e9s\u00e9\u00e9rt, a G7 Capital P\u00e9nz\u00fcgyi Tan\u00e1csad\u00f3 Kft.-t enged\u00e9ly n\u00e9lk\u00fcli f\u00fcgg\u0151 \u00fcgyn\u00f6ki (meghatalmazotti) tev\u00e9kenys\u00e9g v\u00e9gz\u00e9se miatt marasztalt\u00e1k el.<br \/>\n    Nagy Kopp\u00e1ny, az MNB biztos\u00edt\u00e1s-, p\u00e9nzt\u00e1r-, p\u00e9nz\u00fcgyi v\u00e1llalkoz\u00e1sok \u00e9s k\u00f6zvet\u00edt\u0151k fel\u00fcgyeleti igazgat\u00f3s\u00e1g\u00e1nak igazgat\u00f3ja a vizsg\u00e1lati tapasztalatokr\u00f3l besz\u00e1molva elmondta, tipikus hib\u00e1k a jogosulatlan k\u00f6zvet\u00edt\u00e9s (k\u00e9sedelmes bejelent\u00e9s, vagy regisztr\u00e1ci\u00f3 elmarad\u00e1sa), a hi\u00e1nyz\u00f3 k\u00f6zvet\u00edt\u0151i igazolv\u00e1nyok, a szerz\u0151d\u00e9sk\u00f6t\u00e9s el\u0151tti \u00fcgyf\u00e9l-t\u00e1j\u00e9koztat\u00e1s vagy ig\u00e9nyfelm\u00e9r\u00e9s elmarad\u00e1sa \u00e9s a k\u00f6zvet\u00edt\u0151kr\u0151l vezetett nyilv\u00e1ntart\u00e1s hi\u00e1nyoss\u00e1ga. A &#8222;piactiszt\u00edt\u00e1s&#8221; jegy\u00e9ben 2013-2014-ben 82 f\u00fcggetlen biztos\u00edt\u00e1sk\u00f6zvet\u00edt\u0151 enged\u00e9ly\u00e9t vont\u00e1k vissza. T\u00e1j\u00e9koztat\u00e1sa szerint ma t\u00f6bb mint 30 sz\u00e1zal\u00e9kkal kevesebb biztos\u00edt\u00e1sk\u00f6zvet\u00edt\u0151 szem\u00e9ly m\u0171k\u00f6dik a szektorban, mint 2010-ben, az egy f\u0151re es\u0151 jutal\u00e9kbev\u00e9tel\u00fck pedig n\u00f6vekv\u0151 trendet mutat. Az online \u00e9rt\u00e9kes\u00edt\u00e9s\u00e9 a j\u00f6v\u0151 a biztos\u00edt\u00e1s szakm\u00e1ban &#8211; v\u00e9lem\u00e9nyezte az el\u0151ad\u00f3.(MTI)<\/p>\n","protected":false},"excerpt":{"rendered":"<p>M\u00e1r l\u00e1tszanak az eredm\u00e9nyei a v\u00e1ls\u00e1g ut\u00e1ni orsz\u00e1g p\u00e9nz\u00fcgyi helyzet\u00e9t stabiliz\u00e1lni k\u00edv\u00e1n\u00f3 gazdas\u00e1gpolitik\u00e1nak, t\u00f6bbek k\u00f6zt a javul\u00f3 foglalkoztat\u00e1si adatokban, valamint a h\u00e1ztart\u00e1sok ad\u00f3terheinek cs\u00f6kken\u00e9s\u00e9ben, ami pozit\u00edvan hatott a megtakar\u00edt\u00e1si hajland\u00f3s\u00e1gra &#8211; mondta Pankucsi Zolt\u00e1n, a Nemzetgazdas\u00e1gi Miniszt\u00e9rium ad\u00f3z\u00e1s\u00e9rt \u00e9s sz\u00e1mvitel\u00e9rt felel\u0151s helyettes \u00e1llamtitk\u00e1ra egy biztos\u00edt\u00e1si konferenci\u00e1n h\u00e9tf\u0151n Si\u00f3fokon.<\/p>\n","protected":false},"author":1,"featured_media":45208,"comment_status":"open","ping_status":"closed","sticky":false,"template":"","format":"standard","meta":[],"categories":[51],"tags":[],"_links":{"self":[{"href":"https:\/\/gazdasagportal.hu\/index.php\/wp-json\/wp\/v2\/posts\/45207"}],"collection":[{"href":"https:\/\/gazdasagportal.hu\/index.php\/wp-json\/wp\/v2\/posts"}],"about":[{"href":"https:\/\/gazdasagportal.hu\/index.php\/wp-json\/wp\/v2\/types\/post"}],"author":[{"embeddable":true,"href":"https:\/\/gazdasagportal.hu\/index.php\/wp-json\/wp\/v2\/users\/1"}],"replies":[{"embeddable":true,"href":"https:\/\/gazdasagportal.hu\/index.php\/wp-json\/wp\/v2\/comments?post=45207"}],"version-history":[{"count":1,"href":"https:\/\/gazdasagportal.hu\/index.php\/wp-json\/wp\/v2\/posts\/45207\/revisions"}],"predecessor-version":[{"id":45209,"href":"https:\/\/gazdasagportal.hu\/index.php\/wp-json\/wp\/v2\/posts\/45207\/revisions\/45209"}],"wp:featuredmedia":[{"embeddable":true,"href":"https:\/\/gazdasagportal.hu\/index.php\/wp-json\/wp\/v2\/media\/45208"}],"wp:attachment":[{"href":"https:\/\/gazdasagportal.hu\/index.php\/wp-json\/wp\/v2\/media?parent=45207"}],"wp:term":[{"taxonomy":"category","embeddable":true,"href":"https:\/\/gazdasagportal.hu\/index.php\/wp-json\/wp\/v2\/categories?post=45207"},{"taxonomy":"post_tag","embeddable":true,"href":"https:\/\/gazdasagportal.hu\/index.php\/wp-json\/wp\/v2\/tags?post=45207"}],"curies":[{"name":"wp","href":"https:\/\/api.w.org\/{rel}","templated":true}]}}