{"id":45181,"date":"2014-09-22T14:44:50","date_gmt":"2014-09-22T12:44:50","guid":{"rendered":"http:\/\/stockportal.hu\/?p=45181"},"modified":"2014-09-22T14:44:50","modified_gmt":"2014-09-22T12:44:50","slug":"kiemelt-szerepe-van-a-bekelteto-testuleteknek-a-fogyasztovedelemben","status":"publish","type":"post","link":"https:\/\/gazdasagportal.hu\/index.php\/kiemelt-szerepe-van-a-bekelteto-testuleteknek-a-fogyasztovedelemben\/","title":{"rendered":"Kiemelt szerepe van a b\u00e9k\u00e9ltet\u0151 test\u00fcleteknek a fogyaszt\u00f3v\u00e9delemben"},"content":{"rendered":"<p><strong>A p\u00e9nz\u00fcgyi \u00e9s kereskedelmi piacokon, illetve a k\u00f6zszolg\u00e1ltat\u00e1sokn\u00e1l is fel\u00e9rt\u00e9kel\u0151dik a fogyaszt\u00f3v\u00e9delem, s ebben kit\u00fcntetett szerepe van a b\u00e9k\u00e9ltet\u0151 test\u00fcletek tev\u00e9kenys\u00e9g\u00e9nek is &#8211; mondta Szatm\u00e1ry Krist\u00f3f, a Budapesti Kereskedelmi \u00e9s Iparkamara (BKIK) eln\u00f6ke, a BKIK mellett m\u0171k\u00f6d\u0151 Budapesti B\u00e9k\u00e9ltet\u0151 Test\u00fclet \u00e9s a Magyar Nemzeti Bank (MNB) P\u00e9nz\u00fcgyi B\u00e9k\u00e9ltet\u0151 Test\u00fclet\u00e9nek h\u00e9tf\u0151i budapesti konferenci\u00e1j\u00e1n.<\/strong><!--more--><br \/>\n<div class=\"ads-in-post1\"><div id=\"gazdasagportal.hu_fullbanner_wideboard\"><\/div>\r\n<\/div>\n<p>    Az MNB fogyaszt\u00f3i jog\u00e9rv\u00e9nyes\u00edt\u00e9s\u00e9t jelzi, hogy 2014-ben eddig t\u00f6bb mint 300 fogyaszt\u00f3v\u00e9delmi elj\u00e1r\u00e1st ind\u00edtott. Az id\u00e9n lez\u00e1rt vizsg\u00e1latok k\u00f6z\u00fcl 265 esetben \u00e1llap\u00edtott meg jogszab\u00e1lys\u00e9rt\u00e9st, \u00e9s szabott ki t\u00f6bb mint k\u00e9tmilli\u00e1rd forint fogyaszt\u00f3v\u00e9delmi b\u00edrs\u00e1got &#8211; \u00f6sszegezte az MTI-hez eljutatott k\u00f6zlem\u00e9ny szerint Windisch L\u00e1szl\u00f3, a jegybank aleln\u00f6ke. A b\u00fcntet\u00e9sek jelent\u0151s r\u00e9sze az egyoldal\u00fa, a fogyaszt\u00f3kra n\u00e9zve kedvez\u0151tlen szerz\u0151d\u00e9sm\u00f3dos\u00edt\u00e1sokkal kapcsolatos jogs\u00e9rt\u00e9sekhez k\u00f6t\u0151d\u00f6tt.<br \/>\n    Az id\u00e9n eddig kir\u00f3tt piacfel\u00fcgyeleti b\u00edrs\u00e1gok \u00f6sszege is csaknem k\u00e9tmilli\u00e1rd forint.<br \/>\n    Az aleln\u00f6k kiemelte: a b\u00edrs\u00e1gol\u00e1s ugyanakkor csak eszk\u00f6z, a c\u00e9l a proakt\u00edv, \u00fcgyf\u00e9lbar\u00e1t fogyaszt\u00f3v\u00e9delem kialak\u00edt\u00e1sa. Ezt az egyedi jogs\u00e9relmek orvosl\u00e1sa mellett a fogyaszt\u00f3v\u00e9delmi probl\u00e9ma \u00e1tfog\u00f3, rendszerszint\u0171 kezel\u00e9s\u00e9vel, a p\u00e9nz\u00fcgyi piaci szerepl\u0151k k\u00f6z\u00f6tt meghonos\u00edtand\u00f3 &#8222;fair szolg\u00e1ltat\u00f3i&#8221; szeml\u00e9lettel, a kock\u00e1zatok id\u0151ben t\u00f6rt\u00e9n\u0151 felt\u00e1r\u00e1s\u00e1val, term\u00e9kszint\u0171 fel\u00fcgyelet megval\u00f3s\u00edt\u00e1s\u00e1val, illetve a fogyaszt\u00f3k hat\u00e9kony t\u00e1j\u00e9koztat\u00e1s\u00e1val, a p\u00e9nz\u00fcgyi tudatoss\u00e1g er\u0151s\u00edt\u00e9s\u00e9vel k\u00edv\u00e1nja el\u00e9rni az MNB.<br \/>\n    Windisch L\u00e1szl\u00f3 hangs\u00falyozta, hogy a fogyaszt\u00f3kkal t\u00f6rt\u00e9n\u0151 kapcsolattart\u00e1s tov\u00e1bbi \u00faj csatorn\u00e1j\u00e1t jelenti a jegybank b\u00edrs\u00e1gbev\u00e9teleib\u0151l finansz\u00edrozott Civil H\u00e1l\u00f3 ki\u00e9p\u00edt\u00e9se is. Ennek megval\u00f3s\u00edt\u00e1s\u00e1ra az MNB p\u00e1ly\u00e1zatot \u00edrt ki. A jegybank v\u00e9g\u00fcl 20 civil szervezet 21 p\u00e1ly\u00e1zat\u00e1t t\u00e1mogatta, a teljes, 77,5 milli\u00f3 forintnyi p\u00e1ly\u00e1zati \u00f6sszeg oda\u00edt\u00e9l\u00e9s\u00e9vel. Az elb\u00edr\u00e1l\u00e1sn\u00e1l alapvet\u0151 szempont volt, hogy a lehet\u0151 legt\u00f6bb projektet t\u00e1mogass\u00e1k, amelyek min\u00e9l t\u00f6bb r\u00e9gi\u00f3t \u00e9s c\u00e9lcsoportbeli fogyaszt\u00f3t \u00e9rnek el.<br \/>\n    Az elm\u00falt h\u00e1rom \u00e9vben csaknem 15 ezer fogyaszt\u00f3, illetve v\u00e1llalkoz\u00e1s vette ig\u00e9nybe a Budapesti B\u00e9k\u00e9ltet\u0151 Test\u00fclet szolg\u00e1ltat\u00e1sait. A fogyaszt\u00f3v\u00e9delmi t\u00f6rv\u00e9ny m\u00f3dos\u00edt\u00e1sa miatt a test\u00fcletnek m\u00e9g nagyobb szerepe lesz a j\u00f6v\u0151ben. Az Eur\u00f3pai Uni\u00f3b\u00f3l b\u00e1rki fordulhat hozz\u00e1 seg\u00edts\u00e9g\u00e9rt, hogy rendezze hat\u00e1ron \u00e1tny\u00fal\u00f3 \u00fcgy\u00e9t, ha online v\u00e1s\u00e1rolt, illetve a magyar fogyaszt\u00f3k is, ha uni\u00f3s keresked\u0151vel van vit\u00e1juk &#8211; hangs\u00falyozta a k\u00f6zlem\u00e9ny szerint Baranovszky Gy\u00f6rgy, a b\u00e9k\u00e9ltet\u0151 test\u00fclet eln\u00f6ke.<br \/>\n    Kov\u00e1cs Erika, a P\u00e9nz\u00fcgyi B\u00e9k\u00e9ltet\u0151 Test\u00fclet (PBT) eln\u00f6ke elmondta: a test\u00fclet, b\u00edr\u00f3s\u00e1gi szerepk\u00f6rt is ell\u00e1tva, eddigi feladatain t\u00fal a fogyaszt\u00f3i k\u00f6lcs\u00f6nszerz\u0151d\u00e9sek elsz\u00e1mol\u00e1s\u00e1val kapcsolatos jogvit\u00e1k els\u0151dleges f\u00f3ruma lesz a form\u00e1l\u00f3d\u00f3 elsz\u00e1mol\u00e1si t\u00f6rv\u00e9ny erre vonatkoz\u00f3 tervezett rendelkez\u00e9se alapj\u00e1n.<br \/>\n    A PBT az Orsz\u00e1ggy\u0171l\u00e9s el\u0151tt l\u00e9v\u0151 elsz\u00e1mol\u00e1si t\u00f6rv\u00e9nytervezet szerint a fogyaszt\u00f3k k\u00e9relme alapj\u00e1n, a p\u00e9nz\u00fcgyi szolg\u00e1ltat\u00f3 sz\u00e1m\u00edt\u00e1si hib\u00e1ja eset\u00e9n a helyes elsz\u00e1mol\u00e1st meg\u00e1llap\u00edthatn\u00e1 \u00e9s k\u00f6telezhetn\u00e9 a p\u00e9nz\u00fcgyi szolg\u00e1ltat\u00f3t annak v\u00e9grehajt\u00e1s\u00e1ra. Szint\u00e9n d\u00f6nthetne a p\u00e9nz\u00fcgyi szolg\u00e1ltat\u00f3 \u00e1ltal elk\u00e9settnek min\u0151s\u00edtett panasz alapj\u00e1n a panaszkezel\u00e9si elj\u00e1r\u00e1s lefolytat\u00e1s\u00e1r\u00f3l, s k\u00f6telezhetn\u00e9 az int\u00e9zm\u00e9nyt arra is, hogy k\u00e9sz\u00edtsen elsz\u00e1mol\u00e1st az \u00fcgyf\u00e9lnek, ha ezt a jogszab\u00e1lyi el\u0151\u00edr\u00e1s ellen\u00e9re nem tette meg. A PBT ezen \u00fcgyekben egyezs\u00e9g hi\u00e1ny\u00e1ban hozott \u00f6n\u00e1ll\u00f3 d\u00f6nt\u00e9sei a t\u00f6rv\u00e9ny alapj\u00e1n a szolg\u00e1ltat\u00f3kat akkor is k\u00f6telezik, ha el\u0151zetesen nem vetett\u00e9k al\u00e1 magukat az elj\u00e1r\u00e1snak &#8211; hangs\u00falyozta Kov\u00e1cs Erika.(MTI)<\/p>\n","protected":false},"excerpt":{"rendered":"<p>A p\u00e9nz\u00fcgyi \u00e9s kereskedelmi piacokon, illetve a k\u00f6zszolg\u00e1ltat\u00e1sokn\u00e1l is fel\u00e9rt\u00e9kel\u0151dik a fogyaszt\u00f3v\u00e9delem, s ebben kit\u00fcntetett szerepe van a b\u00e9k\u00e9ltet\u0151 test\u00fcletek tev\u00e9kenys\u00e9g\u00e9nek is &#8211; mondta Szatm\u00e1ry Krist\u00f3f, a Budapesti Kereskedelmi \u00e9s Iparkamara (BKIK) eln\u00f6ke, a BKIK mellett m\u0171k\u00f6d\u0151 Budapesti B\u00e9k\u00e9ltet\u0151 Test\u00fclet \u00e9s a Magyar Nemzeti Bank (MNB) P\u00e9nz\u00fcgyi B\u00e9k\u00e9ltet\u0151 Test\u00fclet\u00e9nek h\u00e9tf\u0151i budapesti konferenci\u00e1j\u00e1n.<\/p>\n","protected":false},"author":1,"featured_media":0,"comment_status":"open","ping_status":"closed","sticky":false,"template":"","format":"standard","meta":[],"categories":[19],"tags":[],"_links":{"self":[{"href":"https:\/\/gazdasagportal.hu\/index.php\/wp-json\/wp\/v2\/posts\/45181"}],"collection":[{"href":"https:\/\/gazdasagportal.hu\/index.php\/wp-json\/wp\/v2\/posts"}],"about":[{"href":"https:\/\/gazdasagportal.hu\/index.php\/wp-json\/wp\/v2\/types\/post"}],"author":[{"embeddable":true,"href":"https:\/\/gazdasagportal.hu\/index.php\/wp-json\/wp\/v2\/users\/1"}],"replies":[{"embeddable":true,"href":"https:\/\/gazdasagportal.hu\/index.php\/wp-json\/wp\/v2\/comments?post=45181"}],"version-history":[{"count":1,"href":"https:\/\/gazdasagportal.hu\/index.php\/wp-json\/wp\/v2\/posts\/45181\/revisions"}],"predecessor-version":[{"id":45182,"href":"https:\/\/gazdasagportal.hu\/index.php\/wp-json\/wp\/v2\/posts\/45181\/revisions\/45182"}],"wp:attachment":[{"href":"https:\/\/gazdasagportal.hu\/index.php\/wp-json\/wp\/v2\/media?parent=45181"}],"wp:term":[{"taxonomy":"category","embeddable":true,"href":"https:\/\/gazdasagportal.hu\/index.php\/wp-json\/wp\/v2\/categories?post=45181"},{"taxonomy":"post_tag","embeddable":true,"href":"https:\/\/gazdasagportal.hu\/index.php\/wp-json\/wp\/v2\/tags?post=45181"}],"curies":[{"name":"wp","href":"https:\/\/api.w.org\/{rel}","templated":true}]}}