{"id":45179,"date":"2014-09-22T14:15:43","date_gmt":"2014-09-22T12:15:43","guid":{"rendered":"http:\/\/stockportal.hu\/?p=45179"},"modified":"2014-09-22T14:15:43","modified_gmt":"2014-09-22T12:15:43","slug":"iszlam-allam-kinai-szovivo-ujgur-nemzetisegu-kinaiak-is-egyuttmukodnek-az-iszlam-allammal","status":"publish","type":"post","link":"https:\/\/gazdasagportal.hu\/index.php\/iszlam-allam-kinai-szovivo-ujgur-nemzetisegu-kinaiak-is-egyuttmukodnek-az-iszlam-allammal\/","title":{"rendered":"Iszl\u00e1m \u00c1llam &#8211; K\u00ednai sz\u00f3viv\u0151: ujgur nemzetis\u00e9g\u0171 k\u00ednaiak is egy\u00fcttm\u0171k\u00f6dnek az Iszl\u00e1m \u00c1llammal"},"content":{"rendered":"<p><strong>K\u00ednai fegyveresek terrorista kik\u00e9pz\u00e9sben r\u00e9szes\u00fclnek \u00e9s egy\u00fcttm\u0171k\u00f6dnek k\u00fclf\u00f6ldi terrorszervezetekkel &#8211; jegyezte meg a k\u00ednai k\u00fcl\u00fcgyi sz\u00f3viv\u0151 h\u00e9tf\u0151n arra a k\u00e9rd\u00e9sre, hogy lap\u00e9rtes\u00fcl\u00e9sek szerint ujgur nemzetis\u00e9g\u0171 k\u00ednaiak is egy\u00fcttm\u0171k\u00f6dnek az Iszl\u00e1m \u00c1llam (I\u00c1) nev\u0171 dzsihadista szervezettel.<\/strong><!--more--><br \/>\n<div class=\"ads-in-post1\"><div id=\"gazdasagportal.hu_fullbanner_wideboard\"><\/div>\r\n<\/div>\n<p>    Hua Csun-jing a szok\u00e1sos k\u00fcl\u00fcgyminiszt\u00e9riumi t\u00e1j\u00e9koztat\u00f3n nem bocs\u00e1tkozott r\u00e9szletekbe, de megnevezte az \u00fagynevezett kelet-turkeszt\u00e1ni, vagyis az \u00c9szaknyugat-K\u00edna f\u00fcggetlens\u00e9g\u00e9t hirdet\u0151 er\u0151ket, mint amelyek &#8211; tudom\u00e1sa szerint &#8211; harcosokat k\u00fcldtek k\u00fclf\u00f6ldre.<br \/>\n    A sz\u00f3viv\u0151t a Global Times c\u00edm\u0171 lapban h\u00e9tf\u0151n megjelent \u00edr\u00e1s alapj\u00e1n k\u00e9rdezt\u00e9k, amelynek inform\u00e1ci\u00f3i szerint a muszlim ujgurok k\u00fclf\u00f6ldre k\u00fcld\u00e9se nemcsak a k\u00fcl\u00f6nb\u00f6z\u0151 harci technik\u00e1k elsaj\u00e1t\u00edt\u00e1s\u00e1t szolg\u00e1lja, hanem a nemzetk\u00f6zi kapcsolat kialak\u00edt\u00e1s\u00e1t is. Ez &#8211; tett\u00e9k hozz\u00e1 &#8211; a hazai terrorcselekm\u00e9nyek k\u00fcls\u0151 t\u00e1mogat\u00e1s\u00e1t vonhatja maga ut\u00e1n.<br \/>\n    A Global Times szak\u00e9rt\u0151 inform\u00e1tor\u00e1ra hivatkozva azt \u00e1ll\u00edtotta, hogy hszincsiangi harcosok nem csak Sz\u00edri\u00e1ban \u00e9s Irakban t\u0171nnek fel az Iszl\u00e1m \u00c1llam oldal\u00e1n, de az I\u00c1 d\u00e9lkelet-\u00e1zsiai tev\u00e9kenys\u00e9g\u00e9b\u0151l is r\u00e9szt v\u00e1llalnak. A lap besz\u00e1mol r\u00f3la, hogy nemr\u00e9giben n\u00e9gy ujgur gyan\u00fas\u00edtottat fogtak el Indon\u00e9zi\u00e1ban. Valamennyien el\u0151sz\u00f6r Kambodzs\u00e1ba sz\u00f6ktek, ahonnan Thaif\u00f6ldre mentek tov\u00e1bb. Az ott szerzett hamis t\u00f6r\u00f6k \u00fatlevelekkel utaztak tov\u00e1bb Indon\u00e9zi\u00e1ba, hogy a helyi sz\u00e9ls\u0151s\u00e9gesekkel felvegy\u00e9k a kapcsolatot. A hat\u00f3s\u00e1gok \u0151rizetbe vett\u00e9k \u0151ket.<br \/>\n    Az els\u0151 azzal kapcsolatos h\u00edrek, hogy Sz\u00edri\u00e1ban, illetve Irakban v\u00e9lhet\u0151en k\u00ednai muszlimok is harcolnak, m\u00e9g j\u00faliusban l\u00e1ttak napvil\u00e1got. Akkor K\u00edna k\u00f6zel-keleti \u00fcgyek\u00e9rt felel\u0151s k\u00fcl\u00f6nmegb\u00edzottja azt nyilatkozta, hogy a K\u00f6zel-Kelet \u00e9s k\u00fcl\u00f6n\u00f6sen Sz\u00edria kiv\u00e1l\u00f3 kik\u00e9pz\u00e9si terepet ny\u00fajtott \u00e9s ny\u00fajt a k\u00fcl\u00f6nb\u00f6z\u0151 orsz\u00e1gokb\u00f3l verbuv\u00e1l\u00f3dott terrorcsoportoknak. Megjegyezte, &#8222;k\u00fclf\u00f6ldi m\u00e9diajelent\u00e9sekb\u0151l&#8221; arra k\u00f6vetkeztetni, hogy a K\u00edn\u00e1b\u00f3l \u00e9rkezettek &#8211; f\u0151leg Sz\u00edri\u00e1ban &#8211; sz\u00e1z k\u00f6r\u00fcl lehetnek.<br \/>\n    K\u00edna j\u00f3 ideje a k\u00fclf\u00f6ldi sz\u00e9khely\u0171 szeparatist\u00e1kat, els\u0151sorban a Kelet-Turkeszt\u00e1ni Iszl\u00e1m Mozgalom (ETIM) nev\u0171 terrorszervezetet v\u00e1dolja az orsz\u00e1gban a muszlim vall\u00e1s\u00fa ujgur nemzetis\u00e9g\u0171ek \u00e1ltal elk\u00f6vetett mer\u00e9nyletek szervez\u00e9s\u00e9vel, a vall\u00e1si sz\u00e9ls\u0151s\u00e9gesek felbujt\u00e1s\u00e1val. A k\u00f6zelm\u00faltban t\u00f6bb alkalommal is egy mag\u00e1t Turkeszt\u00e1ni Iszl\u00e1m P\u00e1rtnak (TIP) nevez\u0151 iszlamista csoport v\u00e1llalta mag\u00e1ra a felel\u0151ss\u00e9get video\u00fczenet\u00e9ben egy-egy akci\u00f3\u00e9rt. K\u00ednai szak\u00e9rt\u0151k szerint a TIP az ETIM-hez tartozik.(MTI)<\/p>\n","protected":false},"excerpt":{"rendered":"<p>K\u00ednai fegyveresek terrorista kik\u00e9pz\u00e9sben r\u00e9szes\u00fclnek \u00e9s egy\u00fcttm\u0171k\u00f6dnek k\u00fclf\u00f6ldi terrorszervezetekkel &#8211; jegyezte meg a k\u00ednai k\u00fcl\u00fcgyi sz\u00f3viv\u0151 h\u00e9tf\u0151n arra a k\u00e9rd\u00e9sre, hogy lap\u00e9rtes\u00fcl\u00e9sek szerint ujgur nemzetis\u00e9g\u0171 k\u00ednaiak is egy\u00fcttm\u0171k\u00f6dnek az Iszl\u00e1m \u00c1llam (I\u00c1) nev\u0171 dzsihadista szervezettel.<\/p>\n","protected":false},"author":1,"featured_media":0,"comment_status":"open","ping_status":"closed","sticky":false,"template":"","format":"standard","meta":[],"categories":[16],"tags":[],"_links":{"self":[{"href":"https:\/\/gazdasagportal.hu\/index.php\/wp-json\/wp\/v2\/posts\/45179"}],"collection":[{"href":"https:\/\/gazdasagportal.hu\/index.php\/wp-json\/wp\/v2\/posts"}],"about":[{"href":"https:\/\/gazdasagportal.hu\/index.php\/wp-json\/wp\/v2\/types\/post"}],"author":[{"embeddable":true,"href":"https:\/\/gazdasagportal.hu\/index.php\/wp-json\/wp\/v2\/users\/1"}],"replies":[{"embeddable":true,"href":"https:\/\/gazdasagportal.hu\/index.php\/wp-json\/wp\/v2\/comments?post=45179"}],"version-history":[{"count":1,"href":"https:\/\/gazdasagportal.hu\/index.php\/wp-json\/wp\/v2\/posts\/45179\/revisions"}],"predecessor-version":[{"id":45180,"href":"https:\/\/gazdasagportal.hu\/index.php\/wp-json\/wp\/v2\/posts\/45179\/revisions\/45180"}],"wp:attachment":[{"href":"https:\/\/gazdasagportal.hu\/index.php\/wp-json\/wp\/v2\/media?parent=45179"}],"wp:term":[{"taxonomy":"category","embeddable":true,"href":"https:\/\/gazdasagportal.hu\/index.php\/wp-json\/wp\/v2\/categories?post=45179"},{"taxonomy":"post_tag","embeddable":true,"href":"https:\/\/gazdasagportal.hu\/index.php\/wp-json\/wp\/v2\/tags?post=45179"}],"curies":[{"name":"wp","href":"https:\/\/api.w.org\/{rel}","templated":true}]}}