{"id":45131,"date":"2014-09-22T02:44:20","date_gmt":"2014-09-22T00:44:20","guid":{"rendered":"http:\/\/stockportal.hu\/?p=45131"},"modified":"2014-09-21T22:05:08","modified_gmt":"2014-09-21T20:05:08","slug":"iszlam-allam-washington-szerint-mas-orszagok-is-keszek-lesujtani-a-terroristakra-sziriaban","status":"publish","type":"post","link":"https:\/\/gazdasagportal.hu\/index.php\/iszlam-allam-washington-szerint-mas-orszagok-is-keszek-lesujtani-a-terroristakra-sziriaban\/","title":{"rendered":"Iszl\u00e1m \u00c1llam &#8211; Washington szerint m\u00e1s orsz\u00e1gok is k\u00e9szek les\u00fajtani a terrorist\u00e1kra Sz\u00edri\u00e1ban"},"content":{"rendered":"<p><strong>Nem az Egyes\u00fclt \u00c1llamok az egyed\u00fcli orsz\u00e1g, amely k\u00e9sz Sz\u00edria ter\u00fclet\u00e9n is l\u00e9gicsap\u00e1st m\u00e9rni az Iszl\u00e1m \u00c1llam (I\u00c1) elnevez\u00e9s\u0171 terrorszervezetre &#8211; jelentette ki vas\u00e1rnap Samantha Power, az amerikai eln\u00f6k nemzetbiztons\u00e1gi tan\u00e1csad\u00f3ja.<\/strong><!--more--><br \/>\n<div class=\"ads-in-post1\"><div id=\"gazdasagportal.hu_fullbanner_wideboard\"><\/div>\r\n<\/div>\n<p>    Power, aki a CBS \u00e9s az ABC telev\u00edzi\u00f3nak nyilatkozott, k\u00f6z\u00f6lte, hogy Washington kapott olyan jelz\u00e9seket, amelyek szerint m\u00e1s orsz\u00e1gok is hajland\u00f3ak lenn\u00e9nek az I\u00c1 elleni sz\u00edriai l\u00e9gi h\u00e1bor\u00fara, de kit\u00e9rt az el\u0151l, hogy megnevezze \u0151ket. A tan\u00e1csad\u00f3 r\u00e1mutatott: az Egyes\u00fclt \u00c1llamok az \u00e9rintettekre b\u00edzza annak bejelent\u00e9s\u00e9t, hogy milyen m\u00f3don j\u00e1rulnak hozz\u00e1 a koal\u00edci\u00f3hoz. Szavai szerint erre nem kell m\u00e1r sok\u00e1ig v\u00e1rni.<br \/>\n    Barack Obama eln\u00f6k augusztus 8-\u00e1n rendelte el az iraki I\u00c1-c\u00e9lpontok elleni l\u00e9gicsap\u00e1sokat, majd szeptember 20-\u00e9n telev\u00edzi\u00f3s besz\u00e9d\u00e9ben k\u00f6z\u00f6lte, hogy egy nemzetk\u00f6zi koal\u00edci\u00f3 \u00e9l\u00e9re \u00e1llva Sz\u00edri\u00e1ra is kiterjeszti az I\u00c1 elleni katonai fell\u00e9p\u00e9st, amit Moszkva \u00e9s Damaszkusz egyar\u00e1nt a nemzetk\u00f6zi jog megs\u00e9rt\u00e9sek\u00e9nt \u00e9rt\u00e9kelt.<br \/>\n    Az amerikai kongresszus a h\u00e9ten j\u00f3v\u00e1hagyta, hogy f\u00e9lmilli\u00e1rd doll\u00e1rt ford\u00edtsanak a m\u00e9rs\u00e9keltnek tekintett sz\u00edriai felkel\u0151k felfegyverz\u00e9s\u00e9re \u00e9s kik\u00e9pz\u00e9s\u00e9re, akik Power szavai szerint december \u00f3ta harcolnak egyszerre az I\u00c1 \u00e9s az Aszad-rezsim er\u0151ivel. Irakban jelenleg mintegy 1600 amerikai katona \u00e1llom\u00e1sozik.<br \/>\n    Obama eln\u00f6k szerd\u00e1n az ENSZ-k\u00f6zgy\u0171l\u00e9sen mond majd besz\u00e9det, amelyben v\u00e1rakoz\u00e1sok szerint az I\u00c1 elleni vil\u00e1gm\u00e9ret\u0171 \u00f6sszefog\u00e1st fogja szorgalmazni. A vil\u00e1gszervezet tag\u00e1llamainak vezet\u0151i szint\u0171 tan\u00e1cskoz\u00e1s\u00e1n az el\u0151rejelz\u00e9sek szerint intenz\u00edv amerikai lobbiz\u00e1sra lehet majd sz\u00e1m\u00edtani. Amerikai sajt\u00f3\u00e9rtes\u00fcl\u00e9sek szerint egy\u00e9bk\u00e9nt a sz\u00edriai terrorista c\u00e9lpontok elleni l\u00e9gicsap\u00e1sok m\u00e1r a j\u00f6v\u0151 h\u00e9ten elkezd\u0151dhetnek \u00e9s washingtoni rem\u00e9nyek szerint azokhoz legal\u00e1bb egy-k\u00e9t sz\u00f6vets\u00e9ges \u00e1llam csatlakozik majd.<br \/>\n    Franciaorsz\u00e1g a m\u00falt h\u00e9ten megkezdte az I\u00c1 iraki \u00e1ll\u00e1sainak bomb\u00e1z\u00e1s\u00e1t, de Francois Hollande francia eln\u00f6k kiz\u00e1rta, hogy Sz\u00edria l\u00e9gter\u00e9be is harci g\u00e9peket vez\u00e9nyeljen. Sza\u00fad-Ar\u00e1bia abba egyezett bele, hogy a sz\u00edriai felkel\u0151ket az \u0151 ter\u00fclet\u00e9n k\u00e9pezz\u00e9k ki. Power mind P\u00e1ris, mind Rij\u00e1d t\u00e1mogat\u00e1s\u00e1t m\u00e9lt\u00e1nyolta.<br \/>\n    Az amerikai k\u00fcl\u00fcgymiszt\u00e9rium a h\u00e9tv\u00e9g\u00e9n k\u00f6zz\u00e9tett egy list\u00e1t amely szerint az I\u00c1 elleni 58 tag\u00fa koal\u00edci\u00f3ban az Egyes\u00fclt \u00c1llamok mellett a k\u00f6vetkez\u0151 partnerorsz\u00e1gok \u00e9s szervezetek vesznek r\u00e9szt valamilyen form\u00e1ban: Alb\u00e1nia, Andorra, Arab Liga, Ausztr\u00e1lia, Ausztria, Bahrein, Belgium, Bosznia, Bulg\u00e1ria, Kanada, Horv\u00e1torsz\u00e1g, Ciprus, Csehorsz\u00e1g, D\u00e1nia,  Egyes\u00fclt Arab Em\u00edrs\u00e9gek, Egyiptom, \u00c9sztorsz\u00e1g, az Eur\u00f3pai Uni\u00f3, Finnorsz\u00e1g, Franciaorsz\u00e1g, Hollandia, N\u00e9metorsz\u00e1g, G\u00f6r\u00f6gorsz\u00e1g, Magyarorsz\u00e1g, \u00cdrorsz\u00e1g, Olaszorsz\u00e1g, Irak, Jap\u00e1n, Jord\u00e1nia, Koszov\u00f3, Kuvait, Libanon, Litv\u00e1nia, Luxemburg, Maced\u00f3nia, M\u00e1lta, Montenegr\u00f3, Moldova, Marokk\u00f3, Nagy-Britannia, a NATO, \u00daj-Z\u00e9land, Norv\u00e9gia, Om\u00e1n, Lengyelorsz\u00e1g, Portug\u00e1lia, Katar, D\u00e9l-Korea, Rom\u00e1nia, Spanyolorsz\u00e1g, Sza\u00fad-Ar\u00e1bia, Szerbia, Szlov\u00e1kia, Szlov\u00e9nia, Sv\u00e9dorsz\u00e1g, T\u00f6r\u00f6korsz\u00e1g \u00e9s Ukrajna.(MTI)<\/p>\n","protected":false},"excerpt":{"rendered":"<p>Nem az Egyes\u00fclt \u00c1llamok az egyed\u00fcli orsz\u00e1g, amely k\u00e9sz Sz\u00edria ter\u00fclet\u00e9n is l\u00e9gicsap\u00e1st m\u00e9rni az Iszl\u00e1m \u00c1llam (I\u00c1) elnevez\u00e9s\u0171 terrorszervezetre &#8211; jelentette ki vas\u00e1rnap Samantha Power, az amerikai eln\u00f6k nemzetbiztons\u00e1gi tan\u00e1csad\u00f3ja.<\/p>\n","protected":false},"author":1,"featured_media":0,"comment_status":"open","ping_status":"closed","sticky":false,"template":"","format":"standard","meta":[],"categories":[16],"tags":[],"_links":{"self":[{"href":"https:\/\/gazdasagportal.hu\/index.php\/wp-json\/wp\/v2\/posts\/45131"}],"collection":[{"href":"https:\/\/gazdasagportal.hu\/index.php\/wp-json\/wp\/v2\/posts"}],"about":[{"href":"https:\/\/gazdasagportal.hu\/index.php\/wp-json\/wp\/v2\/types\/post"}],"author":[{"embeddable":true,"href":"https:\/\/gazdasagportal.hu\/index.php\/wp-json\/wp\/v2\/users\/1"}],"replies":[{"embeddable":true,"href":"https:\/\/gazdasagportal.hu\/index.php\/wp-json\/wp\/v2\/comments?post=45131"}],"version-history":[{"count":1,"href":"https:\/\/gazdasagportal.hu\/index.php\/wp-json\/wp\/v2\/posts\/45131\/revisions"}],"predecessor-version":[{"id":45132,"href":"https:\/\/gazdasagportal.hu\/index.php\/wp-json\/wp\/v2\/posts\/45131\/revisions\/45132"}],"wp:attachment":[{"href":"https:\/\/gazdasagportal.hu\/index.php\/wp-json\/wp\/v2\/media?parent=45131"}],"wp:term":[{"taxonomy":"category","embeddable":true,"href":"https:\/\/gazdasagportal.hu\/index.php\/wp-json\/wp\/v2\/categories?post=45131"},{"taxonomy":"post_tag","embeddable":true,"href":"https:\/\/gazdasagportal.hu\/index.php\/wp-json\/wp\/v2\/tags?post=45131"}],"curies":[{"name":"wp","href":"https:\/\/api.w.org\/{rel}","templated":true}]}}