{"id":45117,"date":"2014-09-21T20:51:11","date_gmt":"2014-09-21T18:51:11","guid":{"rendered":"http:\/\/stockportal.hu\/?p=45117"},"modified":"2014-09-21T20:51:11","modified_gmt":"2014-09-21T18:51:11","slug":"tizezrek-tiltakoztak-new-yorkban-a-klimavaltozas-ellen","status":"publish","type":"post","link":"https:\/\/gazdasagportal.hu\/index.php\/tizezrek-tiltakoztak-new-yorkban-a-klimavaltozas-ellen\/","title":{"rendered":"T\u00edzezrek tiltakoztak New Yorkban a kl\u00edmav\u00e1ltoz\u00e1s ellen"},"content":{"rendered":"<p><strong>T\u00f6bb t\u00edzezren vonultak fel vas\u00e1rnap New Yorkban a kl\u00edmav\u00e1ltoz\u00e1s elleni fell\u00e9p\u00e9s vil\u00e1gnapja alkalm\u00e1b\u00f3l.<\/strong><!--more--><br \/>\n<div class=\"ads-in-post1\"><div id=\"gazdasagportal.hu_fullbanner_wideboard\"><\/div>\r\n<\/div>\n<p>    A szervez\u0151k szerint \u00f6t \u00e9ve a vil\u00e1gon sehol nem siker\u00fclt ekkora t\u00f6meget megmozgatni az \u00fcgy \u00e9rdek\u00e9ben: a Manhattan k\u00f6zpontj\u00e1n mintegy h\u00e1rom \u00e9s f\u00e9l kilom\u00e9ter hosszan a N\u00e9pi Kl\u00edmamenet keret\u00e9ben felvonul\u00f3, sz\u00e1zezresnek mondott t\u00f6meghez csatlakozott Ban Ki Mun, az ENSZ f\u0151titk\u00e1ra, Bill de Blasio New York-i polg\u00e1rmester, Al Gore volt amerikai aleln\u00f6k, Leonardi DiCaprio \u00e9s Mark Ruffalo sz\u00edn\u00e9sz, valamint t\u00f6bb amerikai szen\u00e1tor is.<br \/>\n    A ENSZ-ben kedden kezd\u0151dik majd cs\u00facstal\u00e1lkoz\u00f3 a k\u00f6rnyezetre vesz\u00e9lyes sz\u00e9ng\u00e1z-kibocs\u00e1t\u00e1s cs\u00f6kkent\u00e9s\u00e9r\u0151l, amelyen felsz\u00f3lal majd \u00c1der J\u00e1nos k\u00f6zt\u00e1rsas\u00e1gi eln\u00f6k is. A vil\u00e1gszervezet \u00e1ltal megrendezend\u0151 cs\u00facson a v\u00e1rakoz\u00e1sok szerint kialak\u00edtj\u00e1k a j\u00f6v\u0151re P\u00e1rizsban a k\u00e1rosanyag-kibocs\u00e1t\u00e1s korl\u00e1toz\u00e1s\u00e1r\u00f3l al\u00e1\u00edrand\u00f3 egyezm\u00e9ny kereteit.<br \/>\n    A szervez\u0151k szerint a New York-i rendezv\u00e9nyre, amellyel p\u00e1rhuzamosan a tervek szerint t\u00f6bb mint 150 orsz\u00e1gban mintegy 2700 megmozdul\u00e1snak kellett lezajlania, 550 aut\u00f3busszal \u00e9rkeztek a r\u00e9szvev\u0151k \u00c9szak-Amerika nagy- \u00e9s kisv\u00e1rosaib\u00f3l.<br \/>\n    De Blasio polg\u00e1rmester a h\u00e9tv\u00e9g\u00e9n ismertette \u00faj terv\u00e9t, amelynek \u00e9rtelm\u00e9ben a metropoliszban 2050-re a 2005-\u00f6s szintr\u0151l 80 sz\u00e1zal\u00e9kkal cs\u00f6kkentik az \u00fcvegh\u00e1zhat\u00e1s\u00fa g\u00e1zok kibocs\u00e1t\u00e1s\u00e1t. A v\u00e1ros tulajdon\u00e1ban l\u00e9v\u0151 3 ezer jelent\u0151sebb \u00e9p\u00fcletet energiatakar\u00e9kos f\u0171t\u00e9sre, h\u0171t\u00e9sre \u00e9s vil\u00e1g\u00edt\u00e1sra alak\u00edtj\u00e1k \u00e1t.<br \/>\n    &#8222;A kl\u00edmav\u00e1ltoz\u00e1s egzisztenci\u00e1lis fenyeget\u00e9s a New York-iak \u00e9s az eg\u00e9sz vil\u00e1g sz\u00e1m\u00e1ra. Most cselekedni erk\u00f6lcsi k\u00f6teless\u00e9g&#8221; &#8211; mondta de Blasio.<br \/>\n    Hasonl\u00f3 nagys\u00e1g\u00fa, t\u00f6bb t\u00edzezres kl\u00edmav\u00e1ltoz\u00e1s elleni t\u00fcntet\u00e9st utolj\u00e1ra 2009-ben Koppenh\u00e1g\u00e1ban tartottak.(MTI)<\/p>\n","protected":false},"excerpt":{"rendered":"<p>T\u00f6bb t\u00edzezren vonultak fel vas\u00e1rnap New Yorkban a kl\u00edmav\u00e1ltoz\u00e1s elleni fell\u00e9p\u00e9s vil\u00e1gnapja alkalm\u00e1b\u00f3l.<\/p>\n","protected":false},"author":1,"featured_media":0,"comment_status":"open","ping_status":"closed","sticky":false,"template":"","format":"standard","meta":[],"categories":[13],"tags":[],"_links":{"self":[{"href":"https:\/\/gazdasagportal.hu\/index.php\/wp-json\/wp\/v2\/posts\/45117"}],"collection":[{"href":"https:\/\/gazdasagportal.hu\/index.php\/wp-json\/wp\/v2\/posts"}],"about":[{"href":"https:\/\/gazdasagportal.hu\/index.php\/wp-json\/wp\/v2\/types\/post"}],"author":[{"embeddable":true,"href":"https:\/\/gazdasagportal.hu\/index.php\/wp-json\/wp\/v2\/users\/1"}],"replies":[{"embeddable":true,"href":"https:\/\/gazdasagportal.hu\/index.php\/wp-json\/wp\/v2\/comments?post=45117"}],"version-history":[{"count":1,"href":"https:\/\/gazdasagportal.hu\/index.php\/wp-json\/wp\/v2\/posts\/45117\/revisions"}],"predecessor-version":[{"id":45118,"href":"https:\/\/gazdasagportal.hu\/index.php\/wp-json\/wp\/v2\/posts\/45117\/revisions\/45118"}],"wp:attachment":[{"href":"https:\/\/gazdasagportal.hu\/index.php\/wp-json\/wp\/v2\/media?parent=45117"}],"wp:term":[{"taxonomy":"category","embeddable":true,"href":"https:\/\/gazdasagportal.hu\/index.php\/wp-json\/wp\/v2\/categories?post=45117"},{"taxonomy":"post_tag","embeddable":true,"href":"https:\/\/gazdasagportal.hu\/index.php\/wp-json\/wp\/v2\/tags?post=45117"}],"curies":[{"name":"wp","href":"https:\/\/api.w.org\/{rel}","templated":true}]}}