{"id":45110,"date":"2014-09-21T14:28:17","date_gmt":"2014-09-21T12:28:17","guid":{"rendered":"http:\/\/stockportal.hu\/?p=45110"},"modified":"2014-09-21T13:29:06","modified_gmt":"2014-09-21T11:29:06","slug":"a-devizahitelesek-kartalanitasarol-es-uj-alkotmanybirakrol-is-szavaz-a-haz","status":"publish","type":"post","link":"https:\/\/gazdasagportal.hu\/index.php\/a-devizahitelesek-kartalanitasarol-es-uj-alkotmanybirakrol-is-szavaz-a-haz\/","title":{"rendered":"A devizahitelesek k\u00e1rtalan\u00edt\u00e1s\u00e1r\u00f3l \u00e9s \u00faj alkotm\u00e1nyb\u00edr\u00e1kr\u00f3l is szavaz a H\u00e1z"},"content":{"rendered":"<p><strong>A megszokott\u00f3l elt\u00e9r\u0151en szerd\u00e1n \u00e9s p\u00e9nteken \u00fcl\u00e9sezik az Orsz\u00e1ggy\u0171l\u00e9s a j\u00f6v\u0151 h\u00e9ten. A k\u00e9pvisel\u0151k a h\u00e9t k\u00f6zep\u00e9n elfogadhatj\u00e1k a bankok elsz\u00e1moltat\u00e1s\u00e1r\u00f3l sz\u00f3l\u00f3 korm\u00e1nyzati t\u00f6rv\u00e9nyjavaslatot, amelynek eredm\u00e9nyek\u00e9nt a kabinet sz\u00e1m\u00edt\u00e1sai szerint \u00e1tlagosan ak\u00e1r harmad\u00e1val is cs\u00f6kkenhetnek a devizahitelesek t\u00f6rleszt\u0151r\u00e9szletei. A parlament emellett szerd\u00e1n \u00faj alkotm\u00e1nyb\u00edr\u00e1kat is v\u00e1laszthat, m\u00edg p\u00e9nteken a paksi b\u0151v\u00edt\u00e9sr\u0151l tarthatnak vit\u00e1t.<\/strong><!--more--><br \/>\n<div class=\"ads-in-post1\"><div id=\"gazdasagportal.hu_fullbanner_wideboard\"><\/div>\r\n<\/div>\n<p>    A h\u00e1zeln\u00f6k el\u0151zetes napirendi javaslata szerint az interpell\u00e1ci\u00f3kra, valamint azonnali k\u00e9rd\u00e9sekre \u00e9s k\u00e9rd\u00e9sekre a szerdai \u00fcl\u00e9snapon ker\u00fcl sor \u00e9s ekkor fogadhatj\u00e1k el az \u0151szi \u00fcl\u00e9sszak egyik legfontosabb t\u00f6rv\u00e9ny\u00e9t, amellyel a korm\u00e1ny a bankok elsz\u00e1moltat\u00e1s\u00e1ra t\u00f6rekszik. Orb\u00e1n Viktor minisztereln\u00f6k h\u00e9tf\u0151i parlamenti felsz\u00f3lal\u00e1s\u00e1ban t\u00f6rt\u00e9nelmi jelent\u0151s\u00e9g\u0171nek nevezte a devizahitelesek megseg\u00edt\u00e9s\u00e9t. A korm\u00e1nyf\u0151 szavai szerint az elsz\u00e1moltat\u00e1s k\u00f6z\u00e9ppontj\u00e1ban az igazs\u00e1goss\u00e1g, a m\u00e9lt\u00e1nyoss\u00e1g \u00e9s a tisztess\u00e9g \u00e1ll.<br \/>\n    A minisztereln\u00f6k kor\u00e1bban azt mondta, a bankok elsz\u00e1mol\u00e1s\u00e1nak v\u00e9g\u00e9n \u00e1tlagosan egyharmaddal biztosan cs\u00f6kkenni fog az ad\u00f3sok fennmarad\u00f3 hiteleinek t\u00f6rleszt\u0151r\u00e9szlete. A parlament el\u0151tt l\u00e9v\u0151 el\u0151terjeszt\u00e9s alapj\u00e1n a p\u00e9nz\u00fcgyi int\u00e9zm\u00e9nyeknek el kell sz\u00e1molniuk fogyaszt\u00f3ikkal a m\u00faltbeli t\u00falfizet\u00e9seket, a kisz\u00e1m\u00edt\u00e1si \u00e9s elsz\u00e1mol\u00e1si m\u00f3dszertan r\u00e9szletszab\u00e1lyainak meg\u00e1llap\u00edt\u00e1s\u00e1t ugyanakkor a Magyar Nemzeti Bank (MNB) kompetenci\u00e1j\u00e1ba utalja.<br \/>\n    Rog\u00e1n Antal, a Fidesz frakci\u00f3vezet\u0151je legut\u00f3bbi r\u00e1di\u00f3interj\u00faj\u00e1ban azt mondta, a bankok elsz\u00e1moltat\u00e1sa ut\u00e1n a ciklus m\u00e1sodik fel\u00e9ig t\u00f6rt\u00e9nhet meg a devizahitelek forintos\u00edt\u00e1sa.<br \/>\n    A H\u00e1z ugyancsak szerd\u00e1n szavazhat h\u00e1rom, a korm\u00e1nyp\u00e1rtok \u00e1ltal jel\u00f6lt alkotm\u00e1nyb\u00edr\u00f3-jel\u00f6ltr\u0151l: Czine \u00c1gnesr\u0151l, Sulyok Tam\u00e1sr\u00f3l \u00e9s Varga Zs. Andr\u00e1sr\u00f3l. Guly\u00e1s Gergely, a jel\u00f6l\u0151bizotts\u00e1g fideszes eln\u00f6ke azt mondta, mindh\u00e1rom jel\u00f6lt rendelkezik tudom\u00e1nyos fokozattal, a gyakorlati mellett tudom\u00e1nyos munk\u00e1t is v\u00e9geznek \u00e9s sosem folytattak p\u00e1rtpolitikai tev\u00e9kenys\u00e9get.<br \/>\n    Ezeken t\u00fal z\u00e1r\u00f3szavaz\u00e1s v\u00e1rhat\u00f3 a k\u00f6lts\u00e9gvet\u00e9si tervez\u00e9ssel kapcsolatos, valamint a p\u00e9nzpiaci \u00e9s a k\u00f6z\u00fczemi szolg\u00e1ltat\u00e1sok hat\u00e9konyabb\u00e1 t\u00e9tel\u00e9t c\u00e9lz\u00f3 el\u0151terjeszt\u00e9sr\u0151l, amelyben L\u00e1z\u00e1r J\u00e1nos Minisztereln\u00f6ks\u00e9get vezet\u0151 miniszter egyebek mellett azt kezdem\u00e9nyezi, hogy a korm\u00e1nynak a v\u00e1laszt\u00e1sok \u00e9v\u00e9ben az eddigi gyakorlathoz k\u00e9pest k\u00e9t h\u00e9ttel k\u00e9s\u0151bb, okt\u00f3ber v\u00e9g\u00e9ig kelljen beny\u00fajtania a k\u00f6vetkez\u0151 \u00e9v k\u00f6lts\u00e9gvet\u00e9s\u00e9r\u0151l sz\u00f3l\u00f3 javaslat\u00e1t.<br \/>\n    A k\u00e9pvisel\u0151k megt\u00e1rgyalhatj\u00e1k, majd r\u00f6gt\u00f6n el is fogadhatj\u00e1k K\u00f6v\u00e9r L\u00e1szl\u00f3 h\u00e1zeln\u00f6k \u00e9s Cs\u00facs L\u00e1szl\u00f3n\u00e9 lengyel parlamenti sz\u00f3sz\u00f3l\u00f3 azon hat\u00e1rozati javaslat\u00e1t, amely Henryk Slawik \u00e9s id\u0151sebb Antall J\u00f3zsef II. vil\u00e1gh\u00e1bor\u00faban kifejtett h\u0151siess\u00e9g\u00e9re eml\u00e9keztet. Az Orsz\u00e1ggy\u0171l\u00e9s, a lengyel szen\u00e1tussal k\u00f6z\u00f6s hat\u00e1rozat\u00e1val Henryk Slawik hal\u00e1l\u00e1nak hetvenedik, id\u0151sebb Antall J\u00f3zsef hal\u00e1l\u00e1nak pedig negyvenedik \u00e9vfordul\u00f3j\u00e1ra k\u00edv\u00e1nja felh\u00edvni a figyelmet.<br \/>\n    Az el\u0151zetes napirend alapj\u00e1n p\u00e9nteken n\u00e9gy\u00f3r\u00e1s id\u0151kerettel \u00edrhatj\u00e1k ki azt a politikai vitanapot, amelyet az LMP kezdem\u00e9nyezett a paksi b\u0151v\u00edt\u00e9ssel kapcsolatban m\u00e9g j\u00faniusban. Az ellenz\u00e9ki p\u00e1rt akkor azt k\u00f6z\u00f6lte, kezdem\u00e9nyez\u00e9s\u00e9t\u0151l azt v\u00e1rja, hogy a vitanap \u00faj lend\u00fcletet adjon a &#8222;korm\u00e1ny \u00e1ltal eltitkolt meg\u00e1llapod\u00e1sok \u00e9s tanulm\u00e1nyok nyilv\u00e1noss\u00e1gra hozatal\u00e1nak&#8221;.(MTI)<\/p>\n","protected":false},"excerpt":{"rendered":"<p>A megszokott\u00f3l elt\u00e9r\u0151en szerd\u00e1n \u00e9s p\u00e9nteken \u00fcl\u00e9sezik az Orsz\u00e1ggy\u0171l\u00e9s a j\u00f6v\u0151 h\u00e9ten. A k\u00e9pvisel\u0151k a h\u00e9t k\u00f6zep\u00e9n elfogadhatj\u00e1k a bankok elsz\u00e1moltat\u00e1s\u00e1r\u00f3l sz\u00f3l\u00f3 korm\u00e1nyzati t\u00f6rv\u00e9nyjavaslatot, amelynek eredm\u00e9nyek\u00e9nt a kabinet sz\u00e1m\u00edt\u00e1sai szerint \u00e1tlagosan ak\u00e1r harmad\u00e1val is cs\u00f6kkenhetnek a devizahitelesek t\u00f6rleszt\u0151r\u00e9szletei. A parlament emellett szerd\u00e1n \u00faj alkotm\u00e1nyb\u00edr\u00e1kat is v\u00e1laszthat, m\u00edg p\u00e9nteken a paksi b\u0151v\u00edt\u00e9sr\u0151l tarthatnak vit\u00e1t.<\/p>\n","protected":false},"author":1,"featured_media":0,"comment_status":"open","ping_status":"closed","sticky":false,"template":"","format":"standard","meta":[],"categories":[19,112],"tags":[],"_links":{"self":[{"href":"https:\/\/gazdasagportal.hu\/index.php\/wp-json\/wp\/v2\/posts\/45110"}],"collection":[{"href":"https:\/\/gazdasagportal.hu\/index.php\/wp-json\/wp\/v2\/posts"}],"about":[{"href":"https:\/\/gazdasagportal.hu\/index.php\/wp-json\/wp\/v2\/types\/post"}],"author":[{"embeddable":true,"href":"https:\/\/gazdasagportal.hu\/index.php\/wp-json\/wp\/v2\/users\/1"}],"replies":[{"embeddable":true,"href":"https:\/\/gazdasagportal.hu\/index.php\/wp-json\/wp\/v2\/comments?post=45110"}],"version-history":[{"count":1,"href":"https:\/\/gazdasagportal.hu\/index.php\/wp-json\/wp\/v2\/posts\/45110\/revisions"}],"predecessor-version":[{"id":45111,"href":"https:\/\/gazdasagportal.hu\/index.php\/wp-json\/wp\/v2\/posts\/45110\/revisions\/45111"}],"wp:attachment":[{"href":"https:\/\/gazdasagportal.hu\/index.php\/wp-json\/wp\/v2\/media?parent=45110"}],"wp:term":[{"taxonomy":"category","embeddable":true,"href":"https:\/\/gazdasagportal.hu\/index.php\/wp-json\/wp\/v2\/categories?post=45110"},{"taxonomy":"post_tag","embeddable":true,"href":"https:\/\/gazdasagportal.hu\/index.php\/wp-json\/wp\/v2\/tags?post=45110"}],"curies":[{"name":"wp","href":"https:\/\/api.w.org\/{rel}","templated":true}]}}