{"id":45108,"date":"2014-09-21T15:26:53","date_gmt":"2014-09-21T13:26:53","guid":{"rendered":"http:\/\/stockportal.hu\/?p=45108"},"modified":"2014-09-21T13:28:14","modified_gmt":"2014-09-21T11:28:14","slug":"ukran-valsag-a-tuzszunet-ellenere-a-szakadarok-folytatjak-tamadasaikat-az-ukran-fegyveres-erok-ellen","status":"publish","type":"post","link":"https:\/\/gazdasagportal.hu\/index.php\/ukran-valsag-a-tuzszunet-ellenere-a-szakadarok-folytatjak-tamadasaikat-az-ukran-fegyveres-erok-ellen\/","title":{"rendered":"Ukr\u00e1n v\u00e1ls\u00e1g &#8211; A t\u0171zsz\u00fcnet ellen\u00e9re a szakad\u00e1rok folytatj\u00e1k t\u00e1mad\u00e1saikat az ukr\u00e1n fegyveres er\u0151k ellen"},"content":{"rendered":"<p><strong>A t\u0171zsz\u00fcnet ellen\u00e9re tov\u00e1bbra is fesz\u00fclt a helyzet a kelet-ukrajnai hadm\u0171velet \u00f6vezet\u00e9ben, az elm\u00falt egy nap alatt az oroszbar\u00e1t szakad\u00e1rok Donyeck megy\u00e9ben 24 telep\u00fcl\u00e9sn\u00e9l hajtottak v\u00e9gre t\u00fcz\u00e9rs\u00e9gi t\u00e1mad\u00e1st az ukr\u00e1n er\u0151k \u00e1ll\u00e1sai \u00e9s ellen\u0151rz\u0151posztjai ellen &#8211; k\u00f6z\u00f6lte szombaton a &#8222;terrorellenes&#8221; m\u0171velet sajt\u00f3k\u00f6zpontja.<\/strong><!--more--><br \/>\n<div class=\"ads-in-post1\"><div id=\"gazdasagportal.hu_fullbanner_wideboard\"><\/div>\r\n<\/div>\n<p>    A k\u00f6zlem\u00e9ny szerint a Luhanszk megyei Makarov telep\u00fcl\u00e9sn\u00e9l aknavet\u0151kkel \u00e9s Grad rak\u00e9ta-sorozatvet\u0151kkel l\u0151tt\u00e9k az ukr\u00e1n er\u0151k \u00e1ll\u00e1sait. A donyecki rep\u00fcl\u0151t\u00e9ren l\u00e9v\u0151 ukr\u00e1n katonai \u00e1ll\u00e1sok ellen is tov\u00e1bb folyat\u00f3dnak a szeparatist\u00e1k t\u00e1mad\u00e1sai.<br \/>\n    V\u00e1laszul a &#8222;terrorellenes&#8221; er\u0151k &#8222;megsemmis\u00edtettek&#8221; az elm\u00falt 24 \u00f3r\u00e1ban \u00f6sszesen 40 szakad\u00e1r fegyverest, egy Grad rak\u00e9ta-sorozatvet\u0151t \u00e9s k\u00e9t \u00e1gy\u00fat. A hadm\u0171veleti parancsnoks\u00e1g hangs\u00falyozta, hogy az ukr\u00e1n korm\u00e1nyer\u0151k tartj\u00e1k magukat a t\u0171zsz\u00fcnethez, \u00e9s csak az \u00e1ll\u00e1saik elleni t\u00e1mad\u00e1sokra v\u00e1laszolnak, \u00e9s k\u00e9szek betartani a szombati minszki egyezs\u00e9get.<br \/>\n    El\u0151z\u0151 nap az ukr\u00e1n korm\u00e1nyzat, az oroszbar\u00e1t szakad\u00e1rok \u00e9s Oroszorsz\u00e1g k\u00e9pvisel\u0151inek \u00fajabb minszki tal\u00e1lkoz\u00f3j\u00e1n meg\u00e1llapod\u00e1s sz\u00fcletett arr\u00f3l, hogy a neh\u00e9zfegyverek kivon\u00e1s\u00e1val egy 30 kilom\u00e9teres fegyvermentes\u00edtett \u00f6vezetet hoznak l\u00e9tre a t\u00e9rs\u00e9gben. Az \u00fctk\u00f6z\u0151z\u00f3na f\u0151 rendeltet\u00e9se az, hogy elv\u00e1lassza egym\u00e1st\u00f3l a szeparatista fegyvereseket \u00e9s a korm\u00e1nyer\u0151ket.<br \/>\n    A meg\u00e1llapod\u00e1s annak \u00e9rdek\u00e9ben sz\u00fcletett, hogy megsz\u0171njenek a szeptember 5-\u00e9n k\u00f6t\u00f6tt t\u0171zsz\u00fcneti egyezm\u00e9ny megs\u00e9rt\u00e9sei, \u00e9s biztos\u00edts\u00e1k a fegyvernyugv\u00e1s tart\u00f3ss\u00e1g\u00e1t.<br \/>\n    K\u00f6zben a donyecki v\u00e1rosvezet\u00e9s k\u00f6zz\u00e9tette, hogy vas\u00e1rnapra virrad\u00f3ra egy t\u00fcz\u00e9rs\u00e9gi t\u00e1mad\u00e1sban k\u00e9t civil szenvedett repeszekt\u0151l s\u00e9r\u00fcl\u00e9seket.<br \/>\n    M\u00e9diajelent\u00e9sek szerint a h\u00e9tv\u00e9g\u00e9n imm\u00e1r a harmadik orosz, \u00fagynevezett seg\u00e9lykonvoj hatolt be enged\u00e9ly n\u00e9lk\u00fcl Oroszorsz\u00e1gb\u00f3l Ukrajn\u00e1ba. A mintegy 200 Kamaz teheraut\u00f3b\u00f3l \u00e1ll\u00f3 j\u00e1rm\u0171oszlop szombaton l\u00e9pte \u00e1t a hat\u00e1rt \u00e9s m\u00e1r vissza is t\u00e9rt orosz ter\u00fcletre. A teheraut\u00f3k Moszkva \u00e1ll\u00edt\u00e1sa szerint seg\u00e9lyt sz\u00e1ll\u00edtottak a harcok s\u00fajtotta Donyec-medencei telep\u00fcl\u00e9sek lak\u00f3inak. Az ukr\u00e1n biztons\u00e1gi szolg\u00e1lat (SZBU) el\u0151z\u0151 nap k\u00f6z\u00f6lte, hogy Ukrajna semmilyen hivatalos dokumentumot nem kapott a seg\u00e9lysz\u00e1ll\u00edtm\u00e1ny tartalm\u00e1r\u00f3l \u00e9s a konvoj \u00fatvonal\u00e1r\u00f3l.<br \/>\n    Az els\u0151, mintegy 280, feh\u00e9rre festett Kamazb\u00f3l \u00e1ll\u00f3 orosz seg\u00e9lykonvoj augusztus 22-\u00e9n hatolt be a szakad\u00e1rok ellen\u0151rz\u00e9se alatt \u00e1ll\u00f3 izvarinei \u00e1tkel\u0151n\u00e9l Ukrajna ter\u00fclet\u00e9re, nem v\u00e1rva meg, m\u00edg az ukr\u00e1n v\u00e1mosok \u00e9s hat\u00e1r\u0151r\u00f6k befejezik a sz\u00e1ll\u00edtm\u00e1ny ellen\u0151rz\u00e9s\u00e9t, \u00e9s a bel\u00e9p\u00e9s enged\u00e9lyez\u00e9s\u00e9t. A m\u00e1sodik, 216 teheraut\u00f3b\u00f3l \u00e1ll\u00f3 konvoj szeptember 13-\u00e1n l\u00e9pte \u00e1t az ukr\u00e1n hat\u00e1rt szint\u00e9n a szeparatist\u00e1k \u00e1ltal ellen\u0151rz\u00f6tt ter\u00fcleten.<br \/>\n    Nem meger\u0151s\u00edtett kijevi felt\u00e9telez\u00e9sek szerint a seg\u00e9lykonvojok ukr\u00e1n hadi\u00fczemekb\u0151l vittek el gy\u00e1rt\u00f3sorokat, valamint a harcokban elesett orosz katon\u00e1k holttesteit sz\u00e1ll\u00edtj\u00e1k vissza Oroszorsz\u00e1gba. Moszkva tov\u00e1bbra sem ismeri el, hogy harcolnak \u00e1llom\u00e1nyban l\u00e9v\u0151 orosz katon\u00e1k a kelet-ukrajnai szakad\u00e1rok oldal\u00e1n, ugyanakkor az orosz m\u00e9dia is k\u00f6z\u00f6lt olyan h\u00edreket, amelyek szerint Voronyezsben, Pszkovban \u00e9s m\u00e1s oroszorsz\u00e1gi telep\u00fcl\u00e9seken \u00e1ll\u00edt\u00f3lag titokban temettek el Ukrajn\u00e1ban elesett orosz katon\u00e1kat.<br \/>\n    A kijevi k\u00fcl\u00fcgyminiszt\u00e9rium felsz\u00f3l\u00edtotta Moszkv\u00e1t, hogy hagyjon fel a seg\u00e9lykonvojokkal val\u00f3 provok\u00e1ci\u00f3kkal.<br \/>\n    Az ukr\u00e1n korm\u00e1ny ek\u00f6zben \u00fajabb 235 milli\u00f3 hrivny\u00e1t, azaz mintegy 4,7 milli\u00e1rd forintot k\u00fcl\u00f6n\u00edtett el az Ukrajn\u00e1nak ny\u00fajtott eur\u00f3pai uni\u00f3s forr\u00e1sokb\u00f3l az orosz hat\u00e1r fallal t\u00f6rt\u00e9n\u0151 elker\u00edt\u00e9s\u00e9re. Kor\u00e1bban szeptember 12-\u00e9n m\u00e1r 100 milli\u00f3 hrivny\u00e1t, k\u00f6r\u00fclbel\u00fcl k\u00e9t milli\u00e1rd forintot m\u00e1r el\u0151ir\u00e1nyzott Kijev az ukr\u00e1n-orosz hat\u00e1rv\u00e9delem er\u0151s\u00edt\u00e9s\u00e9re.(MTI)<\/p>\n","protected":false},"excerpt":{"rendered":"<p>A t\u0171zsz\u00fcnet ellen\u00e9re tov\u00e1bbra is fesz\u00fclt a helyzet a kelet-ukrajnai hadm\u0171velet \u00f6vezet\u00e9ben, az elm\u00falt egy nap alatt az oroszbar\u00e1t szakad\u00e1rok Donyeck megy\u00e9ben 24 telep\u00fcl\u00e9sn\u00e9l hajtottak v\u00e9gre t\u00fcz\u00e9rs\u00e9gi t\u00e1mad\u00e1st az ukr\u00e1n er\u0151k \u00e1ll\u00e1sai \u00e9s ellen\u0151rz\u0151posztjai ellen &#8211; k\u00f6z\u00f6lte szombaton a &#8222;terrorellenes&#8221; m\u0171velet sajt\u00f3k\u00f6zpontja.<\/p>\n","protected":false},"author":1,"featured_media":0,"comment_status":"open","ping_status":"closed","sticky":false,"template":"","format":"standard","meta":[],"categories":[139],"tags":[],"_links":{"self":[{"href":"https:\/\/gazdasagportal.hu\/index.php\/wp-json\/wp\/v2\/posts\/45108"}],"collection":[{"href":"https:\/\/gazdasagportal.hu\/index.php\/wp-json\/wp\/v2\/posts"}],"about":[{"href":"https:\/\/gazdasagportal.hu\/index.php\/wp-json\/wp\/v2\/types\/post"}],"author":[{"embeddable":true,"href":"https:\/\/gazdasagportal.hu\/index.php\/wp-json\/wp\/v2\/users\/1"}],"replies":[{"embeddable":true,"href":"https:\/\/gazdasagportal.hu\/index.php\/wp-json\/wp\/v2\/comments?post=45108"}],"version-history":[{"count":1,"href":"https:\/\/gazdasagportal.hu\/index.php\/wp-json\/wp\/v2\/posts\/45108\/revisions"}],"predecessor-version":[{"id":45109,"href":"https:\/\/gazdasagportal.hu\/index.php\/wp-json\/wp\/v2\/posts\/45108\/revisions\/45109"}],"wp:attachment":[{"href":"https:\/\/gazdasagportal.hu\/index.php\/wp-json\/wp\/v2\/media?parent=45108"}],"wp:term":[{"taxonomy":"category","embeddable":true,"href":"https:\/\/gazdasagportal.hu\/index.php\/wp-json\/wp\/v2\/categories?post=45108"},{"taxonomy":"post_tag","embeddable":true,"href":"https:\/\/gazdasagportal.hu\/index.php\/wp-json\/wp\/v2\/tags?post=45108"}],"curies":[{"name":"wp","href":"https:\/\/api.w.org\/{rel}","templated":true}]}}