{"id":45016,"date":"2014-09-19T13:12:36","date_gmt":"2014-09-19T11:12:36","guid":{"rendered":"http:\/\/stockportal.hu\/?p=45016"},"modified":"2014-09-19T13:12:36","modified_gmt":"2014-09-19T11:12:36","slug":"szijjarto-petert-javasolja-kulugyminiszternek-orban-viktor","status":"publish","type":"post","link":"https:\/\/gazdasagportal.hu\/index.php\/szijjarto-petert-javasolja-kulugyminiszternek-orban-viktor\/","title":{"rendered":"Szijj\u00e1rt\u00f3 P\u00e9tert javasolja k\u00fcl\u00fcgyminiszternek Orb\u00e1n Viktor"},"content":{"rendered":"<p><strong>Szijj\u00e1rt\u00f3 P\u00e9tert, a t\u00e1rca eddigi parlamenti \u00e1llamtitk\u00e1r\u00e1t javasolja k\u00fclgazdas\u00e1gi \u00e9s k\u00fcl\u00fcgyminiszternek kinevezni Orb\u00e1n Viktor minisztereln\u00f6k az \u00e1llamf\u0151nek &#8211; k\u00f6z\u00f6lte Havasi Bertalan, a Minisztereln\u00f6ki Sajt\u00f3iroda vezet\u0151je p\u00e9nteken az MTI-vel.<!--more--><\/strong><br \/>\n<div class=\"ads-in-post1\"><div id=\"gazdasagportal.hu_fullbanner_wideboard\"><\/div>\r\n<\/div>\n<p>Navracsics Tibor, a t\u00e1rca eddigi vezet\u0151je, akit az oktat\u00e1si, kultur\u00e1lis, ifj\u00fas\u00e1gi \u00e9s \u00e1llampolg\u00e1rs\u00e1gi \u00fcgyekkel foglalkoz\u00f3 uni\u00f3s biztosnak jel\u00f6ltek, p\u00e9nteken \u00e9rtes\u00edtette \u00c1der J\u00e1nos k\u00f6zt\u00e1rsas\u00e1gi eln\u00f6k\u00f6t \u00e9s Orb\u00e1n Viktort arr\u00f3l, hogy lemond miniszteri megb\u00edzat\u00e1s\u00e1r\u00f3l az okt\u00f3ber elsejei eur\u00f3pai parlamenti meghallgat\u00e1sra t\u00f6rt\u00e9n\u0151 eredm\u00e9nyes felk\u00e9sz\u00fcl\u00e9se \u00e9rdek\u00e9ben.<br \/>\nA korm\u00e1nyf\u0151 a nap folyam\u00e1n lev\u00e9lben t\u00e1j\u00e9koztatta a k\u00f6zt\u00e1rsas\u00e1gi eln\u00f6k\u00f6t Navracsics Tibor lemond\u00e1s\u00e1r\u00f3l, javasolva \u00c1der J\u00e1nosnak, hogy a megb\u00edzat\u00e1s megsz\u0171n\u00e9s\u00e9nek napj\u00e1t szeptember 22-\u00e9ben \u00e1llap\u00edtsa meg.<br \/>\nOrb\u00e1n Viktor t\u00e1j\u00e9koztatta a k\u00f6zt\u00e1rsas\u00e1gi eln\u00f6k\u00f6t arr\u00f3l is, hogy Szijj\u00e1rt\u00f3 P\u00e9ter lemondott \u00e1llamtitk\u00e1ri megb\u00edzat\u00e1s\u00e1r\u00f3l. A megb\u00edzat\u00e1s megsz\u0171n\u00e9s\u00e9nek napj\u00e1t az \u0151 eset\u00e9ben is j\u00f6v\u0151 h\u00e9tf\u0151ben ind\u00edtv\u00e1nyozza meg\u00e1llap\u00edtani &#8211; der\u00fcl ki azokb\u00f3l a dokumentumokb\u00f3l, amelyeket Havasi Bertalan bocs\u00e1tott az MTI rendelkez\u00e9s\u00e9re.<br \/>\nA minisztereln\u00f6k levelet \u00edrt K\u00f6v\u00e9r L\u00e1szl\u00f3nak, az Orsz\u00e1ggy\u0171l\u00e9s eln\u00f6k\u00e9nek is, tudatva, hogy javaslatot k\u00edv\u00e1n tenni a k\u00f6zt\u00e1rsas\u00e1gi eln\u00f6knek Szijj\u00e1rt\u00f3 P\u00e9ter kinevez\u00e9s\u00e9re k\u00fclgazdas\u00e1gi \u00e9s k\u00fcl\u00fcgyminiszterr\u00e9, \u00e9s k\u00e9ri a h\u00e1zeln\u00f6k int\u00e9zked\u00e9s\u00e9t az \u00fcgyben, hogy az illet\u00e9kes bizotts\u00e1gok meghallgass\u00e1k jel\u00f6ltj\u00e9t.(MTI)<\/p>\n","protected":false},"excerpt":{"rendered":"<p>Szijj\u00e1rt\u00f3 P\u00e9tert, a t\u00e1rca eddigi parlamenti \u00e1llamtitk\u00e1r\u00e1t javasolja k\u00fclgazdas\u00e1gi \u00e9s k\u00fcl\u00fcgyminiszternek kinevezni Orb\u00e1n Viktor minisztereln\u00f6k az \u00e1llamf\u0151nek &#8211; k\u00f6z\u00f6lte Havasi Bertalan, a Minisztereln\u00f6ki Sajt\u00f3iroda vezet\u0151je p\u00e9nteken az MTI-vel.<\/p>\n","protected":false},"author":1,"featured_media":0,"comment_status":"open","ping_status":"closed","sticky":false,"template":"","format":"standard","meta":[],"categories":[18],"tags":[],"_links":{"self":[{"href":"https:\/\/gazdasagportal.hu\/index.php\/wp-json\/wp\/v2\/posts\/45016"}],"collection":[{"href":"https:\/\/gazdasagportal.hu\/index.php\/wp-json\/wp\/v2\/posts"}],"about":[{"href":"https:\/\/gazdasagportal.hu\/index.php\/wp-json\/wp\/v2\/types\/post"}],"author":[{"embeddable":true,"href":"https:\/\/gazdasagportal.hu\/index.php\/wp-json\/wp\/v2\/users\/1"}],"replies":[{"embeddable":true,"href":"https:\/\/gazdasagportal.hu\/index.php\/wp-json\/wp\/v2\/comments?post=45016"}],"version-history":[{"count":1,"href":"https:\/\/gazdasagportal.hu\/index.php\/wp-json\/wp\/v2\/posts\/45016\/revisions"}],"predecessor-version":[{"id":45017,"href":"https:\/\/gazdasagportal.hu\/index.php\/wp-json\/wp\/v2\/posts\/45016\/revisions\/45017"}],"wp:attachment":[{"href":"https:\/\/gazdasagportal.hu\/index.php\/wp-json\/wp\/v2\/media?parent=45016"}],"wp:term":[{"taxonomy":"category","embeddable":true,"href":"https:\/\/gazdasagportal.hu\/index.php\/wp-json\/wp\/v2\/categories?post=45016"},{"taxonomy":"post_tag","embeddable":true,"href":"https:\/\/gazdasagportal.hu\/index.php\/wp-json\/wp\/v2\/tags?post=45016"}],"curies":[{"name":"wp","href":"https:\/\/api.w.org\/{rel}","templated":true}]}}